{"id":7470,"date":"2023-02-24T13:28:48","date_gmt":"2023-02-24T13:28:48","guid":{"rendered":"https:\/\/dekkbi.com\/?p=7470"},"modified":"2023-02-24T13:28:49","modified_gmt":"2023-02-24T13:28:49","slug":"baisse-du-prix-du-loyer-en-mars-fofana-donne-sa-caution","status":"publish","type":"post","link":"https:\/\/dekkbi.com\/?p=7470","title":{"rendered":"Baisse du prix du loyer en mars: Fofana donne sa caution"},"content":{"rendered":"\n<p><strong>La mesure de baisse du loyer sera effective \u00e0 partir du mois de mars. Le ministre du Commerce, de la consommation et des Pme en a donn\u00e9 l\u2019assurance hier, en marge du Salon de la construction, de la finition de l\u2019infrastructure (Sencon).<\/strong><\/p>\n\n\n\n<p><\/p>\n\n\n\n<p><strong>Par Alioune Badara NDIAYE\u00a0 (Correspondant) \u2013\u00a0<\/strong>\u00abLa baisse des prix du loyer est pr\u00e9vue pour le 1er mars 2023. Il y a une semaine, un d\u00e9cret a \u00e9t\u00e9 pris \u00e0 Thi\u00e8s pour consacrer cette baisse du loyer et nous sommes en train de travailler sur la campagne de communication, mais aussi la mise en place de la Com\u00admission nationale de r\u00e9gulation des loyers\u00bb, a indiqu\u00e9 Abdou Karim Fofana, en marge de l\u2019ouverture du Salon de la construction, de la finition de l\u2019infrastructure (Sencon). Il a assur\u00e9 que ladite Commission nationale est un outil de proximit\u00e9 qui va permettre aux parties de disposer d\u2019un organe de r\u00e8glement des diff\u00e9rends. \u00abNous sommes tr\u00e8s avanc\u00e9s sur le processus et mercredi prochain, ce sera le 1er mars, date de la mise en application de cette d\u00e9cision pr\u00e9sidentielle\u00bb, a-t-il encore r\u00e9it\u00e9r\u00e9 \u00e0 ce propos.<\/p>\n\n\n\n<p><br>Le Sencon en est \u00e0 sa 8e \u00e9dition. Apr\u00e8s les six premi\u00e8res \u00e9ditions consacr\u00e9es \u00e0 la construction, la finition de l\u2019infrastructure, il s\u2019est \u00e9largi \u00e0 l\u2019automobile lors de la 7\u00e8me, et d\u00e9sormais, \u00e0 la climatisation et la r\u00e9frig\u00e9ration \u00e0 partir de cette pr\u00e9sente \u00e9dition. Un indicateur du dynamisme de l\u2019\u00e9conomie de notre pays, en d\u00e9duit le ministre Abdou Karim Fofana, qui a pr\u00e9sid\u00e9 l\u2019ouverture de l\u2019\u00e9v\u00e9nement qui se tient entre le 23 et le 25 f\u00e9vrier.<\/p>\n\n\n\n<p><br>\u00abIl y a quelques ann\u00e9es, c\u2019\u00e9tait juste un salon de la construction, maintenant c\u2019est devenu un salon de la construction, des pi\u00e8ces de v\u00e9hicules et aussi un salon d\u00e9di\u00e9 \u00e0 la climatisation et \u00e0 la r\u00e9frig\u00e9ration\u00bb, a-t-il indiqu\u00e9.<\/p>\n\n\n\n<p><br>Le secteur de la construction a \u00e9t\u00e9 la locomotive avec des organisations r\u00e9guli\u00e8res depuis 8 ans. S\u2019y est greff\u00e9 le secteur de l\u2019automobile\u00a0 et des accessoires (Senauto) depuis la derni\u00e8re \u00e9dition (2022) et \u00e0 partir de cette ann\u00e9e, la climatisation. \u00abIl y avait 120 participants lors de la derni\u00e8re \u00e9dition, cette ann\u00e9e, on en est \u00e0 170 avec des participations institutionnelles, de pays comme la France, la Turquie, l\u2019Italie avec 22 entreprises, le Portugal avec 10 entreprises\u00bb, a not\u00e9 le ministre, convaincu que ceci t\u00e9moigne du dynamisme de l\u2019\u00e9conomie du pays. \u00abDonc c\u2019est un grand moment de rencontre avec toutes ces opportunit\u00e9s qui prouvent aussi que l\u2019\u00e9conomie s\u00e9n\u00e9galaise cro\u00eet\u00bb, a-t-il estim\u00e9.<\/p>\n\n\n\n<p><br>Le processus enclench\u00e9 devrait aboutir sur le long terme \u00e0 l\u2019organisation des salons de mani\u00e8re \u00e9clat\u00e9e.<br>\u00abOn essaie de rajouter cha\u00adque fois de nouveaux secteurs. Dans le temps, nous allons les organiser s\u00e9par\u00e9ment. Notre but est de faire du\u00a0S\u00e9n\u00e9gal un hub pour les \u00e9v\u00e8nements\u00bb, pr\u00e9cise Davut Uygur, directeur du salon.<\/p>\n\n\n\n<p><br>\u00abOn veut d\u00e9velopper de telle sorte que chaque ann\u00e9e, on puisse tenir jusqu\u2019\u00e0 six salons dans ce centre qui est une r\u00e9f\u00e9rence mondiale, en termes de qualit\u00e9. Nous comptons l\u2019investir de plus en plus pour montrer aux S\u00e9n\u00e9galais des produits qui viennent de l\u2019\u00e9tranger et dans lesquels ils peuvent avoir des partenariats\u00bb, a rembobin\u00e9 Modibo Diop, organisateur du salon. Les perspectives, selon lui, c\u2019est d\u2019investir dans d\u2019autres secteurs. Et de citer l\u2019agriculture et l\u2019emballage des produits industriels comme domaines qui seront pris en compte. Au-del\u00e0 des expositions, neuf conf\u00e9rences sur les th\u00e8mes des Btp vont avoir lieu in situ, lors des trois jours d\u00e9di\u00e9s au Sencon.<\/p>\n\n\n\n<p><br><strong>abndiaye@lequotidien.sn<\/strong><\/p>\n","protected":false},"excerpt":{"rendered":"<p>La mesure de baisse du loyer sera effective \u00e0 partir du mois de mars. Le ministre du Commerce, de la<\/p>\n","protected":false},"author":1,"featured_media":6959,"comment_status":"open","ping_status":"open","sticky":false,"template":"","format":"standard","meta":{"footnotes":""},"categories":[3],"tags":[],"class_list":["post-7470","post","type-post","status-publish","format-standard","has-post-thumbnail","hentry","category-event-more-news"],"_links":{"self":[{"href":"https:\/\/dekkbi.com\/index.php?rest_route=\/wp\/v2\/posts\/7470","targetHints":{"allow":["GET"]}}],"collection":[{"href":"https:\/\/dekkbi.com\/index.php?rest_route=\/wp\/v2\/posts"}],"about":[{"href":"https:\/\/dekkbi.com\/index.php?rest_route=\/wp\/v2\/types\/post"}],"author":[{"embeddable":true,"href":"https:\/\/dekkbi.com\/index.php?rest_route=\/wp\/v2\/users\/1"}],"replies":[{"embeddable":true,"href":"https:\/\/dekkbi.com\/index.php?rest_route=%2Fwp%2Fv2%2Fcomments&post=7470"}],"version-history":[{"count":1,"href":"https:\/\/dekkbi.com\/index.php?rest_route=\/wp\/v2\/posts\/7470\/revisions"}],"predecessor-version":[{"id":7471,"href":"https:\/\/dekkbi.com\/index.php?rest_route=\/wp\/v2\/posts\/7470\/revisions\/7471"}],"wp:featuredmedia":[{"embeddable":true,"href":"https:\/\/dekkbi.com\/index.php?rest_route=\/wp\/v2\/media\/6959"}],"wp:attachment":[{"href":"https:\/\/dekkbi.com\/index.php?rest_route=%2Fwp%2Fv2%2Fmedia&parent=7470"}],"wp:term":[{"taxonomy":"category","embeddable":true,"href":"https:\/\/dekkbi.com\/index.php?rest_route=%2Fwp%2Fv2%2Fcategories&post=7470"},{"taxonomy":"post_tag","embeddable":true,"href":"https:\/\/dekkbi.com\/index.php?rest_route=%2Fwp%2Fv2%2Ftags&post=7470"}],"curies":[{"name":"wp","href":"https:\/\/api.w.org\/{rel}","templated":true}]}}