{"id":7459,"date":"2023-02-24T13:01:57","date_gmt":"2023-02-24T13:01:57","guid":{"rendered":"https:\/\/dekkbi.com\/?p=7459"},"modified":"2023-02-24T13:03:49","modified_gmt":"2023-02-24T13:03:49","slug":"vol-de-vaches-farba-senghor-fait-condamner-son-berger","status":"publish","type":"post","link":"https:\/\/dekkbi.com\/?p=7459","title":{"rendered":"Vol de vaches: Farba Senghor fait condamner son berger"},"content":{"rendered":"\n<p>Le berger Yoro Ba a \u00e9t\u00e9 attrait \u00e0 la barre du Tribunal de grande instance de Tamba par l\u2019ancien ministre Farba Senghor pour abus de confiance portant sur 23 t\u00eates de vaches. \u00c0 l\u2019issue du d\u00e9lib\u00e9r\u00e9, le berger a \u00e9t\u00e9 condamn\u00e9 \u00e0 6 mois de prison ferme. Il devra allouer 20 millions de FCFA \u00e0 Farba Senghor.<\/p>\n\n\n\n<p>Il ressort des \u00e9l\u00e9ments de l\u2019enqu\u00eate que les faits remontent \u00e0 2020, lorsque l\u2019ancien ministre avait confi\u00e9 un troupeau de 23 t\u00eates de vaches au sieur Bagua Ndao. Selon Les \u00c9chos, non content de la gestion de ce dernier, Farba Senghor envoie des \u00e9missaires pour faire l\u2019\u00e9tat des lieux. Apr\u00e8s d\u00e9compte des 23 b\u0153ufs, il revient pour confier la gestion du troupeau au berger Yoro B\u00e2. Curieusement, 3 ans apr\u00e8s, le berger s\u2019est retrouv\u00e9 avec 9 vaches, d\u00e9clarant que les 14 autres t\u00eates \u00e9taient mortes.<\/p>\n\n\n\n<p>Farba Senghor a finalement intent\u00e9 une action en Justice. Arr\u00eat\u00e9 et d\u00e9f\u00e9r\u00e9 au Parquet de Tamba, le berger a \u00e9t\u00e9 plac\u00e9 sous mandat de d\u00e9p\u00f4t. Lors de son jugement, mercredi dernier, le Procureur Aliou Dia sollicite du tribunal de d\u00e9clarer le berger coupable d\u2019abus de confiance, et pour la r\u00e9pression, le condamne \u00e0 6 mois de prison ferme.<\/p>\n\n\n\n<p>Thieydakar<\/p>\n","protected":false},"excerpt":{"rendered":"<p>Le berger Yoro Ba a \u00e9t\u00e9 attrait \u00e0 la barre du Tribunal de grande instance de Tamba par l\u2019ancien ministre<\/p>\n","protected":false},"author":1,"featured_media":7460,"comment_status":"open","ping_status":"open","sticky":false,"template":"","format":"standard","meta":{"footnotes":""},"categories":[26],"tags":[],"class_list":["post-7459","post","type-post","status-publish","format-standard","has-post-thumbnail","hentry","category-fait-divers"],"_links":{"self":[{"href":"https:\/\/dekkbi.com\/index.php?rest_route=\/wp\/v2\/posts\/7459","targetHints":{"allow":["GET"]}}],"collection":[{"href":"https:\/\/dekkbi.com\/index.php?rest_route=\/wp\/v2\/posts"}],"about":[{"href":"https:\/\/dekkbi.com\/index.php?rest_route=\/wp\/v2\/types\/post"}],"author":[{"embeddable":true,"href":"https:\/\/dekkbi.com\/index.php?rest_route=\/wp\/v2\/users\/1"}],"replies":[{"embeddable":true,"href":"https:\/\/dekkbi.com\/index.php?rest_route=%2Fwp%2Fv2%2Fcomments&post=7459"}],"version-history":[{"count":2,"href":"https:\/\/dekkbi.com\/index.php?rest_route=\/wp\/v2\/posts\/7459\/revisions"}],"predecessor-version":[{"id":7463,"href":"https:\/\/dekkbi.com\/index.php?rest_route=\/wp\/v2\/posts\/7459\/revisions\/7463"}],"wp:featuredmedia":[{"embeddable":true,"href":"https:\/\/dekkbi.com\/index.php?rest_route=\/wp\/v2\/media\/7460"}],"wp:attachment":[{"href":"https:\/\/dekkbi.com\/index.php?rest_route=%2Fwp%2Fv2%2Fmedia&parent=7459"}],"wp:term":[{"taxonomy":"category","embeddable":true,"href":"https:\/\/dekkbi.com\/index.php?rest_route=%2Fwp%2Fv2%2Fcategories&post=7459"},{"taxonomy":"post_tag","embeddable":true,"href":"https:\/\/dekkbi.com\/index.php?rest_route=%2Fwp%2Fv2%2Ftags&post=7459"}],"curies":[{"name":"wp","href":"https:\/\/api.w.org\/{rel}","templated":true}]}}