{"id":7451,"date":"2023-02-24T12:49:04","date_gmt":"2023-02-24T12:49:04","guid":{"rendered":"https:\/\/dekkbi.com\/?p=7451"},"modified":"2023-02-24T12:49:04","modified_gmt":"2023-02-24T12:49:04","slug":"retard-de-la-revision-exceptionnelle-des-listes-flou-autour-des-candidatures-le-processus-electoral-est-il-sous-le-coude","status":"publish","type":"post","link":"https:\/\/dekkbi.com\/?p=7451","title":{"rendered":"Retard de la r\u00e9vision exceptionnelle des listes, flou autour des candidatures: Le processus \u00e9lectoral est-il sous le coude ?"},"content":{"rendered":"\n<h3 class=\"wp-block-heading\">La d\u00e9mocratie s\u00e9n\u00e9galaise est dans un tournant assez in\u00e9dit. A douze mois et deux jours de la pr\u00e9sidentielle de 2024, le processus \u00e9lectoral est toujours au point mort. Et pour cause, le pr\u00e9sident de la R\u00e9publique qui devait donner le top d\u00e9part du d\u00e9marrage de ce processus \u00e9lectoral, par la signature du d\u00e9cret portant r\u00e9vision exceptionnelle des listes \u00e9lectorales, en vue de ce scrutin du 25 f\u00e9vrier 2024 prochain, ne semble pas press\u00e9.<\/h3>\n\n\n\n<p>Cons\u00e9quence, pr\u00e8s d\u2019une semaine apr\u00e8s le communiqu\u00e9 du minist\u00e8re de l\u2019Int\u00e9rieur, informant \u00ab&nbsp;<em>les citoyens s\u00e9n\u00e9galais et les acteurs politiques que la date de la prochaine \u00e9lection pr\u00e9sidentielle est fix\u00e9e au dimanche 25 f\u00e9vrier 2024 par d\u00e9cret N\u00b02023-339 en date du 16 f\u00e9vrier 2023&nbsp;<\/em>\u00bb, rien ne bouge sur le terrain du c\u00f4t\u00e9 de l\u2019administration, nonobstant les d\u00e9lais qui se r\u00e9tr\u00e9cissent de plus en plus.<\/p>\n\n\n\n<p>La r\u00e9vision exceptionnelle des listes \u00e9lectorales annonc\u00e9e par le ministre de l\u2019Int\u00e9rieur, Antoine F\u00e9lix Abdoulaye Diome, en pr\u00e9lude \u00e0 cette \u00e9lection pr\u00e9sidentielle de 2024, est aujourd\u2019hui suspendue \u00e0 ce d\u00e9cret que devait signer le Pr\u00e9sident Macky Sall qui, avait d\u00e9j\u00e0 accus\u00e9 beaucoup de temps dans la signature du d\u00e9cret fixant la date de cette \u00e9lection pr\u00e9sidentielle au dimanche 25 f\u00e9vrier 2024. C\u2019est la premi\u00e8re fois depuis 2012, que notre pays fait face \u00e0 une telle situation.<\/p>\n\n\n\n<p>Pour la pr\u00e9sidentielle de 2012, le d\u00e9cret fixant la date de ce scrutin a \u00e9t\u00e9 sign\u00e9 le 15 novembre 2010 par le pr\u00e9sident Abdoulaye Wade, soit 15 mois avant. Cette mesure avait permis \u00e0 l\u2019ancien ministre de l\u2019Int\u00e9rieur, Ousmane Ngom, d\u2019enclencher le processus de pr\u00e9paration pratique de cette \u00e9lection pr\u00e9sidentielle de 2012, en informant par voie de communiqu\u00e9 de presse, les responsables des partis politiques et les citoyens, d\u2019une r\u00e9vision exceptionnelle des listes \u00e9lectorales institu\u00e9e par d\u00e9cret n\u00b0 2010- 1521 du 16 novembre 2010.<\/p>\n\n\n\n<p>Pour la derni\u00e8re pr\u00e9sidentielle de f\u00e9vrier 2019, c\u2019est le 22 janvier 2018 que l\u2019actuel chef de l\u2019Etat avait sign\u00e9 le d\u00e9cret portant fixation de la date de la prochaine \u00e9lection pr\u00e9sidentielle.<\/p>\n\n\n\n<p>Outre le blocage du processus \u00e9lectoral en vue de cette \u00e9lection pr\u00e9sidentielle de 2024, l\u2019actuel chef de l\u2019Etat impose \u00e9galement sa loi sur les potentiels candidats \u00e0 cette \u00e9lection. En effet, coinc\u00e9 entre le marteau de sa troisi\u00e8me candidature contest\u00e9e et l\u2019enclume de la candidature du leader de Pastef, Ousmane Sonko, que lui et son r\u00e9gime s\u2019efforcent de mettre hors course par une sorte d\u2019\u00ab instrumentalisation \u00bb de la justice, Macky Sall maintient \u00e9galement le flou sur la participation de Karim Wade et Khalifa Ababacar Sall, tous deux suspendus \u00e0 une loi d\u2019amnistie ou la modification des dispositions des articles L29 et L31 du code \u00e9lectoral qui les privent de leur statut d\u2019\u00e9lecteur.<\/p>\n\n\n\n<p>R\u00e9sultat, \u00e0 douze mois environ de la date de ce scrutin, ni sa coalition Benno Bokk Yakaar encore moins les partis de l\u2018opposition, dont Pastef, le Parti d\u00e9mocratique s\u00e9n\u00e9galais (Pds) et Taxawu Dakar, ne sont s\u00fbrs de la participation de leur candidat \u00e0 ce rendez-vous de 2024.<\/p>\n\n\n\n<p><strong>Sud Quotidien<\/strong><\/p>\n","protected":false},"excerpt":{"rendered":"<p>La d\u00e9mocratie s\u00e9n\u00e9galaise est dans un tournant assez in\u00e9dit. A douze mois et deux jours de la pr\u00e9sidentielle de 2024,<\/p>\n","protected":false},"author":1,"featured_media":1934,"comment_status":"open","ping_status":"open","sticky":false,"template":"","format":"standard","meta":{"footnotes":""},"categories":[6],"tags":[],"class_list":["post-7451","post","type-post","status-publish","format-standard","has-post-thumbnail","hentry","category-politics"],"_links":{"self":[{"href":"https:\/\/dekkbi.com\/index.php?rest_route=\/wp\/v2\/posts\/7451","targetHints":{"allow":["GET"]}}],"collection":[{"href":"https:\/\/dekkbi.com\/index.php?rest_route=\/wp\/v2\/posts"}],"about":[{"href":"https:\/\/dekkbi.com\/index.php?rest_route=\/wp\/v2\/types\/post"}],"author":[{"embeddable":true,"href":"https:\/\/dekkbi.com\/index.php?rest_route=\/wp\/v2\/users\/1"}],"replies":[{"embeddable":true,"href":"https:\/\/dekkbi.com\/index.php?rest_route=%2Fwp%2Fv2%2Fcomments&post=7451"}],"version-history":[{"count":1,"href":"https:\/\/dekkbi.com\/index.php?rest_route=\/wp\/v2\/posts\/7451\/revisions"}],"predecessor-version":[{"id":7452,"href":"https:\/\/dekkbi.com\/index.php?rest_route=\/wp\/v2\/posts\/7451\/revisions\/7452"}],"wp:featuredmedia":[{"embeddable":true,"href":"https:\/\/dekkbi.com\/index.php?rest_route=\/wp\/v2\/media\/1934"}],"wp:attachment":[{"href":"https:\/\/dekkbi.com\/index.php?rest_route=%2Fwp%2Fv2%2Fmedia&parent=7451"}],"wp:term":[{"taxonomy":"category","embeddable":true,"href":"https:\/\/dekkbi.com\/index.php?rest_route=%2Fwp%2Fv2%2Fcategories&post=7451"},{"taxonomy":"post_tag","embeddable":true,"href":"https:\/\/dekkbi.com\/index.php?rest_route=%2Fwp%2Fv2%2Ftags&post=7451"}],"curies":[{"name":"wp","href":"https:\/\/api.w.org\/{rel}","templated":true}]}}