{"id":7444,"date":"2023-02-24T12:46:34","date_gmt":"2023-02-24T12:46:34","guid":{"rendered":"https:\/\/dekkbi.com\/?p=7444"},"modified":"2023-02-24T12:46:35","modified_gmt":"2023-02-24T12:46:35","slug":"des-locaux-sur-la-liste-des-lions-en-mars-aliou-cisse-dit-tout","status":"publish","type":"post","link":"https:\/\/dekkbi.com\/?p=7444","title":{"rendered":"Des locaux sur la liste des Lions en mars&#8230;Aliou Ciss\u00e9 dit tout"},"content":{"rendered":"\n<p>iGFM (Dakar) Aliou Ciss\u00e9 a \u00e9t\u00e9 interpell\u00e9, ce jeudi, \u00e0 Dakar, \u00e0 l&rsquo;occasion de l&rsquo;ouverture de la 7e \u00e9dition du congr\u00e8s AIPS\/Afrique, sur la pr\u00e9sence de joueurs locaux en \u00e9quipa A, apr\u00e8s le sacre au CHAN. Le s\u00e9lectionneur national du S\u00e9n\u00e9gal n&rsquo;a pas h\u00e9sit\u00e9 \u00e0 r\u00e9pondre.<\/p>\n\n\n\n<figure class=\"wp-block-embed is-type-rich is-provider-prise-en-charge-des-contenus-embarques wp-block-embed-prise-en-charge-des-contenus-embarques wp-embed-aspect-16-9 wp-has-aspect-ratio\"><div class=\"wp-block-embed__wrapper\">\n<iframe loading=\"lazy\" title=\"Des locaux sur la liste des Lions en mars...Aliou Ciss\u00e9 dit tout\" width=\"800\" height=\"450\" src=\"https:\/\/www.youtube.com\/embed\/rHHQOFjZljk?feature=oembed\" frameborder=\"0\" allow=\"accelerometer; autoplay; clipboard-write; encrypted-media; gyroscope; picture-in-picture; web-share\" allowfullscreen><\/iframe>\n<\/div><\/figure>\n\n\n\n<figure class=\"wp-block-embed is-type-rich is-provider-prise-en-charge-des-contenus-embarques wp-block-embed-prise-en-charge-des-contenus-embarques wp-embed-aspect-16-9 wp-has-aspect-ratio\"><div class=\"wp-block-embed__wrapper\">\n<iframe loading=\"lazy\" title=\"Aliou Ciss\u00e9 : &quot;Comment j&#039;ai su que je voulais \u00eatre entra\u00eeneur&quot;\" width=\"800\" height=\"450\" src=\"https:\/\/www.youtube.com\/embed\/JRM4HOvCyhg?feature=oembed\" frameborder=\"0\" allow=\"accelerometer; autoplay; clipboard-write; encrypted-media; gyroscope; picture-in-picture; web-share\" allowfullscreen><\/iframe>\n<\/div><\/figure>\n","protected":false},"excerpt":{"rendered":"<p>iGFM (Dakar) Aliou Ciss\u00e9 a \u00e9t\u00e9 interpell\u00e9, ce jeudi, \u00e0 Dakar, \u00e0 l&rsquo;occasion de l&rsquo;ouverture de la 7e \u00e9dition du<\/p>\n","protected":false},"author":1,"featured_media":7449,"comment_status":"open","ping_status":"open","sticky":false,"template":"","format":"standard","meta":{"footnotes":""},"categories":[9],"tags":[],"class_list":["post-7444","post","type-post","status-publish","format-standard","has-post-thumbnail","hentry","category-sports"],"_links":{"self":[{"href":"https:\/\/dekkbi.com\/index.php?rest_route=\/wp\/v2\/posts\/7444","targetHints":{"allow":["GET"]}}],"collection":[{"href":"https:\/\/dekkbi.com\/index.php?rest_route=\/wp\/v2\/posts"}],"about":[{"href":"https:\/\/dekkbi.com\/index.php?rest_route=\/wp\/v2\/types\/post"}],"author":[{"embeddable":true,"href":"https:\/\/dekkbi.com\/index.php?rest_route=\/wp\/v2\/users\/1"}],"replies":[{"embeddable":true,"href":"https:\/\/dekkbi.com\/index.php?rest_route=%2Fwp%2Fv2%2Fcomments&post=7444"}],"version-history":[{"count":1,"href":"https:\/\/dekkbi.com\/index.php?rest_route=\/wp\/v2\/posts\/7444\/revisions"}],"predecessor-version":[{"id":7450,"href":"https:\/\/dekkbi.com\/index.php?rest_route=\/wp\/v2\/posts\/7444\/revisions\/7450"}],"wp:featuredmedia":[{"embeddable":true,"href":"https:\/\/dekkbi.com\/index.php?rest_route=\/wp\/v2\/media\/7449"}],"wp:attachment":[{"href":"https:\/\/dekkbi.com\/index.php?rest_route=%2Fwp%2Fv2%2Fmedia&parent=7444"}],"wp:term":[{"taxonomy":"category","embeddable":true,"href":"https:\/\/dekkbi.com\/index.php?rest_route=%2Fwp%2Fv2%2Fcategories&post=7444"},{"taxonomy":"post_tag","embeddable":true,"href":"https:\/\/dekkbi.com\/index.php?rest_route=%2Fwp%2Fv2%2Ftags&post=7444"}],"curies":[{"name":"wp","href":"https:\/\/api.w.org\/{rel}","templated":true}]}}