{"id":7413,"date":"2023-02-23T16:14:02","date_gmt":"2023-02-23T16:14:02","guid":{"rendered":"https:\/\/dekkbi.com\/?p=7413"},"modified":"2023-02-23T16:14:03","modified_gmt":"2023-02-23T16:14:03","slug":"les-lions-determines-a-se-qualifier-pour-la-coupe-du-monde-2023","status":"publish","type":"post","link":"https:\/\/dekkbi.com\/?p=7413","title":{"rendered":"Les Lions d\u00e9termin\u00e9s \u00e0 se qualifier pour la Coupe du monde 2023"},"content":{"rendered":"\n<p>(APS) \u2013 Les joueurs de l\u2019\u00e9quipe nationale de basket masculine du S\u00e9n\u00e9gal se disent concentr\u00e9s et d\u00e9termin\u00e9s \u00e0 obtenir leur qualification pour la prochaine Coupe du monde de la discipline \u00e0 l\u2019issue de la derni\u00e8re fen\u00eatre des qualifications qui d\u00e9marre ce vendredi \u00e0 Alexandrie (Egypte), o\u00f9 elle se poursuivra jusqu\u2019\u00e0 dimanche.<\/p>\n\n\n\n<p>Les Lions, log\u00e9s dans la poule F, zone Afrique, vont jouer contre le Sud Soudan, la Tunisie et le Cameroun.<\/p>\n\n\n\n<p>La prochaine Coupe du monde FIBA 2023 se tiendra aux Philippines, au Japon et en Indon\u00e9sie, du 25 ao\u00fbt au 10 septembre.<\/p>\n\n\n\n<p>Le groupe- S\u00e9n\u00e9gal \u00ab\u00a0est bien. En plus, nous avons enregistr\u00e9 l\u2019arriv\u00e9e de Babacar San\u00e9 (Ignitie G-League, USA) qui apporte cette \u00e9nergie dont nous avons besoin. Nous faisons focus sur les trois prochains matchs. Nous sommes pr\u00eats et concentr\u00e9 sur le tournoi\u00a0\u00bb, assure l\u2019arri\u00e8re de Chalons-Reims (France), Lamine Sambe.<\/p>\n\n\n\n<p>A l\u2019en croire, lui et ses co\u00e9quipiers \u00ab&nbsp;ont oubli\u00e9 ce qui s\u2019est pass\u00e9 en Tunisie&nbsp;\u00bb et sont d\u00e9sormais concentr\u00e9s sur cette derni\u00e8re fen\u00eatre des qualifications.<\/p>\n\n\n\n<p>Lors de la pr\u00e9c\u00e9dente fen\u00eatre jou\u00e9e ao\u00fbt dernier \u00e0 Monastir en Tunisie, le S\u00e9n\u00e9gal avait remport\u00e9 ses trois matchs contre le Soudan du Sud, Tunisie et Cameroun.<\/p>\n\n\n\n<p>Selon Lamine Sambe, les jeunes pensionnaires de l\u2019\u00e9quipe nationale \u00ab&nbsp;sont r\u00e9ceptifs et cela facilite les choses pour les anciens&nbsp;\u00bb.<\/p>\n\n\n\n<p>\u00ab\u00a0La force du groupe est que nous sommes ensemble et petit \u00e0 petit, nous arriverons \u00e0 notre objectif. Nous nous donnerons les moyens d\u2019accomplir la mission pour le S\u00e9n\u00e9gal\u00a0\u00bb, a dit le joueur de 33 ans, avant de solliciter le soutien de tous les S\u00e9n\u00e9galais.<\/p>\n\n\n\n<p>\u00ab&nbsp;Le groupe s\u2019entraine normalement depuis lundi. Nous nous am\u00e9liorons au fil des s\u00e9ances. Nous allons tout donner sur le terrain et nous comptons sur soutien des S\u00e9n\u00e9galais pour nous qualifier&nbsp;\u00bb, a insist\u00e9, de son c\u00f4t\u00e9, Brancou Badio.<\/p>\n\n\n\n<p>Le meneur de Manresa (Espagne), promu capitaine en l\u2019absence de Gorgui Sy Dieng, a salu\u00e9 l\u2019opportunit\u00e9 offerte \u00e0 l\u2019\u00e9quipe nationale de se pr\u00e9parer quelques jours avant la comp\u00e9tition.<\/p>\n\n\n\n<p>\u00ab&nbsp;Nous revoyons les syst\u00e8mes et nous serons pr\u00eats. On va prendre les matchs les uns apr\u00e8s les autres. Nous serons attentifs aux consignes du coach. Nous connaissons nos trois adversaires. Nous allons visionner les vid\u00e9os de leurs matchs pour mieux aborder ces rencontres&nbsp;\u00bb, a-t-il indiqu\u00e9.<\/p>\n\n\n\n<p>Le S\u00e9n\u00e9gal a pris part \u00e0 cinq \u00e9ditions de Coupe du monde de basket, dont deux cons\u00e9cutivement en 2014 et 2019.<\/p>\n\n\n\n<p>La premi\u00e8re participation des Lions remonte \u00e0 1978. Ils ont ensuite particip\u00e9 aux \u00e9ditions de 1998 et 2006.<\/p>\n\n\n\n<p>Voici la liste des joueurs convoqu\u00e9s :<\/p>\n\n\n\n<p>Meneurs : El Hadji Omar Brancou Badio (Manresa\/Espagne), Mamadou Faye (Joeuf-Hom\u00e9court\/France), Jean-Jacques Boissy (As Douanes).<\/p>\n\n\n\n<p>Arri\u00e8res : Cheikh Bamba Diallo (Jeanne d\u2019Arc\/S\u00e9n\u00e9gal), Mohamed Alga Ndiaye (Ryerson University\/Canada), Lamine Sambe (Chalons-Reims \/France),<\/p>\n\n\n\n<p>Ailiers : Pape Moustapha Dio (Andrezieux-France), Mbaye Ndiaye (Blois\/France), Babacar San\u00e9 (Ignitie G-League \/USA)<\/p>\n\n\n\n<p>Ailiers forts : Amara Sylla (B\u00e9tis S\u00e9ville \/Espagne), Khalifa Ababacar Diop (Gran Canaria\/Espagne)<\/p>\n\n\n\n<p>Pivots : Youssou Ndoye (Grenada\/Espagne)<\/p>\n\n\n\n<p>SUDONLINE<\/p>\n","protected":false},"excerpt":{"rendered":"<p>(APS) \u2013 Les joueurs de l\u2019\u00e9quipe nationale de basket masculine du S\u00e9n\u00e9gal se disent concentr\u00e9s et d\u00e9termin\u00e9s \u00e0 obtenir leur<\/p>\n","protected":false},"author":1,"featured_media":7414,"comment_status":"open","ping_status":"open","sticky":false,"template":"","format":"standard","meta":{"footnotes":""},"categories":[9],"tags":[],"class_list":["post-7413","post","type-post","status-publish","format-standard","has-post-thumbnail","hentry","category-sports"],"_links":{"self":[{"href":"https:\/\/dekkbi.com\/index.php?rest_route=\/wp\/v2\/posts\/7413","targetHints":{"allow":["GET"]}}],"collection":[{"href":"https:\/\/dekkbi.com\/index.php?rest_route=\/wp\/v2\/posts"}],"about":[{"href":"https:\/\/dekkbi.com\/index.php?rest_route=\/wp\/v2\/types\/post"}],"author":[{"embeddable":true,"href":"https:\/\/dekkbi.com\/index.php?rest_route=\/wp\/v2\/users\/1"}],"replies":[{"embeddable":true,"href":"https:\/\/dekkbi.com\/index.php?rest_route=%2Fwp%2Fv2%2Fcomments&post=7413"}],"version-history":[{"count":1,"href":"https:\/\/dekkbi.com\/index.php?rest_route=\/wp\/v2\/posts\/7413\/revisions"}],"predecessor-version":[{"id":7415,"href":"https:\/\/dekkbi.com\/index.php?rest_route=\/wp\/v2\/posts\/7413\/revisions\/7415"}],"wp:featuredmedia":[{"embeddable":true,"href":"https:\/\/dekkbi.com\/index.php?rest_route=\/wp\/v2\/media\/7414"}],"wp:attachment":[{"href":"https:\/\/dekkbi.com\/index.php?rest_route=%2Fwp%2Fv2%2Fmedia&parent=7413"}],"wp:term":[{"taxonomy":"category","embeddable":true,"href":"https:\/\/dekkbi.com\/index.php?rest_route=%2Fwp%2Fv2%2Fcategories&post=7413"},{"taxonomy":"post_tag","embeddable":true,"href":"https:\/\/dekkbi.com\/index.php?rest_route=%2Fwp%2Fv2%2Ftags&post=7413"}],"curies":[{"name":"wp","href":"https:\/\/api.w.org\/{rel}","templated":true}]}}