{"id":7408,"date":"2023-02-23T15:55:26","date_gmt":"2023-02-23T15:55:26","guid":{"rendered":"https:\/\/dekkbi.com\/?p=7408"},"modified":"2023-02-23T15:59:59","modified_gmt":"2023-02-23T15:59:59","slug":"migrants-en-tunisie-source-de-violences-de-crimes-horizon-sans-frontiere-reclame-des-excuses-publiques-de-la-part-du-president-tunisien","status":"publish","type":"post","link":"https:\/\/dekkbi.com\/?p=7408","title":{"rendered":"Migrants en Tunisie, source de \u00ab\u00a0violences, de crimes&#8230;\u00a0\u00bb"},"content":{"rendered":"\n<h3 class=\"wp-block-heading\">: Horizon sans Fronti\u00e8re r\u00e9clame des excuses publiques de la part du pr\u00e9sident tunisien<\/h3>\n\n\n\n<h3 class=\"wp-block-heading\">Le pr\u00e9sident Saied a pr\u00f4n\u00e9 des \u00ab\u00a0mesures urgentes\u00a0\u00bb contre l&rsquo;immigration clandestine d&rsquo;Africains subsahariens dans son pays, affirmant que leur pr\u00e9sence \u00e9tait source de \u00ab\u00a0violence et de crimes\u00a0\u00bb. Il a tenu ces propos, lors d&rsquo;une r\u00e9union du Conseil de s\u00e9curit\u00e9 nationale, \u00ab\u00a0consacr\u00e9e aux mesures urgentes qui doivent \u00eatre prises pour faire face \u00e0 l&rsquo;arriv\u00e9e de migrants en Tunisie. M. Saied a prononc\u00e9 ce discours tr\u00e8s dur concernant l&rsquo;arriv\u00e9e de \u00ab\u00a0hordes de migrants clandestins\u00a0\u00bb, dont la pr\u00e9sence en Tunisie est selon lui, source de \u00ab\u00a0violences, de crimes et d&rsquo;actes inacceptables\u00a0\u00bb. Et, il a insist\u00e9 sur \u00ab\u00a0la n\u00e9cessit\u00e9 de mettre rapidement fin\u00a0\u00bb \u00e0 cette immigration.<\/h3>\n\n\n\n<p>Saied a tenu ce discours lors d&rsquo;une r\u00e9union du Conseil de s\u00e9curit\u00e9 nationale, \u00ab\u00a0<em>consacr\u00e9e aux mesures urgentes qui doivent \u00eatre prises pour faire face \u00e0 l&rsquo;arriv\u00e9e en Tunisie d&rsquo;un grand nombre de migrants clandestins en provenance d&rsquo;Afrique subsahariens<\/em>\u00ab\u00a0.<\/p>\n\n\n\n<p>\u00ab\u00a0<em>C&rsquo;est une honte pour le continent africain quand l&rsquo;Europe s&rsquo;\u00e9rige en barri\u00e8re et que certains dirigeants africains traitent les peuples fr\u00e8res de la sorte<\/em>\u00ab\u00a0, se d\u00e9sole le pr\u00e9sident de Horizon Sans Fronti\u00e8re au S\u00e9n\u00e9gal, choqu\u00e9 par les propos du pr\u00e9sident tunisien \u00e0 l&rsquo;endroit des noirs: \u00ab\u00a0<em>cette immigration clandestine relevait d&rsquo;une entreprise criminelle ourdie \u00e0 l&rsquo;or\u00e9e de ce si\u00e8cle, pour changer la composition d\u00e9mographique de la Tunisie<\/em>\u00ab\u00a0, afin de la transformer en un pays \u00ab\u00a0<em>africain seulement<\/em>\u00a0\u00bb et estomper son caract\u00e8re \u00ab\u00a0<em>arabo-musulman<\/em>\u00ab\u00a0.<\/p>\n\n\n\n<p>1000 migrants subsahariens bloqu\u00e9s dans le d\u00e9sert.<\/p>\n\n\n\n<p>C&rsquo;est un sale temps pour les migrants subsahariens. Ils sont pr\u00e8s d&rsquo;un millier de migrants d&rsquo;origine subsaharienne, \u00e0 \u00eatre bloqu\u00e9s \u00e0 Assamaka. Il s\u2019agit entre autres, de 41 S\u00e9n\u00e9galais, 365 Guin\u00e9ens ,301 Maliens, 34 B\u00e9ninois, 30 Gambiens et 12 Camerounais, dans une situation d\u2019extr\u00eame urgence \u00e0 Assamaka.<\/p>\n\n\n\n<p><strong>L&rsquo;espoir: Mohammed VI pour lancer l\u2019initiative africaine sur les migrations<\/strong><\/p>\n\n\n\n<p>Horizon Sans Fronti\u00e8re ne d\u00e9sesp\u00e8re pas et nourrit beaucoup d&rsquo;espoir envers le roi du Maroc. L&rsquo;organisation fait appel au leadership naturel du roi Mohammed VI, pour lancer l\u2019Initiative africaine sur les migrations, afin de sauver une jeunesse africaine.<\/p>\n\n\n\n<p>Boubacar S\u00e8ye, pr\u00e9sident de Horizon sans fronti\u00e8re, estime que le Maroc est une terre d\u2019accueil et de transit pour des milliers de jeunes africains de par sa position g\u00e9ostrat\u00e9gique et le roi Mohammed VI incarne l\u2019image du leader africain, capable de redonner espoir \u00e0 ces jeunes qui se tuent en M\u00e9diterran\u00e9e et dans le d\u00e9sert.<\/p>\n\n\n\n<p><strong>Moustapha Ndoye<br>Leral<\/strong><\/p>\n\n\n\n<figure class=\"wp-block-image\"><a href=\"javascript:void(0)\"><img decoding=\"async\" src=\"https:\/\/www.leral.net\/photo\/art\/default\/70974237-49462133.jpg?v=1677094121\" alt=\"Migrants en Tunisie, source de &quot;violences, de crimes...&quot;: Horizon sans Fronti\u00e8re r\u00e9clame des excuses publiques de la part du pr\u00e9sident tunisien\" title=\"Migrants en Tunisie, source de &quot;violences, de crimes...&quot;: Horizon sans Fronti\u00e8re r\u00e9clame des excuses publiques de la part du pr\u00e9sident tunisien\"\/><\/a><\/figure>\n\n\n\n<figure class=\"wp-block-image\"><a href=\"javascript:void(0)\"><img decoding=\"async\" src=\"https:\/\/www.leral.net\/photo\/art\/default\/70974237-49462142.jpg?v=1677094174\" alt=\"Migrants en Tunisie, source de &quot;violences, de crimes...&quot;: Horizon sans Fronti\u00e8re r\u00e9clame des excuses publiques de la part du pr\u00e9sident tunisien\" title=\"Migrants en Tunisie, source de &quot;violences, de crimes...&quot;: Horizon sans Fronti\u00e8re r\u00e9clame des excuses publiques de la part du pr\u00e9sident tunisien\"\/><\/a><\/figure>\n\n\n\n<p>Ousmane Wade<\/p>\n","protected":false},"excerpt":{"rendered":"<p>: Horizon sans Fronti\u00e8re r\u00e9clame des excuses publiques de la part du pr\u00e9sident tunisien Le pr\u00e9sident Saied a pr\u00f4n\u00e9 des<\/p>\n","protected":false},"author":1,"featured_media":7409,"comment_status":"open","ping_status":"open","sticky":false,"template":"","format":"standard","meta":{"footnotes":""},"categories":[26],"tags":[],"class_list":["post-7408","post","type-post","status-publish","format-standard","has-post-thumbnail","hentry","category-fait-divers"],"_links":{"self":[{"href":"https:\/\/dekkbi.com\/index.php?rest_route=\/wp\/v2\/posts\/7408","targetHints":{"allow":["GET"]}}],"collection":[{"href":"https:\/\/dekkbi.com\/index.php?rest_route=\/wp\/v2\/posts"}],"about":[{"href":"https:\/\/dekkbi.com\/index.php?rest_route=\/wp\/v2\/types\/post"}],"author":[{"embeddable":true,"href":"https:\/\/dekkbi.com\/index.php?rest_route=\/wp\/v2\/users\/1"}],"replies":[{"embeddable":true,"href":"https:\/\/dekkbi.com\/index.php?rest_route=%2Fwp%2Fv2%2Fcomments&post=7408"}],"version-history":[{"count":2,"href":"https:\/\/dekkbi.com\/index.php?rest_route=\/wp\/v2\/posts\/7408\/revisions"}],"predecessor-version":[{"id":7412,"href":"https:\/\/dekkbi.com\/index.php?rest_route=\/wp\/v2\/posts\/7408\/revisions\/7412"}],"wp:featuredmedia":[{"embeddable":true,"href":"https:\/\/dekkbi.com\/index.php?rest_route=\/wp\/v2\/media\/7409"}],"wp:attachment":[{"href":"https:\/\/dekkbi.com\/index.php?rest_route=%2Fwp%2Fv2%2Fmedia&parent=7408"}],"wp:term":[{"taxonomy":"category","embeddable":true,"href":"https:\/\/dekkbi.com\/index.php?rest_route=%2Fwp%2Fv2%2Fcategories&post=7408"},{"taxonomy":"post_tag","embeddable":true,"href":"https:\/\/dekkbi.com\/index.php?rest_route=%2Fwp%2Fv2%2Ftags&post=7408"}],"curies":[{"name":"wp","href":"https:\/\/api.w.org\/{rel}","templated":true}]}}