{"id":7399,"date":"2023-02-23T15:05:47","date_gmt":"2023-02-23T15:05:47","guid":{"rendered":"https:\/\/dekkbi.com\/?p=7399"},"modified":"2023-02-23T15:05:49","modified_gmt":"2023-02-23T15:05:49","slug":"diplomatie-inscription-des-bijagos-au-patrimoine-mondial-de-lunesco-le-senegal-sengage-aupres-de-la-guinee-bissau","status":"publish","type":"post","link":"https:\/\/dekkbi.com\/?p=7399","title":{"rendered":"Diplomatie \u2013 Inscription des Bijagos au Patrimoine mondial de l\u2019Unesco: Le S\u00e9n\u00e9gal s\u2019engage aupr\u00e8s de la Guin\u00e9e-Bissau"},"content":{"rendered":"\n<p>La Guin\u00e9e-Bissau peut compter sur son voisin, le S\u00e9n\u00e9gal, pour l\u2019accompagner dans le processus de reconnaissance des \u00eeles Bijagos comme Patrimoine culturel mondial de l\u2019Unesco, mais aussi du statut de Bissau comme ville cr\u00e9ative. La r\u00e9v\u00e9lation a \u00e9t\u00e9 faite par le ministre de la Culture et du patrimoine historique du S\u00e9n\u00e9gal, Aliou Sow, en marge du d\u00e9fil\u00e9 du Carnaval de la capitale bissau-guin\u00e9enne.<\/p>\n\n\n\n<p>Apr\u00e8s deux ans de pause en raison de la pand\u00e9mie du Covid-19, le Carnaval de Bissau a repris, sous le sceau de la coh\u00e9sion nationale et de l\u2019int\u00e9gration sous-r\u00e9gionale. Le S\u00e9n\u00e9gal a \u00e9t\u00e9 choisi comme pays invit\u00e9 d\u2019honneur pour cette \u00e9dition qui bat son plein, dans une ambiance f\u00e9erique. C\u2019est aussi cette occasion qui a \u00e9t\u00e9 choisie par le ministre de la Culture et du patrimoine historique du S\u00e9n\u00e9gal, Aliou Sow, pour informer que la Guin\u00e9e-Bissau peut compter sur son voisin s\u00e9n\u00e9galais pour l\u2019inscription des \u00eeles Bijagos comme Patrimoine culturel mondial de l\u2019Unesco. \u00abNous allons travailler, mon homologue Au\u00adgusto Gomes et moi, en \u00e9troite collaboration pour l\u2019inscription des \u00eeles Bijagos comme Patrimoine mondial de l\u2019Unesco\u00bb, a d\u00e9clar\u00e9 Monsieur Sow. Il informe ensuite que des efforts et initiatives sont d\u00e9j\u00e0 engag\u00e9s en ce sens. Aliou Sow d\u2019ajouter&nbsp;: \u00abC\u2019est \u00e9galement le cas pour que Bissau ait le statut de ville cr\u00e9ative.\u00bb Avant d\u2019ajouter&nbsp;: \u00abCe que nous avons vu nous permet de consolider notre argumentaire en faveur de notre coop\u00e9ration culturelle.\u00bb Ces propos ont \u00e9t\u00e9 tenus en marge du d\u00e9fil\u00e9 du carnaval d\u2019hier, tenu sur l\u2019avenue du nom de Bairro ajuda.<\/p>\n\n\n\n<p>Sous le charme des prestations et la riche diversit\u00e9 de la Guin\u00e9e-Bissau dans ses diff\u00e9rentes facettes, le ministre de la Culture s\u00e9n\u00e9galais lance&nbsp;: \u00abC\u2019est simplement impressionnant. C\u2019est plus que bien. C\u2019est excellent. C\u2019est l\u2019affirmation de la puissance de la culture, du pouvoir exceptionnel de la culture en termes de socle de coh\u00e9sion sociale, de consolidation de la paix, de promotion de l\u2019unit\u00e9 nationale.\u00bb Ce que nous avons vu aujourd\u2019hui, dira Aliou Sow, \u00abc\u2019est la Guin\u00e9e-Bissau qui s\u2019est r\u00e9unie ensemble de la meilleure des mani\u00e8res. Sans diff\u00e9rence, sans distinguo, tous au service d\u2019une m\u00eame cause&nbsp;: l\u2019expression du talent artistique, du g\u00e9nie cr\u00e9ateur, de la fraternit\u00e9 agissante entre l\u2019ensemble des populations de la Guin\u00e9e-Bissau, des populations de la Cedeao\u00bb.<\/p>\n\n\n\n<p>Il n\u2019a pas manqu\u00e9 de s\u2019exprimer sur l\u2019honneur qui a \u00e9t\u00e9 fait au S\u00e9n\u00e9gal, pays invit\u00e9 d\u2019honneur. \u00abLe S\u00e9n\u00e9gal est honor\u00e9 d\u2019\u00eatre choisi comme invit\u00e9 d\u2019honneur d\u2019une si grande manifestation culturelle, qui mobilise toute une Nation, l\u2019ensemble des diff\u00e9rences pour en faire des forces compl\u00e9mentaires\u00bb, s\u2019est r\u00e9joui le ministre Sow. D\u2019ailleurs, selon lui, ce que la Guin\u00e9e-Bissau a d\u00e9voil\u00e9 en termes de potentialit\u00e9s culturelles, montre \u00e0 suffisance que l\u2019Afrique doit compter principalement sur la culture. La culture est \u00e0 la fois \u00abune force d\u2019irrigation des projets sociaux-\u00e9conomiques, du d\u00e9veloppement national, de la paix et surtout de la s\u00e9curit\u00e9 int\u00e9rieure\u00bb, dira Aliou Sow.<\/p>\n\n\n\n<p>Toujours \u00e0 l\u2019en croire, ce Peuple que nous avons vu est joyeux. Il est festif et conscient des enjeux et d\u00e9fis du moment. C\u2019est aussi un Peuple qui a compris que pour l\u2019int\u00e9gration africaine et sous-r\u00e9gionale, le tout passe par la culture. \u00abNos deux chefs d\u2019Etat ont montr\u00e9 la voie par leur amiti\u00e9, leur proximit\u00e9 et par leurs coactions au niveau international. Mon homologue et moi avons d\u00e9cid\u00e9 de rendre plus dynamiques, plus permanentes les interrelations entre nos deux pays, \u00e0 travers des \u00e9changes assidus et soutenus, par des actions de solidarit\u00e9 agissante et de compl\u00e9mentarit\u00e9 surtout.\u00bb<\/p>\n","protected":false},"excerpt":{"rendered":"<p>La Guin\u00e9e-Bissau peut compter sur son voisin, le S\u00e9n\u00e9gal, pour l\u2019accompagner dans le processus de reconnaissance des \u00eeles Bijagos comme<\/p>\n","protected":false},"author":1,"featured_media":7402,"comment_status":"open","ping_status":"open","sticky":false,"template":"","format":"standard","meta":{"footnotes":""},"categories":[6],"tags":[],"class_list":["post-7399","post","type-post","status-publish","format-standard","has-post-thumbnail","hentry","category-politics"],"_links":{"self":[{"href":"https:\/\/dekkbi.com\/index.php?rest_route=\/wp\/v2\/posts\/7399","targetHints":{"allow":["GET"]}}],"collection":[{"href":"https:\/\/dekkbi.com\/index.php?rest_route=\/wp\/v2\/posts"}],"about":[{"href":"https:\/\/dekkbi.com\/index.php?rest_route=\/wp\/v2\/types\/post"}],"author":[{"embeddable":true,"href":"https:\/\/dekkbi.com\/index.php?rest_route=\/wp\/v2\/users\/1"}],"replies":[{"embeddable":true,"href":"https:\/\/dekkbi.com\/index.php?rest_route=%2Fwp%2Fv2%2Fcomments&post=7399"}],"version-history":[{"count":1,"href":"https:\/\/dekkbi.com\/index.php?rest_route=\/wp\/v2\/posts\/7399\/revisions"}],"predecessor-version":[{"id":7403,"href":"https:\/\/dekkbi.com\/index.php?rest_route=\/wp\/v2\/posts\/7399\/revisions\/7403"}],"wp:featuredmedia":[{"embeddable":true,"href":"https:\/\/dekkbi.com\/index.php?rest_route=\/wp\/v2\/media\/7402"}],"wp:attachment":[{"href":"https:\/\/dekkbi.com\/index.php?rest_route=%2Fwp%2Fv2%2Fmedia&parent=7399"}],"wp:term":[{"taxonomy":"category","embeddable":true,"href":"https:\/\/dekkbi.com\/index.php?rest_route=%2Fwp%2Fv2%2Fcategories&post=7399"},{"taxonomy":"post_tag","embeddable":true,"href":"https:\/\/dekkbi.com\/index.php?rest_route=%2Fwp%2Fv2%2Ftags&post=7399"}],"curies":[{"name":"wp","href":"https:\/\/api.w.org\/{rel}","templated":true}]}}