{"id":7377,"date":"2023-02-22T16:47:45","date_gmt":"2023-02-22T16:47:45","guid":{"rendered":"https:\/\/dekkbi.com\/?p=7377"},"modified":"2023-02-22T16:47:46","modified_gmt":"2023-02-22T16:47:46","slug":"foot-lesions-ligamentaires-pour-neymar-paris-inquiet-avant-le-bayern","status":"publish","type":"post","link":"https:\/\/dekkbi.com\/?p=7377","title":{"rendered":"Foot: \u00ab\u00a0L\u00e9sions ligamentaires\u00a0\u00bb pour Neymar, Paris inquiet avant le Bayern"},"content":{"rendered":"\n<p><a href=\"https:\/\/www.addthis.com\/bookmark.php?v=300\"><\/a><a href=\"https:\/\/www.addthis.com\/bookmark.php?v=300\"><\/a><a rel=\"noreferrer noopener\" href=\"https:\/\/www.addthis.com\/bookmark.php?v=300\" target=\"_blank\"><\/a><a rel=\"noreferrer noopener\" href=\"https:\/\/www.addthis.com\/bookmark.php?v=300\" target=\"_blank\"><\/a>Mauvaise nouvelle pour le PSG: la superstar br\u00e9silienne Neymar, sortie sur une civi\u00e8re dimanche en L1 contre Lille, souffre d&rsquo;une entorse de la cheville avec \u00ab\u00a0l\u00e9sions ligamentaires\u00a0\u00bb, ce qui accro\u00eet les doutes sur sa participation au 8e de finale retour de Ligue des champions contre le Bayern Munich.<\/p>\n\n\n\n<p>Le joueur de 31 ans est d&rsquo;ores et d\u00e9j\u00e0 forfait pour le choc de la 25e journ\u00e9e de Ligue 1, dimanche \u00e0 Marseille o\u00f9 Paris n&rsquo;a pas le droit \u00e0 l&rsquo;erreur face \u00e0 son dauphin, point\u00e9 \u00e0 seulement cinq points. Mais sa pr\u00e9sence en Bavi\u00e8re, le 8 mars, est d\u00e9sormais loin d&rsquo;\u00eatre garantie.<\/p>\n\n\n\n<p>Le communiqu\u00e9 publi\u00e9 mardi par le club de la capitale, \u00e0 l&rsquo;issue d&rsquo;examens effectu\u00e9s dans la journ\u00e9e, n&rsquo;annonce pas de dur\u00e9e d\u2019indisponibilit\u00e9 et indique seulement qu'\u00a0\u00bbun nouveau point sera fait en d\u00e9but de semaine prochaine\u00a0\u00bb. Mais Paris, en pleine crise apr\u00e8s un d\u00e9but d&rsquo;ann\u00e9e catastrophique, se retrouve avec un motif d&rsquo;inqui\u00e9tude suppl\u00e9mentaire.<\/p>\n\n\n\n<p>M\u00eame si le N.10 br\u00e9silien est loin d&rsquo;afficher son rendement habituel depuis son retour de la Coupe du monde, il reste l&rsquo;un des principaux atouts offensifs de l&rsquo;\u00e9quipe de Christophe Galtier avec ses 13 buts et 11 passes d\u00e9cisives en Ligue 1 cette saison.<\/p>\n\n\n\n<p>Si Neymar venait \u00e0 manquer, Paris devra encore une fois compter sur le seul g\u00e9nie de Kylian Mbapp\u00e9 pour cr\u00e9er l&rsquo;exploit en Allemagne, \u00e0 moins d&rsquo;un r\u00e9veil du champion du monde Lionel Messi, transparent dans le jeu ces derniers temps.<\/p>\n\n\n\n<p>&#8211; La loi des s\u00e9ries pour Neymar &#8211;<\/p>\n\n\n\n<p>Ce diagnostic m\u00e9dical n&rsquo;est donc pas de tr\u00e8s bon augure alors que les Parisiens doivent absolument r\u00e9agir sur la pelouse du Bayern Munich apr\u00e8s leur d\u00e9faite 1-0 \u00e0 l&rsquo;aller, le 14 f\u00e9vrier \u00e0 domicile. Une \u00e9limination \u00e0 ce stade de la Ligue des champions, objectif majeur des propri\u00e9taires qataris du club, pourrait avoir de graves cons\u00e9quences pour l&rsquo;avenir de Christophe Galtier et du conseiller football Luis Campos, extr\u00eamement fragilis\u00e9s par la situation actuelle.<\/p>\n\n\n\n<p>Cette blessure de Neymar rappelle d&rsquo;ailleurs de sombres souvenirs au PSG, qui a souvent d\u00fb se d\u00e9brouiller sans l&rsquo;ex-prodige de Santos pour des matches \u00e0 gros enjeu en C1. Neymar s&rsquo;\u00e9tait ainsi bless\u00e9 au pied avant un 8e de finale retour de Ligue des champions contre le Real Madrid en 2018.<\/p>\n\n\n\n<p>En 2019, \u00ab\u00a0Ney\u00a0\u00bb avait renonc\u00e9 \u00e0 une double confrontation en C1 face \u00e0 Manchester United et en 2021, il s&rsquo;\u00e9tait de nouveau bless\u00e9, \u00e0 l&rsquo;adducteur gauche, avant un duel contre son ancien club, le FC Barcelone, toujours en 8e.<\/p>\n\n\n\n<p>Depuis son arriv\u00e9e \u00e0 Paris en 2017, Neymar a manqu\u00e9 86 rencontres pour cause de p\u00e9pins physiques.<\/p>\n\n\n\n<p>\u00ab\u00a0Ce n&rsquo;est pas la poisse, il y a toujours des raisons: le calendrier, l&rsquo;encha\u00eenement des matches&#8230; Ca complique les choses, il faut faire le dos rond\u00a0\u00bb, avait l\u00e2ch\u00e9, fataliste, Galtier au sujet du Br\u00e9silien, dimanche apr\u00e8s le succ\u00e8s miraculeux d\u00e9croch\u00e9 face aux Lillois (4-3).<\/p>\n\n\n\n<p>Seule petite \u00e9claircie du c\u00f4t\u00e9 de l&rsquo;infirmerie du PSG avant les grosses \u00e9ch\u00e9ances \u00e0 venir: le d\u00e9fenseur portugais Nuno Mendes, touch\u00e9 au genou face \u00e0 Lille dimanche, \u00ab\u00a0reprendra l&rsquo;entra\u00eenement cette semaine\u00a0\u00bb, selon le club.<\/p>\n\n\n\n<p>Par Keyvan NARAGHI<\/p>\n\n\n\n<p><\/p>\n","protected":false},"excerpt":{"rendered":"<p>Mauvaise nouvelle pour le PSG: la superstar br\u00e9silienne Neymar, sortie sur une civi\u00e8re dimanche en L1 contre Lille, souffre d&rsquo;une<\/p>\n","protected":false},"author":1,"featured_media":7378,"comment_status":"open","ping_status":"open","sticky":false,"template":"","format":"standard","meta":{"footnotes":""},"categories":[9],"tags":[],"class_list":["post-7377","post","type-post","status-publish","format-standard","has-post-thumbnail","hentry","category-sports"],"_links":{"self":[{"href":"https:\/\/dekkbi.com\/index.php?rest_route=\/wp\/v2\/posts\/7377","targetHints":{"allow":["GET"]}}],"collection":[{"href":"https:\/\/dekkbi.com\/index.php?rest_route=\/wp\/v2\/posts"}],"about":[{"href":"https:\/\/dekkbi.com\/index.php?rest_route=\/wp\/v2\/types\/post"}],"author":[{"embeddable":true,"href":"https:\/\/dekkbi.com\/index.php?rest_route=\/wp\/v2\/users\/1"}],"replies":[{"embeddable":true,"href":"https:\/\/dekkbi.com\/index.php?rest_route=%2Fwp%2Fv2%2Fcomments&post=7377"}],"version-history":[{"count":1,"href":"https:\/\/dekkbi.com\/index.php?rest_route=\/wp\/v2\/posts\/7377\/revisions"}],"predecessor-version":[{"id":7379,"href":"https:\/\/dekkbi.com\/index.php?rest_route=\/wp\/v2\/posts\/7377\/revisions\/7379"}],"wp:featuredmedia":[{"embeddable":true,"href":"https:\/\/dekkbi.com\/index.php?rest_route=\/wp\/v2\/media\/7378"}],"wp:attachment":[{"href":"https:\/\/dekkbi.com\/index.php?rest_route=%2Fwp%2Fv2%2Fmedia&parent=7377"}],"wp:term":[{"taxonomy":"category","embeddable":true,"href":"https:\/\/dekkbi.com\/index.php?rest_route=%2Fwp%2Fv2%2Fcategories&post=7377"},{"taxonomy":"post_tag","embeddable":true,"href":"https:\/\/dekkbi.com\/index.php?rest_route=%2Fwp%2Fv2%2Ftags&post=7377"}],"curies":[{"name":"wp","href":"https:\/\/api.w.org\/{rel}","templated":true}]}}