{"id":7360,"date":"2023-02-22T15:44:41","date_gmt":"2023-02-22T15:44:41","guid":{"rendered":"https:\/\/dekkbi.com\/?p=7360"},"modified":"2023-02-22T15:44:52","modified_gmt":"2023-02-22T15:44:52","slug":"candidature-a-la-presidentielle-de-2024-lopposition-a-la-merci-du-pouvoir","status":"publish","type":"post","link":"https:\/\/dekkbi.com\/?p=7360","title":{"rendered":"Candidature \u00e0 la pr\u00e9sidentielle de 2024 : l\u2019opposition, \u00e0 la merci du pouvoir !"},"content":{"rendered":"\n<p><strong>L\u2019\u00e9lection pr\u00e9sidentielle de 2024 qui se profile risque d\u2019\u00eatre paradoxale pour les suffragants s\u00e9n\u00e9galais. En pleine ann\u00e9e pr\u00e9-\u00e9lectorale, aucune des coalitions de partis les plus repr\u00e9sentatifs dans l\u2019\u00e9lectorat national ne peut garantir que son candidat suppos\u00e9 ou r\u00e9el prendra effectivement part \u00e0 la comp\u00e9tition, que ce soit Benno Bokk Yakaar, Yewwi Askan Wi ou Wallu S\u00e9n\u00e9gal. Nonobstant le tamis du parrainage citoyen, ce flou semble savamment entretenu par un pouvoir qui s\u2019\u00e9vertue m\u00e9thodiquement, via toutes les ressources de la Loi, &nbsp;\u00e0 &nbsp;\u00ab<em>r\u00e9duire l\u2019opposition \u00e0 sa plus si<\/em><\/strong><strong><em>m<\/em><\/strong><strong><em>ple expression<\/em><\/strong><strong>\u00bb, quitte \u00e0 annihiler toute volont\u00e9 de leadership alternatif en son sein m\u00eame. Le cas de Mimi Tour\u00e9 en est une parfaite illustration. Chronique de la lente descente aux enfers des challengers les plus \u00ab&nbsp;massifs&nbsp;\u00bb de Macky Sall \u00e0 la magistrature supr\u00eame. &nbsp;<\/strong><\/p>\n\n\n\n<p>A moins de douze mois de la pr\u00e9sidentielle de 2024, et pour la premi\u00e8re fois au S\u00e9n\u00e9gal, nul ne peut affirmer avec certitude qui sera sur le starting-block. Ni le Pr\u00e9sident Macky Sall, pr\u00e9sident de la majorit\u00e9, dont la troisi\u00e8me candidature reste contest\u00e9e par certains, ni Ousmane Sonko (le leader le plus en vue de l\u2019opposition, du moins sur le terrain politique) qui n\u2019en a pas encore fini avec ses dossiers judiciaires, encore moins Khalifa Ababacar Sall de Taxawu S\u00e9n\u00e9gal (ancien ma\u00eetre de Dakar de 2009 \u00e0 2018) ou Karim Wade du Pds (ancien parti au pouvoir de 2000 \u00e0 2012). Ces deux derniers qui restent \u00a0suspendus \u00e0 une \u00e9ventuelle amnistie ne peuvent au regard de la loi pr\u00e9tendre qu\u2019ils seront candidats<strong>.\u00a0\u00a0<\/strong>D\u2019ailleurs, le cas de Karim Wade, \u00a0fils de l\u2019ancien pr\u00e9sident Abdoulaye Wade,\u00a0 candidat du Pds \u00e0 la pr\u00e9sidentielle de 2019, est d\u00e9j\u00e0 un cas d\u2019\u00e9cole. Plac\u00e9 en d\u00e9tention pr\u00e9ventive \u00e0 Dakar en avril 2013, reconnu coupable du d\u00e9lit d\u2019enrichissement illicite et condamn\u00e9 \u00e0 six ans de prison ferme et \u00e0 plus de 138 milliards de Francs CFA d\u2019amende, selon la d\u00e9cision lue le lundi 23 mars 2015 par le pr\u00e9sident de la Cour de r\u00e9pression de l\u2019enrichissement illicite (CREI), une juridiction sp\u00e9ciale, il a \u00e9t\u00e9 graci\u00e9 par un d\u00e9cret du Pr\u00e9sident Macky Sall en juin 2016. Karim Wade quittera le S\u00e9n\u00e9gal pour le Qatar peu apr\u00e8s sa lib\u00e9ration dans la m\u00eame nuit. Il y demeure toujours en tant que non \u00e9lecteur puisqu\u2019il a \u00e9t\u00e9 d\u00e9chu de son \u00e9ligibilit\u00e9.<\/p>\n\n\n\n<p>Idem pour le cas de l\u2019ancien premier magistrat de la ville de Dakar, Khalifa Ababacar Sall, qui a \u00e9t\u00e9 accus\u00e9 de \u00ab<em>d\u00e9tournement<\/em>\u00bb sur la caisse d\u2019avance de la mairie de Dakar et plac\u00e9 en d\u00e9tention, le 7 mars 2017. Au terme d\u2019un proc\u00e8s qui aura dur\u00e9 pr\u00e8s de deux mois et demi, Khalifa Sall a \u00e9t\u00e9 condamn\u00e9 \u00e0 5 ans de prison ferme avant d\u2019\u00eatre r\u00e9voqu\u00e9 par le chef de l\u2019Etat. Comme Karim Wade, lui aussi a \u00e9t\u00e9 lib\u00e9r\u00e9 par gr\u00e2ce pr\u00e9sidentielle datant du dimanche 29 septembre 2019. Une \u00ab<em>remise totale des peines principales<\/em>\u00bb pour l\u2019ancien maire de Dakar et pour deux de ses coaccus\u00e9s. Seulement, cette gr\u00e2ce ne concerne que la peine de prison, \u00e0 l\u2019exclusion de l\u2019amende inflig\u00e9e \u00e0 l\u2019ancien \u00e9dile de Dakar et de sa d\u00e9ch\u00e9ance \u00e9lectorale.<\/p>\n\n\n\n<p><strong>Sonko, le dernier sur la liste<\/strong><\/p>\n\n\n\n<p>En f\u00e9vrier 2021, une jeune femme pr\u00e9nomm\u00e9e Adji Sarr officiant dans un salon dit de massage, en l\u2019occurrence \u00abSweet beaut\u00e9 Spa\u00bb, accusait le d\u00e9put\u00e9 de l\u2019opposition de l\u2019avoir viol\u00e9e sous \u00ab<em>la menace \u00e0 quatre occasions<\/em>\u00bb. Convoqu\u00e9 d\u00e8s le lundi 8 f\u00e9vrier, Ousmane Sonko, prot\u00e9g\u00e9 par son immunit\u00e9 parlementaire, n\u2019avait pas d\u00e9f\u00e9r\u00e9 devant les gendarmes. Le lendemain, le 9 f\u00e9vrier 2021, la proc\u00e9dure de&nbsp;lev\u00e9e&nbsp;de son immunit\u00e9 parlementaire&nbsp; est enclench\u00e9e par l\u2019Assembl\u00e9e nationale. La pl\u00e9ni\u00e8re se tient \u00e0 huis clos en l\u2019absence du leader des Patriotes, suite \u00e0 la restitution des travaux de la commission ad hoc mise en place pour statuer sur son cas. Les d\u00e9put\u00e9s de l\u2019opposition refusent de participer au vote. Le mercredi 3 mars 2021, alors qu\u2019il d\u00e9f\u00e9rait \u00e0 la convocation du juge, et pour un diff\u00e9rend d\u2019itin\u00e9raire pour se rendre au Palais de justice, Ousmane Sonko se voit arr\u00eat\u00e9 et plac\u00e9 en garde \u00e0 vue pour \u00ab<em>troubles \u00e0 l\u2019ordre public<\/em>\u00bb et \u00ab<em>participation \u00e0 une manifestation non autoris\u00e9e<\/em>\u00bb. Son arrestation d\u00e9clenche une grave crise politico-sociale dans tout le pays. Ses partisans descendent dans la rue jugeant que l\u2019interpellation de leur leader est un complot du pr\u00e9sident Macky Sall visant \u00e0 l\u2019\u00e9liminer de la course \u00e0 la pr\u00e9sidentielle de 2024. Ces manifestations ont servi de catalyseur pour une jeunesse victime d\u2019une crise \u00e9conomique&nbsp;que le Covid-19 avait amplifi\u00e9e. Au bout du compte, des \u00e9meutes secouaient tout le pays les 4 et 5 mars 2021 et occasionnant la mort de 14 personnes. De fil en aiguille,&nbsp; Ousmane Sonko est finalement mis sous contr\u00f4le judiciaire avec interdiction de sortie du pays et son dossier confi\u00e9 au Doyen des juges Maham Diallo qui succ\u00e9dait \u00e0 Samba Sall, rappel\u00e9 \u00e0 Dieu entre temps.&nbsp; Le nouveau Doyen des juges renvoyait en Chambre criminelle le dossier opposant Ousmane Sonko et la masseuse Adji Sarr. Aujourd\u2019hui, l\u2019opinion est \u00e0 l\u2019\u00e9coute de la date du proc\u00e8s, tout en subissant les affres de l\u2019autre proc\u00e8s vraisemblablement intent\u00e9 contre le leader des Patriotes pour lui perdre sa carte d\u2019\u00e9lecteur, selon Pastef lui-m\u00eame. Allez demander au ministre du Tourisme Mame Mbaye Niang qui poursuit Ousmane Sonko pour diffamation dans la fameuse affaire Prodac.<\/p>\n\n\n\n<p><strong>&nbsp;&nbsp;&nbsp;&nbsp;&nbsp;&nbsp;&nbsp;&nbsp;&nbsp;&nbsp;&nbsp;&nbsp;&nbsp;&nbsp;&nbsp;&nbsp;&nbsp;&nbsp;&nbsp;&nbsp;&nbsp;&nbsp;&nbsp;&nbsp;&nbsp;&nbsp;&nbsp;&nbsp; &nbsp;&nbsp;&nbsp;&nbsp;&nbsp;&nbsp;&nbsp;&nbsp;&nbsp;&nbsp;&nbsp;&nbsp;&nbsp;&nbsp;&nbsp;&nbsp;&nbsp;&nbsp;&nbsp;&nbsp;M\u00eame Mimi au purgatoire<\/strong><\/p>\n\n\n\n<p>Dans cette entreprise m\u00e9thodique de r\u00e9duction de l\u2019opposition \u00ab&nbsp;\u00e0 sa plus simple expression&nbsp;\u00bb, sur fond de pseudo-utilisation \u00e0 tort ou \u00e0 raison des raccourcis de la Loi, personne ne semble \u00e0 l\u2019abri. A fortiori, les voix dissonantes en interne. L\u2019ancienne Premi\u00e8re ministre Aminata Tour\u00e9, longtemps proche du chef de l\u2019Etat Macky Sall et t\u00eate de liste de la majorit\u00e9 pour les L\u00e9gislatives de juillet dernier, en a v\u00e9cu l\u2019exp\u00e9rience. En butte au choix-surprise du pr\u00e9sident Amadou Mame Diop au perchoir, elle quitte le groupe Benno Bokk Yakaar en septembre 2022 pour devenir d\u00e9put\u00e9e non inscrite. Qui plus est, elle se d\u00e9clare candidate \u00e0 la pr\u00e9sidentielle de 2024 et fait du combat contre la troisi\u00e8me candidature du pr\u00e9sident Macky Sall son cheval de bataille. Du coup, elle s\u2019attire les foudres du pouvoir, perd son mandat de d\u00e9put\u00e9 en violation flagrante du r\u00e8glement int\u00e9rieur de l\u2019Assembl\u00e9e nationale et de la Loi constitutionnelle. Ses ex-camarades de parti ne sont pas arr\u00eat\u00e9s-l\u00e0 puisqu\u2019ils ont fini de lui coller un tendancieux dossier de mal gouvernance alors qu\u2019elle \u00e9tait \u00e0 la t\u00eate du Conseil \u00e9conomique, social et environnemental. Un dossier qui n\u2019a pas prosp\u00e9r\u00e9 au point d\u2019atterrir chez Dame justice. Cette volont\u00e9 de plomber les candidatures des partis les plus repr\u00e9sentatifs de l\u2019opposition aura fini par porter un coup dur au jeu d\u00e9mocratique et \u00e0 la soci\u00e9t\u00e9 en g\u00e9n\u00e9ral. A moins de 12 mois de la pr\u00e9sidentielle, le S\u00e9n\u00e9gal est ainsi englu\u00e9 dans une tension politique alarmante qui pr\u00e9sage de lendemains incertains.<\/p>\n\n\n\n<p><strong>M DIENG<\/strong><\/p>\n","protected":false},"excerpt":{"rendered":"<p>L\u2019\u00e9lection pr\u00e9sidentielle de 2024 qui se profile risque d\u2019\u00eatre paradoxale pour les suffragants s\u00e9n\u00e9galais. En pleine ann\u00e9e pr\u00e9-\u00e9lectorale, aucune des<\/p>\n","protected":false},"author":1,"featured_media":7361,"comment_status":"open","ping_status":"open","sticky":false,"template":"","format":"standard","meta":{"footnotes":""},"categories":[6],"tags":[],"class_list":["post-7360","post","type-post","status-publish","format-standard","has-post-thumbnail","hentry","category-politics"],"_links":{"self":[{"href":"https:\/\/dekkbi.com\/index.php?rest_route=\/wp\/v2\/posts\/7360","targetHints":{"allow":["GET"]}}],"collection":[{"href":"https:\/\/dekkbi.com\/index.php?rest_route=\/wp\/v2\/posts"}],"about":[{"href":"https:\/\/dekkbi.com\/index.php?rest_route=\/wp\/v2\/types\/post"}],"author":[{"embeddable":true,"href":"https:\/\/dekkbi.com\/index.php?rest_route=\/wp\/v2\/users\/1"}],"replies":[{"embeddable":true,"href":"https:\/\/dekkbi.com\/index.php?rest_route=%2Fwp%2Fv2%2Fcomments&post=7360"}],"version-history":[{"count":1,"href":"https:\/\/dekkbi.com\/index.php?rest_route=\/wp\/v2\/posts\/7360\/revisions"}],"predecessor-version":[{"id":7362,"href":"https:\/\/dekkbi.com\/index.php?rest_route=\/wp\/v2\/posts\/7360\/revisions\/7362"}],"wp:featuredmedia":[{"embeddable":true,"href":"https:\/\/dekkbi.com\/index.php?rest_route=\/wp\/v2\/media\/7361"}],"wp:attachment":[{"href":"https:\/\/dekkbi.com\/index.php?rest_route=%2Fwp%2Fv2%2Fmedia&parent=7360"}],"wp:term":[{"taxonomy":"category","embeddable":true,"href":"https:\/\/dekkbi.com\/index.php?rest_route=%2Fwp%2Fv2%2Fcategories&post=7360"},{"taxonomy":"post_tag","embeddable":true,"href":"https:\/\/dekkbi.com\/index.php?rest_route=%2Fwp%2Fv2%2Ftags&post=7360"}],"curies":[{"name":"wp","href":"https:\/\/api.w.org\/{rel}","templated":true}]}}