{"id":7351,"date":"2023-02-22T15:23:11","date_gmt":"2023-02-22T15:23:11","guid":{"rendered":"https:\/\/dekkbi.com\/?p=7351"},"modified":"2023-02-22T15:23:13","modified_gmt":"2023-02-22T15:23:13","slug":"fespaco-2023-une-serie-dactivites-pour-celebrer-le-centenaire-de-sembene-ousmane","status":"publish","type":"post","link":"https:\/\/dekkbi.com\/?p=7351","title":{"rendered":"Fespaco 2023 : une s\u00e9rie d\u2019activit\u00e9s pour c\u00e9l\u00e9brer le centenaire de Semb\u00e8ne Ousmane"},"content":{"rendered":"\n<p>(APS) \u2013 Plusieurs activit\u00e9s sont au programme g\u00e9n\u00e9ral de la 28-\u00e8me \u00e9dition du Festival panafricain du cin\u00e9ma et de la t\u00e9l\u00e9vision de Ouagadougou (Fespaco) qui s\u2019ouvre samedi, pour c\u00e9l\u00e9brer le centenaire du cin\u00e9aste s\u00e9n\u00e9galais Semb\u00e8ne Ousmane, indique une note de la F\u00e9d\u00e9ration panafricaine des cin\u00e9astes (FEPACI).<\/p>\n\n\n\n<p>La FEPACI pr\u00e9sid\u00e9e par le r\u00e9alisateur malien Cheik Oumar Sissoko organise samedi \u00e0 partir de 22 heures \u2013 apr\u00e8s la c\u00e9r\u00e9monie d\u2019ouverture officielle \u2013 la traditionnelle soir\u00e9e d\u2019hommage r\u00e9serv\u00e9e aux cin\u00e9astes disparus, au cours de laquelle le film \u2018\u2019Le mandat&nbsp;\u00bb de Semb\u00e8ne sera projet\u00e9.<\/p>\n\n\n\n<p>Le film raconte l\u2019histoire de Ibrahima Dieng, un bon musulman s\u00e9n\u00e9galais qui vit tranquillement avec ses deux femmes et leurs sept enfants. Tout bascule quand arrive un mandat d\u2019Abdou, son neveu \u00e9migr\u00e9 en France. Cette fortune inopin\u00e9e d\u00e9clenche convoitises et jalousies.<\/p>\n\n\n\n<p>La Fepaci pr\u00e9voit aussi une exposition en l\u2019honneur de l\u2019un de ses fondateurs.<\/p>\n\n\n\n<p>Le lendemain, apr\u00e8s la c\u00e9r\u00e9monie de libation, un rituel traditionnel organis\u00e9 chaque \u00e9dition au deuxi\u00e8me jour du festival pour le repos de l\u2019\u00e2me de tous les r\u00e9alisateurs et professionnels du cin\u00e9ma africain disparus, il est pr\u00e9vu une procession en hommage \u00e0 Semb\u00e8ne Ousmane affectueusement appel\u00e9 \u2018\u2019l\u2019A\u00een\u00e9 des anciens\u2019\u2019.<\/p>\n\n\n\n<p>Selon les organisateurs, elle va partir de la place des cin\u00e9astes au si\u00e8ge du Fespaco o\u00f9, annoncent-ils, un buste du r\u00e9alisateur s\u00e9n\u00e9galais va \u00eatre d\u00e9voil\u00e9. Celui-ci y trouvera celui d\u2019un autre r\u00e9alisateur s\u00e9n\u00e9galais, Paulin Soumanou Vieyra, install\u00e9 au depuis f\u00e9vrier 2017.<\/p>\n\n\n\n<p>Une table ronde d\u00e9di\u00e9 au centenaire de Sembene avec comme th\u00e8me \u2018\u2019Pour une approche critique de l\u2019\u0153uvre de Sembene Ousmane\u2019\u2019 sera organis\u00e9e mardi par la F\u00e9d\u00e9ration africaine de la critique cin\u00e9matographique (FACC). Cette rencontre pr\u00e9vue au si\u00e8ge du Fespaco sera anim\u00e9e par les critiques s\u00e9n\u00e9galais Baba Diop et Magu\u00e8ye Kass\u00e9 et le Fran\u00e7ais Olivier Barlet.<\/p>\n\n\n\n<p>Outre le Fespaco, la maison d\u2019\u00e9dition s\u00e9n\u00e9galaise \u2018\u2019Vives voix\u2019\u2019 va publier la monographie d\u00e9di\u00e9e au r\u00e9alisateur de \u2018\u2019Moolaad\u00e9\u2019\u2019 (2004) et intitul\u00e9 \u2018\u2019Semb\u00e8ne Ousmane, le fondateur\u2019\u2019 et pr\u00e9fac\u00e9 par l\u2019\u00e9crivain s\u00e9n\u00e9galais Mohamed Mbougar Sarr, prix Goncourt 2021.<\/p>\n\n\n\n<p>\u2018\u2019J\u2019esp\u00e8re que l\u2019ouvrage sera au centre de la c\u00e9l\u00e9bration du centenaire au Fespaco. (\u2026) \u2018Vives Voix\u2019 aura un stand au March\u00e9 international du cin\u00e9ma et de l\u2019audiovisuel africain du Fespaco pour y exposer son travail et les nouvelles publications\u2019\u2019, a dit \u00e0 l\u2019APS l\u2019\u00e9ditrice Gha\u00ebl Samb Sall.<\/p>\n\n\n\n<p>Le Fespaco 2023 s\u2019ach\u00e8ve le 4 mars par la divulgation du palmar\u00e8s des huit jurys de la comp\u00e9tition<\/p>\n\n\n\n<p><\/p>\n\n\n\n<p><\/p>\n","protected":false},"excerpt":{"rendered":"<p>(APS) \u2013 Plusieurs activit\u00e9s sont au programme g\u00e9n\u00e9ral de la 28-\u00e8me \u00e9dition du Festival panafricain du cin\u00e9ma et de la<\/p>\n","protected":false},"author":1,"featured_media":7352,"comment_status":"open","ping_status":"open","sticky":false,"template":"","format":"standard","meta":{"footnotes":""},"categories":[51],"tags":[],"class_list":["post-7351","post","type-post","status-publish","format-standard","has-post-thumbnail","hentry","category-general"],"_links":{"self":[{"href":"https:\/\/dekkbi.com\/index.php?rest_route=\/wp\/v2\/posts\/7351","targetHints":{"allow":["GET"]}}],"collection":[{"href":"https:\/\/dekkbi.com\/index.php?rest_route=\/wp\/v2\/posts"}],"about":[{"href":"https:\/\/dekkbi.com\/index.php?rest_route=\/wp\/v2\/types\/post"}],"author":[{"embeddable":true,"href":"https:\/\/dekkbi.com\/index.php?rest_route=\/wp\/v2\/users\/1"}],"replies":[{"embeddable":true,"href":"https:\/\/dekkbi.com\/index.php?rest_route=%2Fwp%2Fv2%2Fcomments&post=7351"}],"version-history":[{"count":1,"href":"https:\/\/dekkbi.com\/index.php?rest_route=\/wp\/v2\/posts\/7351\/revisions"}],"predecessor-version":[{"id":7353,"href":"https:\/\/dekkbi.com\/index.php?rest_route=\/wp\/v2\/posts\/7351\/revisions\/7353"}],"wp:featuredmedia":[{"embeddable":true,"href":"https:\/\/dekkbi.com\/index.php?rest_route=\/wp\/v2\/media\/7352"}],"wp:attachment":[{"href":"https:\/\/dekkbi.com\/index.php?rest_route=%2Fwp%2Fv2%2Fmedia&parent=7351"}],"wp:term":[{"taxonomy":"category","embeddable":true,"href":"https:\/\/dekkbi.com\/index.php?rest_route=%2Fwp%2Fv2%2Fcategories&post=7351"},{"taxonomy":"post_tag","embeddable":true,"href":"https:\/\/dekkbi.com\/index.php?rest_route=%2Fwp%2Fv2%2Ftags&post=7351"}],"curies":[{"name":"wp","href":"https:\/\/api.w.org\/{rel}","templated":true}]}}