{"id":7348,"date":"2023-02-22T14:41:20","date_gmt":"2023-02-22T14:41:20","guid":{"rendered":"https:\/\/dekkbi.com\/?p=7348"},"modified":"2023-02-22T14:41:22","modified_gmt":"2023-02-22T14:41:22","slug":"demarrage-du-careme-ce-mercredi-des-cendres-les-fideles-se-rappellent-leur-fragilite","status":"publish","type":"post","link":"https:\/\/dekkbi.com\/?p=7348","title":{"rendered":"D\u00e9marrage du car\u00eame, ce Mercredi des Cendres : Les fid\u00e8les se rappellent leur fragilit\u00e9"},"content":{"rendered":"\n<h3 class=\"wp-block-heading\">La communaut\u00e9 catholique du monde va d\u00e9marrer le Car\u00eame, ce mercredi 22 f\u00e9vrier 2023, avec le rituel des Cendres. Un c\u00e9r\u00e9monial o\u00f9 le pr\u00eatre marque sur le front du fid\u00e8le catholique, les Cendres, pour le rappeler de sa condition humaine, \u00abtu es poussi\u00e8re et tu retourneras en poussi\u00e8re\u00bb, mais aussi, en signe de sa fragilit\u00e9\u0301 en tant qu\u2019homme, de l\u2019esp\u00e9rance en la Mis\u00e9ricorde de Dieu. Ce moment, selon la Liturgie, est aussi une p\u00e9riode de p\u00e9nitence, de je\u00fbne et de pri\u00e8re, qu\u2019il devrait observer tout le temps du Car\u00eame qui dure quarante (40) jours. \u00ab\u00a0Sud Quotidien\u00a0\u00bb<\/h3>\n\n\n\n<p>Le Pape Gr\u00e9goire Ier institue, aux alentours de l\u2019an 591, la coutume, en ce mercredi du d\u00e9but du Car\u00eame, de consacrer au service divin, les Cendres des Rameaux de l\u2019ann\u00e9e pr\u00e9c\u00e9dente et de tracer, avec ces Cendres, une croix sur le front des fid\u00e8les. Ce rituel marque ainsi le d\u00e9but de quarante (40) jours de je\u00fbne, de p\u00e9nitence, de partage, que tout chr\u00e9tien devra observer toute la p\u00e9riode. Cette marche qui devra conduire le chr\u00e9tien \u00e0 P\u00e2ques, un temps de puret\u00e9, d\u2019all\u00e9gresse, reste un moment important dans la vie d\u2019un fid\u00e8le chr\u00e9tien.<\/p>\n\n\n\n<p>Selon plusieurs th\u00e9ologiens, les Cendres sont le signe de p\u00e9nitence que les chr\u00e9tiens re\u00e7oivent sur le front, des mains d\u2019un pr\u00eatre, sous la forme d\u2019une croix. Le \u00abMercredi des Cendres\u00bb reste ainsi un jour de \u00abpurification\u00bb du corps et de l\u2019esprit. C\u2019est un jour de p\u00e9nitence pour les chr\u00e9tiens, qui repose sur la pri\u00e8re, l\u2019aum\u00f4ne et le je\u00fbne.<\/p>\n\n\n\n<p>ORIGINE DES CENDRES<\/p>\n\n\n\n<p>Dans l\u2019Antiquit\u00e9, les Cendres symbolisaient la p\u00e9nitence. Les hommes s\u2019en couvraient la t\u00eate et manifestaient ainsi, un grand malheur ou un deuil. Dans l\u2019Ancien Testament, la Liturgie \u00e9voque, \u00e0 de nombreuses reprises, les Cendres comme un symbole de tristesse de l\u2019homme face au malheur. Ainsi, dans le livre de la Gen\u00e8se, Abraham dit: \u00abVoici, j\u2019ai os\u00e9 parler au Seigneur, moi qui ne suis que poudre et cendre\u00bb. Dieu a aussi adress\u00e9 cette parole \u00e9loquente envers Adam : \u00abTu es poussi\u00e8re, et \u00e0 la poussi\u00e8re tu retourneras\u00bb.<\/p>\n\n\n\n<p>Selon le site Catholique.fr, ce rituel \u00e9voque globalement la repr\u00e9sentation du p\u00e9ch\u00e9\u0301 et de la fragilit\u00e9\u0301 de l\u2019\u00eatre. On peut y lire que quand l\u2019homme se recouvre de cendres, c\u2019est qu\u2019il veut montrer \u00e0 Dieu qu\u2019il reconnait ses fautes. Par voie de cons\u00e9quence, il demande \u00e0\u0300 Dieu le pardon de ses p\u00e9ch\u00e9s : il fait p\u00e9nitence. Les cendres peuvent aussi \u00eatre un signe de renaissance car, tous les hommes sont des p\u00e9cheurs devant Dieu.<\/p>\n\n\n\n<p>Maintenant, comment s\u2019en d\u00e9gager ? Dans le Nouveau Testament, J\u00e9sus apprend aux fid\u00e8les chr\u00e9tiens qu\u2019ils seront victorieux du p\u00e9ch\u00e9\u0301, quand ils auront appris par l\u2019\u00c9vangile, \u00e0 remplacer le feu du mal par le feu de l\u2019Amour. Car le feu qui br\u00fble ce jour, d\u00e9truit d\u2019abord ; mais, en m\u00eame temps, ce feu \u00e9claire, r\u00e9chauffe, r\u00e9conforte, guide et encourage.<\/p>\n\n\n\n<p>Nd\u00e8ye Fatou K\u00e9b\u00e9<\/p>\n","protected":false},"excerpt":{"rendered":"<p>La communaut\u00e9 catholique du monde va d\u00e9marrer le Car\u00eame, ce mercredi 22 f\u00e9vrier 2023, avec le rituel des Cendres. Un<\/p>\n","protected":false},"author":1,"featured_media":7349,"comment_status":"open","ping_status":"open","sticky":false,"template":"","format":"standard","meta":{"footnotes":""},"categories":[21],"tags":[],"class_list":["post-7348","post","type-post","status-publish","format-standard","has-post-thumbnail","hentry","category-societe"],"_links":{"self":[{"href":"https:\/\/dekkbi.com\/index.php?rest_route=\/wp\/v2\/posts\/7348","targetHints":{"allow":["GET"]}}],"collection":[{"href":"https:\/\/dekkbi.com\/index.php?rest_route=\/wp\/v2\/posts"}],"about":[{"href":"https:\/\/dekkbi.com\/index.php?rest_route=\/wp\/v2\/types\/post"}],"author":[{"embeddable":true,"href":"https:\/\/dekkbi.com\/index.php?rest_route=\/wp\/v2\/users\/1"}],"replies":[{"embeddable":true,"href":"https:\/\/dekkbi.com\/index.php?rest_route=%2Fwp%2Fv2%2Fcomments&post=7348"}],"version-history":[{"count":1,"href":"https:\/\/dekkbi.com\/index.php?rest_route=\/wp\/v2\/posts\/7348\/revisions"}],"predecessor-version":[{"id":7350,"href":"https:\/\/dekkbi.com\/index.php?rest_route=\/wp\/v2\/posts\/7348\/revisions\/7350"}],"wp:featuredmedia":[{"embeddable":true,"href":"https:\/\/dekkbi.com\/index.php?rest_route=\/wp\/v2\/media\/7349"}],"wp:attachment":[{"href":"https:\/\/dekkbi.com\/index.php?rest_route=%2Fwp%2Fv2%2Fmedia&parent=7348"}],"wp:term":[{"taxonomy":"category","embeddable":true,"href":"https:\/\/dekkbi.com\/index.php?rest_route=%2Fwp%2Fv2%2Fcategories&post=7348"},{"taxonomy":"post_tag","embeddable":true,"href":"https:\/\/dekkbi.com\/index.php?rest_route=%2Fwp%2Fv2%2Ftags&post=7348"}],"curies":[{"name":"wp","href":"https:\/\/api.w.org\/{rel}","templated":true}]}}