{"id":7321,"date":"2023-02-22T13:31:18","date_gmt":"2023-02-22T13:31:18","guid":{"rendered":"https:\/\/dekkbi.com\/?p=7321"},"modified":"2023-02-22T14:38:42","modified_gmt":"2023-02-22T14:38:42","slug":"mali-3-morts-et-5-blesses-journee-noire-pour-les-jambaar","status":"publish","type":"post","link":"https:\/\/dekkbi.com\/?p=7321","title":{"rendered":"Mali \u2013 3 morts et 5 bless\u00e9s : Journ\u00e9e noire pour les Jambaar"},"content":{"rendered":"\n<p><strong>C\u2019est une trag\u00e9die pour les Casques bleus s\u00e9n\u00e9galais engag\u00e9s au Mali. 3 Jambaars ont \u00e9t\u00e9 tu\u00e9s et 5 autres bless\u00e9s hier par un engin explosif improvis\u00e9 dans le Centre du Mali. Au sein de l\u2019Arm\u00e9e et de la Minusma, c\u2019est la consternation.<\/strong><\/p>\n\n\n\n<p><strong>Par Dieynaba KANE \u2013<\/strong>&nbsp;Trois militaires du d\u00e9tachement s\u00e9n\u00e9galais engag\u00e9 au Mali ont perdu la vie. Ce bilan pourrait peut-\u00eatre s\u2019alourdir, car 5 autres ont \u00e9t\u00e9 gri\u00e8vement bless\u00e9s. Selon le communiqu\u00e9 de la Dirpa, le v\u00e9hicule de ces Casques bleus \u00aba heurt\u00e9 un engin explosif improvis\u00e9 dans le Centre du Mali\u00bb. D\u2019apr\u00e8s la Minusma, \u00abl\u2019incident a eu lieu pr\u00e8s du village de Songobia, situ\u00e9 \u00e0 29 km au sud-ouest de la ville de Bandiagara, alors que leur convoi de ravitaillement \u00e9tait en route vers leur base de S\u00e9var\u00e9\u00bb. La Direction de l\u2019information et des relations publiques de l\u2019Arm\u00e9e (Dirpa), qui donne \u00e9galement la nouvelle dans un communiqu\u00e9, renseigne que les proc\u00e9dures administratives sont en cours pour le rapatriement des corps et des bless\u00e9s. Elle fait savoir aussi que les bless\u00e9s ont \u00e9t\u00e9 secourus et \u00e9vacu\u00e9s dans les structures d\u00e9di\u00e9es.<\/p>\n\n\n\n<p>Le Repr\u00e9sentant sp\u00e9cial du Secr\u00e9taire g\u00e9n\u00e9ral des Nations unies au Mali et chef de la Minusma, El-Ghassim Wane, a condamn\u00e9 \u00abfermement cette attaque\u00bb et a pr\u00e9sent\u00e9 ses \u00abcondol\u00e9ances les plus \u00e9mues aux familles et fr\u00e8res d\u2019armes des d\u00e9funts Casques bleus\u00bb. Selon lui, cet incident est \u00abune illustration tragique suppl\u00e9mentaire de la complexit\u00e9 de notre environnement op\u00e9rationnel et des sacrifices consentis par la Communaut\u00e9 internationale pour la paix au Mali\u00bb. Cit\u00e9 dans le document, le chef de la Minusma rappelle \u00abque les attaques visant les forces de maintien de la paix peuvent constituer des crimes de guerre au regard du Droit international\u00bb. M. Wane souligne ainsi la n\u00e9cessit\u00e9 de tout mettre en \u0153uvre pour identifier et traduire en Justice les auteurs d\u2019actes hostiles contre la Minusma. Dans la m\u00eame veine, le Repr\u00e9sentant sp\u00e9cial a \u00abrenouvel\u00e9 l\u2019engagement de la Minusma, dans le cadre de son mandat, \u00e0 continuer \u00e0 \u0153uvrer en faveur de la s\u00e9curit\u00e9 et de la stabilit\u00e9 au Mali, en appui aux efforts des autorit\u00e9s maliennes et des autres acteurs concern\u00e9s\u00bb. Dans le communiqu\u00e9, il est pr\u00e9cis\u00e9 que la Minusma \u00abest l\u2019une des op\u00e9rations de paix les plus dangereuses pour les Casques bleus\u00bb. \u00abDepuis son d\u00e9ploiement au Mali en 2013, 168 soldats de la paix y ont perdu la vie dans des actes hostiles\u00bb, informe la Minusma.<\/p>\n\n\n\n<p>Il faut savoir que le Detsen 11\/Minusma compte un effectif de 850 militaires. Il a \u00e9t\u00e9 d\u00e9ploy\u00e9 au Mali entre le 16 ao\u00fbt et le 15 septembre 2022, pour une dur\u00e9e d\u2019un an. Il a fallu beaucoup de temps et de diplomatie pour que la rel\u00e8ve s\u2019effectue \u00e0 cause du blocage des rotations des Casques bleus de la Minusma par les autorit\u00e9s maliennes pendant plusieurs mois. Ce qui avait retard\u00e9 la rel\u00e8ve des troupes s\u00e9n\u00e9galaises et aussi d\u2019autres pays.<br>dkane@lequotidien.sn<\/p>\n","protected":false},"excerpt":{"rendered":"<p>C\u2019est une trag\u00e9die pour les Casques bleus s\u00e9n\u00e9galais engag\u00e9s au Mali. 3 Jambaars ont \u00e9t\u00e9 tu\u00e9s et 5 autres bless\u00e9s<\/p>\n","protected":false},"author":1,"featured_media":7322,"comment_status":"open","ping_status":"open","sticky":false,"template":"","format":"standard","meta":{"footnotes":""},"categories":[26],"tags":[],"class_list":["post-7321","post","type-post","status-publish","format-standard","has-post-thumbnail","hentry","category-fait-divers"],"_links":{"self":[{"href":"https:\/\/dekkbi.com\/index.php?rest_route=\/wp\/v2\/posts\/7321","targetHints":{"allow":["GET"]}}],"collection":[{"href":"https:\/\/dekkbi.com\/index.php?rest_route=\/wp\/v2\/posts"}],"about":[{"href":"https:\/\/dekkbi.com\/index.php?rest_route=\/wp\/v2\/types\/post"}],"author":[{"embeddable":true,"href":"https:\/\/dekkbi.com\/index.php?rest_route=\/wp\/v2\/users\/1"}],"replies":[{"embeddable":true,"href":"https:\/\/dekkbi.com\/index.php?rest_route=%2Fwp%2Fv2%2Fcomments&post=7321"}],"version-history":[{"count":1,"href":"https:\/\/dekkbi.com\/index.php?rest_route=\/wp\/v2\/posts\/7321\/revisions"}],"predecessor-version":[{"id":7323,"href":"https:\/\/dekkbi.com\/index.php?rest_route=\/wp\/v2\/posts\/7321\/revisions\/7323"}],"wp:featuredmedia":[{"embeddable":true,"href":"https:\/\/dekkbi.com\/index.php?rest_route=\/wp\/v2\/media\/7322"}],"wp:attachment":[{"href":"https:\/\/dekkbi.com\/index.php?rest_route=%2Fwp%2Fv2%2Fmedia&parent=7321"}],"wp:term":[{"taxonomy":"category","embeddable":true,"href":"https:\/\/dekkbi.com\/index.php?rest_route=%2Fwp%2Fv2%2Fcategories&post=7321"},{"taxonomy":"post_tag","embeddable":true,"href":"https:\/\/dekkbi.com\/index.php?rest_route=%2Fwp%2Fv2%2Ftags&post=7321"}],"curies":[{"name":"wp","href":"https:\/\/api.w.org\/{rel}","templated":true}]}}