{"id":7310,"date":"2023-02-21T11:58:22","date_gmt":"2023-02-21T11:58:22","guid":{"rendered":"https:\/\/dekkbi.com\/?p=7310"},"modified":"2023-02-21T11:58:23","modified_gmt":"2023-02-21T11:58:23","slug":"changements-dans-la-magistrature-jeu-de-sieges","status":"publish","type":"post","link":"https:\/\/dekkbi.com\/?p=7310","title":{"rendered":"Changements dans la Magistrature : Jeu de si\u00e8ges"},"content":{"rendered":"\n<p><strong>Le Pr\u00e9sident Sall a pris hier des d\u00e9cisions magistrales qui secouent en profondeur le Temple de Th\u00e9mis. En r\u00e9union du Conseil sup\u00e9rieur de la magistrature (Csm), Macky Sall a proc\u00e9d\u00e9 \u00e0 la nomination du successeur de Cheikh Tidiane Coulibaly&nbsp;\u00e0 la Cour supr\u00eame : il s\u2019agit de Cir\u00e9 Aly Ba qui va \u00eatre remplac\u00e9 \u00e0 la Cour d\u2019appel de Dakar par Amath Diouf qui \u00e9tait procureur de la R\u00e9publique de Dakar. Abdou Karim Diop et Ibrahima Bakhoum deviennent respectivement le chef de Parquet de Dakar et Procureur g\u00e9n\u00e9ral pr\u00e8s la Cour d\u2019appel de Dakar.<\/strong><\/p>\n\n\n\n<p><strong>Par Bocar SAKHO \u2013<\/strong>&nbsp;Dans ses deux derni\u00e8res \u00e9ditions, Le Quotidien avait annonc\u00e9 des changements en profondeur au niveau des cours et tribunaux. Et le mouvement magistral a \u00e9videmment eu lieu, car le Conseil sup\u00e9rieur de la magistrature (Csm) a pris hier lors de sa r\u00e9union, de mesures fortes. Peut-\u00eatre r\u00e9volutionnaires. Cir\u00e9 Aly Ba a \u00e9t\u00e9 nomm\u00e9 Premier pr\u00e9sident de la Cour supr\u00eame en remplacement de Cheikh Tidiane Coulibaly admis \u00e0 la retraite. Alors que l\u2019ancien administrateur des Chambres africaines extraordinaires \u00e9tait Premier pr\u00e9sident de la Cour d\u2019appel de Dakar depuis le d\u00e9part de Demba Kandji \u00e0 la pr\u00e9sidence puis \u00e0 la M\u00e9diature de la R\u00e9publique. Pour cette nomination, c\u2019est presqu\u2019une rupture que le Csm a op\u00e9r\u00e9e lors de sa r\u00e9union d\u2019hier. Depuis le r\u00e9tablissement de la Cour supr\u00eame, il y avait des promotions internes&nbsp;: Pape Oumar Sakho a \u00e9t\u00e9 remplac\u00e9 par Mamadou Badio Camara, qui \u00e9tait Procureur g\u00e9n\u00e9ral pr\u00e8s la haute juridiction. Mamadou Badio Camara a \u00e9t\u00e9 aussi succ\u00e9d\u00e9 par Cheikh Tidiane Coulibaly qui assurait les fonctions de Pg au niveau de la m\u00eame institution, qui \u00e9choit toujours \u00e0 Mamadou Mansour Mbaye.<\/p>\n\n\n\n<p>Amady Diouf \u00e0 la Cour d\u2019appel de Dakar, Abdou Karim Diop procureur de Dakar,\u2026<\/p>\n\n\n\n<p>Pour Cir\u00e9 Aly Ba, c\u2019est une cons\u00e9cration en atterrissant \u00e0 cette fonction qui aiguise les app\u00e9tits de tous les hauts magistrats. Dans une autre vie, l\u2019ancien procureur de la R\u00e9publique de Saint-Louis a \u00e9t\u00e9 aussi l\u2019administrateur des Chambres africaines extraordinaires, qui ont organis\u00e9 le proc\u00e8s de Hissein Habr\u00e9. Le Parquet g\u00e9n\u00e9ral pr\u00e8s la Cour d\u2019appel de Dakar change aussi de chef&nbsp;: Ibrahima Bakhoum, Avocat g\u00e9n\u00e9ral au niveau de cette juridiction, prend la suite de Ousmane Diagne.<\/p>\n\n\n\n<p><strong>Chamboulements dans les Tgi et Ti et Parquets g\u00e9n\u00e9raux<\/strong><br>Par ailleurs, Cir\u00e9 Aly Ba c\u00e8de la Cour d\u2019appel de Dakar \u00e0 Amady Diouf qui \u00e9tait procureur de la R\u00e9publique pr\u00e8s le Tribunal r\u00e9gional hors classe de grande instance Dakar. Abdou Karim Diop, qui \u00e9tait procureur adjoint, devient le chef du Parquet de Dakar. Samba Faye est le nouveau procureur g\u00e9n\u00e9ral de Kaolack en remplacement de Alpha Ousseyni Diallo&nbsp;; Saliou Mbaye devient Pg de Ziguinchor. Alors que Cheikh Ndiaye n\u2019est plus Premier pr\u00e9sident de la Cour d\u2019appel de Saint-Louis puis qu\u2019il est le nouveau Premier avocat g\u00e9n\u00e9ral pr\u00e8s la Cour supr\u00eame. Il est remplac\u00e9 par Ousmane Chim\u00e8re Diouf.<\/p>\n\n\n\n<p>Comme Le Quotidien l\u2019avait r\u00e9v\u00e9l\u00e9 dans son \u00e9dition du lundi, le Conseil sup\u00e9rieur de la magistrature a retouch\u00e9 en profondeur les Tribunaux de grande instance et les Tribunaux d\u2019instance. Par exemple, Moustapha Fall devient le pr\u00e9sident du Tribunal de grande instance de Dakar en remplacement de Abdoulaye Ba. Il y a eu des changements \u00e0 Mbour, Rufisque, Oussouye, Dakar, Sal\u00e9mata, Pikine-Gu\u00e9diawaye, Kaolack, K\u00e9dougou\u2026 Cette fois, le pr\u00e9-conseil n\u2019a pas \u00e9t\u00e9 tenu comme cela se fait r\u00e9guli\u00e8rement.<\/p>\n\n\n\n<p><br><strong>bsakho@lequotidien.sn<\/strong><\/p>\n","protected":false},"excerpt":{"rendered":"<p>Le Pr\u00e9sident Sall a pris hier des d\u00e9cisions magistrales qui secouent en profondeur le Temple de Th\u00e9mis. En r\u00e9union du<\/p>\n","protected":false},"author":1,"featured_media":7311,"comment_status":"open","ping_status":"open","sticky":false,"template":"","format":"standard","meta":{"footnotes":""},"categories":[21],"tags":[],"class_list":["post-7310","post","type-post","status-publish","format-standard","has-post-thumbnail","hentry","category-societe"],"_links":{"self":[{"href":"https:\/\/dekkbi.com\/index.php?rest_route=\/wp\/v2\/posts\/7310","targetHints":{"allow":["GET"]}}],"collection":[{"href":"https:\/\/dekkbi.com\/index.php?rest_route=\/wp\/v2\/posts"}],"about":[{"href":"https:\/\/dekkbi.com\/index.php?rest_route=\/wp\/v2\/types\/post"}],"author":[{"embeddable":true,"href":"https:\/\/dekkbi.com\/index.php?rest_route=\/wp\/v2\/users\/1"}],"replies":[{"embeddable":true,"href":"https:\/\/dekkbi.com\/index.php?rest_route=%2Fwp%2Fv2%2Fcomments&post=7310"}],"version-history":[{"count":1,"href":"https:\/\/dekkbi.com\/index.php?rest_route=\/wp\/v2\/posts\/7310\/revisions"}],"predecessor-version":[{"id":7312,"href":"https:\/\/dekkbi.com\/index.php?rest_route=\/wp\/v2\/posts\/7310\/revisions\/7312"}],"wp:featuredmedia":[{"embeddable":true,"href":"https:\/\/dekkbi.com\/index.php?rest_route=\/wp\/v2\/media\/7311"}],"wp:attachment":[{"href":"https:\/\/dekkbi.com\/index.php?rest_route=%2Fwp%2Fv2%2Fmedia&parent=7310"}],"wp:term":[{"taxonomy":"category","embeddable":true,"href":"https:\/\/dekkbi.com\/index.php?rest_route=%2Fwp%2Fv2%2Fcategories&post=7310"},{"taxonomy":"post_tag","embeddable":true,"href":"https:\/\/dekkbi.com\/index.php?rest_route=%2Fwp%2Fv2%2Ftags&post=7310"}],"curies":[{"name":"wp","href":"https:\/\/api.w.org\/{rel}","templated":true}]}}