{"id":7301,"date":"2023-02-20T16:26:30","date_gmt":"2023-02-20T16:26:30","guid":{"rendered":"https:\/\/dekkbi.com\/?p=7301"},"modified":"2023-02-20T16:26:32","modified_gmt":"2023-02-20T16:26:32","slug":"lua-reaffirme-sa-tolerance-zero-face-aux-changements-anticonstitutionnels","status":"publish","type":"post","link":"https:\/\/dekkbi.com\/?p=7301","title":{"rendered":"L\u2019UA r\u00e9affirme sa \u00ab&nbsp;tol\u00e9rance z\u00e9ro&nbsp;\u00bb face aux \u00ab&nbsp;changements anticonstitutionnels&nbsp;\u00bb"},"content":{"rendered":"\n<p>Par Khalil Kamara<\/p>\n\n\n\n<p><strong>L\u2019Union africaine (UA) a r\u00e9affirm\u00e9 dimanche sa \u00ab\u00a0<em>tol\u00e9rance z\u00e9ro<\/em>\u00a0\u00bb face aux \u00ab\u00a0<em>changements anticonstitutionnels<\/em>\u00a0\u00bb de gouvernement et a maintenu la suspension de ses rangs du Burkina Faso, du Mali, de la Guin\u00e9e et du Soudan.<\/strong><\/p>\n\n\n\n<p>Le Mali, la Guin\u00e9e et le Soudan avaient \u00e9t\u00e9 suspendus par l\u2019Union africaine en 2021, le Burkina un an plus tard, apr\u00e8s la prise de pouvoir par des militaires.<\/p>\n\n\n\n<p>L\u2019assembl\u00e9e des pays membres de l\u2019UA a \u00ab&nbsp;<em>r\u00e9affirm\u00e9 la tol\u00e9rance z\u00e9ro contre les changements anticonstitutionnels de gouvernement<\/em>\u00ab&nbsp;, a d\u00e9clar\u00e9 dimanche lors d\u2019une conf\u00e9rence de presse Bankole Adeoye, responsable du Conseil de paix et de s\u00e9curit\u00e9 de l\u2019UA.<\/p>\n\n\n\n<p>Le 36e sommet de l\u2019UA se tient samedi et dimanche \u00e0 Addis Abeba, capitale de l\u2019\u00c9thiopie.<\/p>\n\n\n\n<p>L\u2019UA est pr\u00eate \u00e0 aider les quatre pays \u00e0 \u00ab&nbsp;<em>revenir \u00e0 l\u2019ordre constitutionnel<\/em>\u00ab&nbsp;, a poursuivi M. Adeoye.<\/p>\n\n\n\n<p>La d\u00e9mocratie doit \u00eatre \u00ab&nbsp;<em>prot\u00e9g\u00e9e<\/em>&nbsp;\u00bb et \u00ab&nbsp;<em>s\u2019enraciner<\/em>&nbsp;\u00bb et l\u2019Union africaine \u00ab&nbsp;<em>demeure intransigeante contre toute accession non d\u00e9mocratique au pouvoir<\/em>\u00ab&nbsp;, a martel\u00e9 Bankole Adeoye.<\/p>\n\n\n\n<p>Le Mali, le Burkina et la Guin\u00e9e, trois pays d\u2019Afrique de l\u2019Ouest, ont \u00e9galement \u00e9t\u00e9 suspendus par la Communaut\u00e9 \u00e9conomique des Etats d\u2019Afrique de l\u2019Ouest (C\u00e9d\u00e9ao).<\/p>\n\n\n\n<p>Les pays membres de la C\u00e9d\u00e9ao ont d\u00e9cid\u00e9 samedi de maintenir ces sanctions et \u00ab&nbsp;<em>d\u2019imposer des interdictions de voyage aux membres du gouvernement et d\u2019autres repr\u00e9sentants<\/em>&nbsp;\u00bb de ces pays, selon un communiqu\u00e9 sign\u00e9 par le chef de l\u2019Etat bissau-guin\u00e9en Umaro Sissoco Embalo, pr\u00e9sident en exercice de la C\u00e9d\u00e9ao, \u00e0 l\u2019issue d\u2019une r\u00e9union organis\u00e9e en marge du sommet de l\u2019UA.<\/p>\n\n\n\n<p>Les trois pays avaient demand\u00e9 le 10 f\u00e9vrier la lev\u00e9e de leur suspension de la C\u00e9d\u00e9ao, mais \u00e9galement de l\u2019UA, d\u00e9plorant les \u00ab&nbsp;<em>sanctions impos\u00e9es<\/em>\u00ab&nbsp;.<\/p>\n\n\n\n<p>Dans ces trois pays, le retour \u00e0 l\u2019ordre constitutionnel est th\u00e9oriquement pr\u00e9vu en 2024 au Mali et au Burkina Faso, en 2025 en Guin\u00e9e.<\/p>\n\n\n\n<p>Apr\u00e8s le Mali, le Burkina Faso a \u00e9galement \u00e9t\u00e9 ensanglant\u00e9 par les violences jihadistes.<\/p>\n\n\n\n<p>L\u2019organisation continentale s\u2019est dite pr\u00eate \u00e0 \u00ab&nbsp;<em>aider ces pays face au fl\u00e9au du terrorisme<\/em>\u00ab&nbsp;.<\/p>\n\n\n\n<p>Le Mali, le Burkina et la Guin\u00e9e avaient envoy\u00e9 des d\u00e9l\u00e9gations \u00e0 Addis Abeba pour plaider la lev\u00e9e de ces suspensions.<\/p>\n\n\n\n<p>Moussa Faki Mahamat, pr\u00e9sident de la Commission de l\u2019UA, avait affirm\u00e9 samedi que \u00ab&nbsp;<em>ces sanctions ne semblent pas produire les r\u00e9sultats escompt\u00e9s<\/em>\u00ab&nbsp;. \u00ab&nbsp;<em>Bien au contraire, elles suscitent la d\u00e9fiance des Etats concern\u00e9s et paraissent sanctionner davantage les populations<\/em>\u00ab&nbsp;, avait-il poursuivi.<\/p>\n\n\n\n<p><em>TV5Monde avec AFP<\/em><\/p>\n","protected":false},"excerpt":{"rendered":"<p>Par Khalil Kamara L\u2019Union africaine (UA) a r\u00e9affirm\u00e9 dimanche sa \u00ab\u00a0tol\u00e9rance z\u00e9ro\u00a0\u00bb face aux \u00ab\u00a0changements anticonstitutionnels\u00a0\u00bb de gouvernement et a<\/p>\n","protected":false},"author":1,"featured_media":7302,"comment_status":"open","ping_status":"open","sticky":false,"template":"","format":"standard","meta":{"footnotes":""},"categories":[51],"tags":[],"class_list":["post-7301","post","type-post","status-publish","format-standard","has-post-thumbnail","hentry","category-general"],"_links":{"self":[{"href":"https:\/\/dekkbi.com\/index.php?rest_route=\/wp\/v2\/posts\/7301","targetHints":{"allow":["GET"]}}],"collection":[{"href":"https:\/\/dekkbi.com\/index.php?rest_route=\/wp\/v2\/posts"}],"about":[{"href":"https:\/\/dekkbi.com\/index.php?rest_route=\/wp\/v2\/types\/post"}],"author":[{"embeddable":true,"href":"https:\/\/dekkbi.com\/index.php?rest_route=\/wp\/v2\/users\/1"}],"replies":[{"embeddable":true,"href":"https:\/\/dekkbi.com\/index.php?rest_route=%2Fwp%2Fv2%2Fcomments&post=7301"}],"version-history":[{"count":1,"href":"https:\/\/dekkbi.com\/index.php?rest_route=\/wp\/v2\/posts\/7301\/revisions"}],"predecessor-version":[{"id":7303,"href":"https:\/\/dekkbi.com\/index.php?rest_route=\/wp\/v2\/posts\/7301\/revisions\/7303"}],"wp:featuredmedia":[{"embeddable":true,"href":"https:\/\/dekkbi.com\/index.php?rest_route=\/wp\/v2\/media\/7302"}],"wp:attachment":[{"href":"https:\/\/dekkbi.com\/index.php?rest_route=%2Fwp%2Fv2%2Fmedia&parent=7301"}],"wp:term":[{"taxonomy":"category","embeddable":true,"href":"https:\/\/dekkbi.com\/index.php?rest_route=%2Fwp%2Fv2%2Fcategories&post=7301"},{"taxonomy":"post_tag","embeddable":true,"href":"https:\/\/dekkbi.com\/index.php?rest_route=%2Fwp%2Fv2%2Ftags&post=7301"}],"curies":[{"name":"wp","href":"https:\/\/api.w.org\/{rel}","templated":true}]}}