{"id":7284,"date":"2023-02-20T15:08:44","date_gmt":"2023-02-20T15:08:44","guid":{"rendered":"https:\/\/dekkbi.com\/?p=7284"},"modified":"2023-02-20T15:08:45","modified_gmt":"2023-02-20T15:08:45","slug":"ua-fin-de-mandat-le-viatique-de-macky-a-azali","status":"publish","type":"post","link":"https:\/\/dekkbi.com\/?p=7284","title":{"rendered":"UA \u2013 Fin de mandat: Le viatique de Macky \u00e0 Azali"},"content":{"rendered":"\n<p><strong>Le Pr\u00e9sident du S\u00e9n\u00e9gal a r\u00e9alis\u00e9 beaucoup de choses au cours de son mandat \u00e0 la t\u00eate de l\u2019Union africaine. M\u00eame s\u2019il y a mati\u00e8re \u00e0 s\u2019en glorifier, Macky Sall ne perd pas pour autant la conscience que beaucoup d\u2019autres choses encore n\u2019ont pas pu \u00eatre accomplies. Il compte sur son successeur pour donner une bonne impulsion aux chantiers qu\u2019il avait d\u00e9j\u00e0 entam\u00e9s.<\/strong><\/p>\n\n\n\n<p><strong>Par Mohamed GUEYE \u2013<\/strong>&nbsp;Le samedi dernier, au si\u00e8ge de l\u2019Union africaine (Ua), le Pr\u00e9sident Macky Sall ne s\u2019est pas juste content\u00e9 de remettre le b\u00e2ton de commandement \u00e0 son successeur, le Comorien Azali Assoumani. Le chef de l\u2019Etat s\u00e9n\u00e9galais, avant de se d\u00e9barrasser de ses oripeaux de pr\u00e9sident de l\u2019Union africaine, qu\u2019il a port\u00e9s pendant un an, a remis aussi \u00e0 ses pairs africains, une feuille de route pour les mois et ann\u00e9es \u00e0 venir.<\/p>\n\n\n\n<p>Si dans les cercles de d\u00e9cision, aussi bien en Afrique qu\u2019en dehors du continent, le sentiment g\u00e9n\u00e9ral est que le successeur de Tshisekedi a brillamment r\u00e9ussi sa mission, l\u2019int\u00e9ress\u00e9 lui-m\u00eame a su garder la t\u00eate sur les \u00e9paules et l\u2019\u0153il sur les d\u00e9fis qu\u2019il n\u2019a pas totalement relev\u00e9s. Il l\u2019a d\u2019ailleurs bien dit dans son discours-bilan&nbsp;: \u00abD\u2019autres d\u00e9fis non encore r\u00e9solus demandent une prise en charge continue.\u00bb Parmi ceux qu\u2019il a \u00e9num\u00e9r\u00e9s, il y a \u00abl\u2019Initiative du G20 sur la suspension du service de la dette et la r\u00e9allocation partielle des Droits de tirage sp\u00e9ciaux\u00bb. Il a expliqu\u00e9&nbsp;:&nbsp;\u00abL\u2019une et l\u2019autre, cens\u00e9es accompagner nos efforts de r\u00e9silience et de relance \u00e9conomique, restent encore dans l\u2019impasse.\u00bb Tout en ajoutant&nbsp;:&nbsp;\u00abJe pense \u00e0 la transition \u00e9nerg\u00e9tique juste et \u00e9quitable, qui nous permet d\u2019exploiter nos ressources disponibles, pour satisfaire nos besoins d\u2019industrialisation \u00e0 des co\u00fbts comp\u00e9titifs et assurer \u00e0 nos pays l\u2019acc\u00e8s universel \u00e0 l\u2019\u00e9lectricit\u00e9 dont plus de 600 millions d\u2019Afri\u00adcains restent encore priv\u00e9s.\u00bb<\/p>\n\n\n\n<p>Macky Sall n\u2019a pas pris de gants pour revenir sur une injustice qui lui fait le plus mal, \u00e0 savoir la notation biais\u00e9e des \u00e9conomies africaines&nbsp;:&nbsp;\u00abDans mon adresse de prise de fonction du 5 f\u00e9vrier 2022 ici m\u00eame, je disais que nos \u00e9conomies sont sous-financ\u00e9es et mal-financ\u00e9es, parce que nos pays continuent de payer de fa\u00e7on injuste des taux d\u2019int\u00e9r\u00eat trop \u00e9lev\u00e9s, \u00e0 cause d\u2019un syst\u00e8me in\u00e9quitable d\u2019\u00e9valuation du risque d\u2019investissement.\u00bb Il a donn\u00e9 des exemples concrets qui montrent le parti-pris patent des agences de notation en faveur des pays riches du monde occidental, au d\u00e9triment des \u00e9conomies dites \u00e9mergentes qui, pourtant, \u00e0 la p\u00e9riode indiqu\u00e9e, \u00e9taient les plus r\u00e9silientes et performantes.<br>Cette situation est d\u2019autant plus handicapante aux yeux de Macky Sall, qu\u2019elle indique que \u00abnos efforts de d\u00e9veloppement ne pourront prosp\u00e9rer tant que perdurent certaines r\u00e8gles et pratiques de la gouvernance \u00e9conomique et financi\u00e8re mondiale.<\/p>\n\n\n\n<p>Certes, nous avons la responsabilit\u00e9 premi\u00e8re de cr\u00e9er les conditions de d\u00e9veloppement de nos pays, mais notre sort d\u00e9pend aussi d\u2019institutions et de r\u00e8gles d\u2019apr\u00e8s-guerre qui ne prennent pas suffisamment en compte les besoins et int\u00e9r\u00eats de nos pays\u00bb.<\/p>\n\n\n\n<p>Ces dossiers \u00e9conomiques devront \u00eatre poursuivis et approfondis par le successeur de Macky Sall, avec l\u2019appui des \u00e9quipes que le gouvernement du S\u00e9n\u00e9gal a aid\u00e9 \u00e0 mettre en place.<\/p>\n\n\n\n<p>Les autres chantiers \u00e0 d\u00e9velopper sont aussi bien d\u2019ordres politique et strat\u00e9gique qu\u2019\u00e9conomique, sans pour autant \u00eatre n\u00e9gligeables. Il y a, comme il l\u2019a dit, la mise en place de m\u00e9canismes de r\u00e8glement des diff\u00e9rends sur le continent et aussi les questions de s\u00e9curit\u00e9. Son commentaire a \u00e9t\u00e9 on ne peut plus clair&nbsp;:&nbsp;\u00abForce est de constater que la pacification du continent reste encore un objectif \u00e0 atteindre.\u00bb<\/p>\n\n\n\n<p>Ma litanie des obstacles et contraintes ne fait pas pour autant de Macky Sall un Afro-pessimiste&nbsp;; ce serait m\u00eame le contraire, quand on l\u2019entend affirmer que \u00abl\u2019\u00e9mergence de l\u2019Afrique est \u00e0 notre port\u00e9e\u00bb. Pour l\u2019atteindre, il a indiqu\u00e9 les pr\u00e9alables que Azali Assoumani, ainsi que deux qui viendront apr\u00e8s lui, devront accomplir. Ce sera, pour l\u2019ing\u00e9nieur Macky Sall, le moyen de \u00abfermer l\u2019\u00e8re de l\u2019Afrique des probl\u00e8mes et ouvrir la voie de l\u2019Afrique des solutions\u00bb.<\/p>\n\n\n\n<p><strong>mgueye@lequotidien.sn<\/strong><\/p>\n","protected":false},"excerpt":{"rendered":"<p>Le Pr\u00e9sident du S\u00e9n\u00e9gal a r\u00e9alis\u00e9 beaucoup de choses au cours de son mandat \u00e0 la t\u00eate de l\u2019Union africaine.<\/p>\n","protected":false},"author":1,"featured_media":7285,"comment_status":"open","ping_status":"open","sticky":false,"template":"","format":"standard","meta":{"footnotes":""},"categories":[6],"tags":[],"class_list":["post-7284","post","type-post","status-publish","format-standard","has-post-thumbnail","hentry","category-politics"],"_links":{"self":[{"href":"https:\/\/dekkbi.com\/index.php?rest_route=\/wp\/v2\/posts\/7284","targetHints":{"allow":["GET"]}}],"collection":[{"href":"https:\/\/dekkbi.com\/index.php?rest_route=\/wp\/v2\/posts"}],"about":[{"href":"https:\/\/dekkbi.com\/index.php?rest_route=\/wp\/v2\/types\/post"}],"author":[{"embeddable":true,"href":"https:\/\/dekkbi.com\/index.php?rest_route=\/wp\/v2\/users\/1"}],"replies":[{"embeddable":true,"href":"https:\/\/dekkbi.com\/index.php?rest_route=%2Fwp%2Fv2%2Fcomments&post=7284"}],"version-history":[{"count":1,"href":"https:\/\/dekkbi.com\/index.php?rest_route=\/wp\/v2\/posts\/7284\/revisions"}],"predecessor-version":[{"id":7286,"href":"https:\/\/dekkbi.com\/index.php?rest_route=\/wp\/v2\/posts\/7284\/revisions\/7286"}],"wp:featuredmedia":[{"embeddable":true,"href":"https:\/\/dekkbi.com\/index.php?rest_route=\/wp\/v2\/media\/7285"}],"wp:attachment":[{"href":"https:\/\/dekkbi.com\/index.php?rest_route=%2Fwp%2Fv2%2Fmedia&parent=7284"}],"wp:term":[{"taxonomy":"category","embeddable":true,"href":"https:\/\/dekkbi.com\/index.php?rest_route=%2Fwp%2Fv2%2Fcategories&post=7284"},{"taxonomy":"post_tag","embeddable":true,"href":"https:\/\/dekkbi.com\/index.php?rest_route=%2Fwp%2Fv2%2Ftags&post=7284"}],"curies":[{"name":"wp","href":"https:\/\/api.w.org\/{rel}","templated":true}]}}