{"id":7281,"date":"2023-02-20T15:01:05","date_gmt":"2023-02-20T15:01:05","guid":{"rendered":"https:\/\/dekkbi.com\/?p=7281"},"modified":"2023-02-20T15:01:07","modified_gmt":"2023-02-20T15:01:07","slug":"mega-meeting-de-la-coalition-bby-le-dg-de-dakar-dem-dikk-et-maire-de-kedougou-ousmane-sylla-bat-le-record-de-mobilisation","status":"publish","type":"post","link":"https:\/\/dekkbi.com\/?p=7281","title":{"rendered":"Mega meeting de la coalition BBY : Le Dg de Dakar Dem Dikk et Maire de K\u00e9dougou, Ousmane Sylla, bat le record de mobilisation"},"content":{"rendered":"\n<p>R\u00e9dig\u00e9 par leral.net le Lundi 20 F\u00e9vrier 2023 \u00e0 08:00 | |&nbsp;<a href=\"https:\/\/www.leral.net\/Photos-Mega-meeting-de-la-coalition-BBY-Le-Dg-de-Dakar-Dem-Dikk-et-Maire-de-Kedougou-Ousmane-Sylla-bat-le-record-de_a344303.html?com#comments\">4<\/a>&nbsp;commentaire(s)|<\/p>\n\n\n\n<h3 class=\"wp-block-heading\">Une mar\u00e9e humaine a investi le Pr\u00e9sident Macky Sall \u00e0 la place Koba club de K\u00e9dougou, ce dimanche 19 f\u00e9vrier 2023. Ousmane Sylla, le Maire de K\u00e9dougou et Dg de Dakar Dem Dikk, bat le rappel des troupes pour une r\u00e9\u00e9lection du Pr\u00e9sident Macky Sall en 2024. Pour ce faire, l&rsquo;\u00e9dile de la ville de K\u00e9dougou a mobilis\u00e9 des centaines de militants pour ce grand rassemblement.<\/h3>\n\n\n\n<p>Pour Ousmane Sylla, K\u00e9dougou a choisi Macky qui s&rsquo;est d\u00e9marqu\u00e9 par ses innombrables r\u00e9alisations au S\u00e9n\u00e9gal et particuli\u00e8rement, dans la localit\u00e9. Le Maire de K\u00e9dougou d&rsquo;ajouter que le Pr\u00e9sident Macky Sall avait largement gagn\u00e9 en 2019. Mais pour 2024, la plus grande ville du Sud-est du S\u00e9n\u00e9gal r\u00e9serve un score m\u00e9morable au candidat de la coalition BBY.<\/p>\n\n\n\n<p>Ousmane Sylla, par ailleurs DG de la soci\u00e9t\u00e9 nationale de transport public du S\u00e9n\u00e9gal, Dakar Dem Dikk, de pr\u00e9venir que personne ne peut les d\u00e9tourner de leurs objectifs. Ce m\u00e9ga meeting a vu la participation de tous les leaders de la coalition BBY, notamment les responsables APR de la localit\u00e9 (ministres, d\u00e9put\u00e9s, maires, chefs de quartiers, imams et autres&#8230;).<\/p>\n\n\n\n<p>Le Pr\u00e9sident Macky Sall a \u00e9t\u00e9 repr\u00e9sent\u00e9 par le ministre d&rsquo;\u00c9tat et directeur des structures de l&rsquo;APR, Mbaye Ndiaye, qui \u00e9tait accompagn\u00e9 d&rsquo;une forte d\u00e9l\u00e9gation. Ainsi, Kedougou valide la candidature du Pr\u00e9sident Macky Sall pour la pr\u00e9sidentielle de 2024.<\/p>\n\n\n\n<p><\/p>\n\n\n\n<p>SOURCE LERAL<\/p>\n","protected":false},"excerpt":{"rendered":"<p>R\u00e9dig\u00e9 par leral.net le Lundi 20 F\u00e9vrier 2023 \u00e0 08:00 | |&nbsp;4&nbsp;commentaire(s)| Une mar\u00e9e humaine a investi le Pr\u00e9sident Macky<\/p>\n","protected":false},"author":1,"featured_media":7282,"comment_status":"open","ping_status":"open","sticky":false,"template":"","format":"standard","meta":{"footnotes":""},"categories":[6],"tags":[],"class_list":["post-7281","post","type-post","status-publish","format-standard","has-post-thumbnail","hentry","category-politics"],"_links":{"self":[{"href":"https:\/\/dekkbi.com\/index.php?rest_route=\/wp\/v2\/posts\/7281","targetHints":{"allow":["GET"]}}],"collection":[{"href":"https:\/\/dekkbi.com\/index.php?rest_route=\/wp\/v2\/posts"}],"about":[{"href":"https:\/\/dekkbi.com\/index.php?rest_route=\/wp\/v2\/types\/post"}],"author":[{"embeddable":true,"href":"https:\/\/dekkbi.com\/index.php?rest_route=\/wp\/v2\/users\/1"}],"replies":[{"embeddable":true,"href":"https:\/\/dekkbi.com\/index.php?rest_route=%2Fwp%2Fv2%2Fcomments&post=7281"}],"version-history":[{"count":1,"href":"https:\/\/dekkbi.com\/index.php?rest_route=\/wp\/v2\/posts\/7281\/revisions"}],"predecessor-version":[{"id":7283,"href":"https:\/\/dekkbi.com\/index.php?rest_route=\/wp\/v2\/posts\/7281\/revisions\/7283"}],"wp:featuredmedia":[{"embeddable":true,"href":"https:\/\/dekkbi.com\/index.php?rest_route=\/wp\/v2\/media\/7282"}],"wp:attachment":[{"href":"https:\/\/dekkbi.com\/index.php?rest_route=%2Fwp%2Fv2%2Fmedia&parent=7281"}],"wp:term":[{"taxonomy":"category","embeddable":true,"href":"https:\/\/dekkbi.com\/index.php?rest_route=%2Fwp%2Fv2%2Fcategories&post=7281"},{"taxonomy":"post_tag","embeddable":true,"href":"https:\/\/dekkbi.com\/index.php?rest_route=%2Fwp%2Fv2%2Ftags&post=7281"}],"curies":[{"name":"wp","href":"https:\/\/api.w.org\/{rel}","templated":true}]}}