{"id":7278,"date":"2023-02-20T14:51:30","date_gmt":"2023-02-20T14:51:30","guid":{"rendered":"https:\/\/dekkbi.com\/?p=7278"},"modified":"2023-02-20T14:51:31","modified_gmt":"2023-02-20T14:51:31","slug":"babacar-diagne-inflexible-le-cnra-ne-laissera-personne-diffuser-pendant-des-heures-et-en-live-des-scenes-de-violence","status":"publish","type":"post","link":"https:\/\/dekkbi.com\/?p=7278","title":{"rendered":"Babacar Diagne, inflexible: \u00abLe Cnra ne laissera personne diffuser, pendant des heures et en live, des sc\u00e8nes de violence\u00bb"},"content":{"rendered":"\n<p>Le pr\u00e9sident du Conseil national de r\u00e9gulation de l\u2019audiovisuel (Cnra) s\u2019est prononc\u00e9 sur la suspension pendant sept jours, de la diffusion des programmes de Walf TV. Babacar Diagne d\u00e9clare \u00eatre \u00ab&nbsp;<em>constant et d\u00e9termin\u00e9<\/em>&nbsp;\u00bb, \u00e0 \u00ab&nbsp;<em>ne laisser personne diffuser, pendant des heures et en live, des sc\u00e8nes de violence impliquant des enfants et des adolescents&nbsp;<\/em>\u00bb.<\/p>\n\n\n\n<p>En effet, souligne leSoleil.sn, dans une d\u00e9claration, le CNRA, parcourue par S\u00e9nego, \u00ab<em>&nbsp;droit dans ses bottes&nbsp;<\/em>\u00bb, se veut \u00ab i<em>nflexible&nbsp;<\/em>\u00bb sur cette question, qui ne devrait pas \u00eatre politis\u00e9e, selon le texte re\u00e7u de son pr\u00e9sident, Babacar Diagne. \u00ab&nbsp;<em>L\u2019organe de r\u00e9gulation des m\u00e9dias ne laissera personne diffuser, pendant des heures et en live, des sc\u00e8nes de violence impliquant des enfants et des adolescents<\/em>&nbsp;\u00bb, lit-on dans le document. Il reproche \u00e0 cette t\u00e9l\u00e9vision priv\u00e9e, d\u2019avoir diffus\u00e9 \u00ab&nbsp;<em>en boucle des images montrant des violences<\/em>&nbsp;\u00bb \u00e0 Mback\u00e9 (centre), \u00ab&nbsp;<em>en violation totale de la r\u00e9glementation&nbsp;<\/em>\u00bb du secteur de l\u2019audiovisuel.<\/p>\n\n\n\n<p>Les reproches faits par le CNRA \u00e0 Walf TV, d\u00e9coulent de la couverture d\u2019un rassemblement que le Pastef, le parti de l\u2019opposant Ousmane Sonko, tenait \u00e0 Mback\u00e9, le 10 f\u00e9vrier 2023. \u00ab\u00a0<em>Sur cette question, en d\u00e9pit des rassemblements et autres vocif\u00e9rations, le CNRA restera constant et d\u00e9termin\u00e9\u00a0<\/em>\u00bb, assure le r\u00e9gulateur.<\/p>\n\n\n\n<p>Babacar Diagne affirme que \u00ab&nbsp;<em>l\u2019argument du \u2018temps d\u2019antenne vendu\u2019 avanc\u00e9 comme ligne de d\u00e9fense par Walf TV, est tout simplement inacceptable, d\u2019autant plus qu\u2019il y a deux ans, l\u2019entreprise avait \u00e9t\u00e9 mise en demeure et sanctionn\u00e9e pour des faits de m\u00eame nature&nbsp;<\/em>\u00bb.<\/p>\n\n\n\n<p>\u00ab<em>&nbsp;Nous sommes devant un cas de r\u00e9cidive<\/em>&nbsp;\u00bb, soutient le r\u00e9gulateur, en faisant valoir que les d\u00e9g\u00e2ts de la violence \u00e0 l\u2019\u00e9cran sur les enfants et les adolescents, sont \u00ab&nbsp;<em>un fait indiscutable, prouv\u00e9 scientifiquement&nbsp;<\/em>\u00bb. \u00ab&nbsp;<em>Aussi ne pourrait-il y avoir de sp\u00e9cificit\u00e9 sur cette question. Aucun r\u00e9gulateur au monde ne l\u2019accepterait&nbsp;<\/em>\u00bb, argue Babacar Diagne.<\/p>\n\n\n\n<p>Il dit refuser de s\u2019arr\u00eater \u00ab&nbsp;<em>sur les comparaisons tout \u00e0 fait inad\u00e9quates entre les \u00e9v\u00e9nements du Capitole et des Gilets jaunes survenus dans des pays o\u00f9 l\u2019enfance est tr\u00e8s prot\u00e9g\u00e9e&nbsp;<\/em>\u00bb. Babacar Daigne laisse de m\u00eame entendre que les faits pour lesquels le signal de Walf TV a \u00e9t\u00e9 suspendu, ne sont pas comparables au mouvement social apparu en France \u00e0 partir d\u2019octobre 2018, dont les Gilets jaunes \u2013 nom donn\u00e9 par allusion aux gilets de couleur jaune port\u00e9s par les manifestants \u2013 sont la pointe contestataire.<\/p>\n\n\n\n<p>\u201c<em>Je comprends la propension de nos compatriotes \u00e0 politiser toutes les questions mais celle-ci ne saurait \u00eatre politis\u00e9e<\/em>, a comment\u00e9 Babacar Diagne.&nbsp;<em>Il s\u2019agit de l\u2019avenir de nos enfants et de notre pays.<\/em>\u201d<\/p>\n\n\n\n<p>Nd\u00e8ye Fatou K\u00e9b\u00e9<\/p>\n","protected":false},"excerpt":{"rendered":"<p>Le pr\u00e9sident du Conseil national de r\u00e9gulation de l\u2019audiovisuel (Cnra) s\u2019est prononc\u00e9 sur la suspension pendant sept jours, de la<\/p>\n","protected":false},"author":1,"featured_media":7279,"comment_status":"open","ping_status":"open","sticky":false,"template":"","format":"standard","meta":{"footnotes":""},"categories":[21],"tags":[],"class_list":["post-7278","post","type-post","status-publish","format-standard","has-post-thumbnail","hentry","category-societe"],"_links":{"self":[{"href":"https:\/\/dekkbi.com\/index.php?rest_route=\/wp\/v2\/posts\/7278","targetHints":{"allow":["GET"]}}],"collection":[{"href":"https:\/\/dekkbi.com\/index.php?rest_route=\/wp\/v2\/posts"}],"about":[{"href":"https:\/\/dekkbi.com\/index.php?rest_route=\/wp\/v2\/types\/post"}],"author":[{"embeddable":true,"href":"https:\/\/dekkbi.com\/index.php?rest_route=\/wp\/v2\/users\/1"}],"replies":[{"embeddable":true,"href":"https:\/\/dekkbi.com\/index.php?rest_route=%2Fwp%2Fv2%2Fcomments&post=7278"}],"version-history":[{"count":1,"href":"https:\/\/dekkbi.com\/index.php?rest_route=\/wp\/v2\/posts\/7278\/revisions"}],"predecessor-version":[{"id":7280,"href":"https:\/\/dekkbi.com\/index.php?rest_route=\/wp\/v2\/posts\/7278\/revisions\/7280"}],"wp:featuredmedia":[{"embeddable":true,"href":"https:\/\/dekkbi.com\/index.php?rest_route=\/wp\/v2\/media\/7279"}],"wp:attachment":[{"href":"https:\/\/dekkbi.com\/index.php?rest_route=%2Fwp%2Fv2%2Fmedia&parent=7278"}],"wp:term":[{"taxonomy":"category","embeddable":true,"href":"https:\/\/dekkbi.com\/index.php?rest_route=%2Fwp%2Fv2%2Fcategories&post=7278"},{"taxonomy":"post_tag","embeddable":true,"href":"https:\/\/dekkbi.com\/index.php?rest_route=%2Fwp%2Fv2%2Ftags&post=7278"}],"curies":[{"name":"wp","href":"https:\/\/api.w.org\/{rel}","templated":true}]}}