{"id":7219,"date":"2023-02-10T18:54:43","date_gmt":"2023-02-10T18:54:43","guid":{"rendered":"https:\/\/dekkbi.com\/?p=7219"},"modified":"2023-02-10T18:54:44","modified_gmt":"2023-02-10T18:54:44","slug":"france-maroc-rabat-rappelle-son-ambassadeur-a-paris","status":"publish","type":"post","link":"https:\/\/dekkbi.com\/?p=7219","title":{"rendered":"France-Maroc : Rabat rappelle son ambassadeur \u00e0 Paris"},"content":{"rendered":"\n<p><\/p>\n\n\n\n<h2 class=\"wp-block-heading\">La mission de l&rsquo;ambassadeur du Maroc en France a pris fin sans qu&rsquo;un successeur ne soit d\u00e9sign\u00e9 annoncent le 10 f\u00e9vrier les m\u00e9dias locaux. Cette d\u00e9cision intervient dans un climat de crise diplomatique entre Rabat et Paris.&nbsp;La classe politique marocaine et certains m\u00e9dias ont accus\u00e9 la France d&rsquo;avoir&nbsp;<em>\u00ab\u00a0orchestr\u00e9\u00a0\u00bb<\/em>&nbsp;une campagne anti-marocaine \u00e0 Bruxelles.<\/h2>\n\n\n\n<p><a href=\"https:\/\/www.addthis.com\/bookmark.php?v=300\"><\/a><a href=\"https:\/\/www.addthis.com\/bookmark.php?v=300\"><\/a><a href=\"https:\/\/www.addthis.com\/bookmark.php?v=300\" rel=\"noreferrer noopener\" target=\"_blank\"><\/a><a href=\"https:\/\/www.addthis.com\/bookmark.php?v=300\" rel=\"noreferrer noopener\" target=\"_blank\"><\/a><\/p>\n\n\n\n<p><em>\u00ab\u00a0Conform\u00e9ment aux hautes instructions royales, il a \u00e9t\u00e9 d\u00e9cid\u00e9 de mettre fin aux fonctions de M. Mohamed Bencha\u00e2boun en tant qu&rsquo;ambassadeur de Sa Majest\u00e9 aupr\u00e8s de la R\u00e9publique fran\u00e7aise, \u00e0 compter du 19 janvier 2023\u00a0\u00bb<\/em>, a indiqu\u00e9 un communiqu\u00e9 du minist\u00e8re des Affaires \u00e9trang\u00e8res publi\u00e9 au Bulletin officiel du 2 f\u00e9vrier et relay\u00e9 ce 10 f\u00e9vrier par les m\u00e9dias.<\/p>\n\n\n\n<p><strong>Voir :&nbsp;<a href=\"http:\/\/maroc%20:%20l'ambassadeur%20marocain%20en%20France%20rappel%C3%A9%20%C3%A0%20Rabat\/\" target=\"_blank\" rel=\"noreferrer noopener\">Maroc : l&rsquo;ambassadeur marocain en France rappel\u00e9 \u00e0 Rabat<\/a><\/strong><video preload=\"auto\" src=\"https:\/\/vodinfo.tv5monde.com\/upload\/2023\/02\/Maroc_lambassadeur_marocain_a_Paris_aurait_ete_suspendu_par_Rabat.mp4\"><\/video>Lire la vid\u00e9o<\/p>\n\n\n\n<p>La date de la fin de la mission du repr\u00e9sentant diplomatique marocain en France&nbsp;<em>\u00ab\u00a0intervient le jour o\u00f9 le Parlement europ\u00e9en a vot\u00e9 une r\u00e9solution appelant les autorit\u00e9s marocaines \u00e0 respecter la libert\u00e9 de la presse\u00a0\u00bb<\/em>, \u00e9crit le m\u00e9dia Hespress.<br><em>\u00ab\u00a0Cela ne saurait \u00eatre une simple co\u00efncidence\u00a0\u00bb<\/em>, note le site d&rsquo;information Medias 24, qui d\u00e9crit&nbsp;<em>\u00ab\u00a0une annonce aussi sobre et froide que peuvent l&rsquo;\u00eatre les col\u00e8res du Maroc\u00a0\u00bb<\/em>.<\/p>\n\n\n\n<p><strong>Lire :&nbsp;<a href=\"https:\/\/information.tv5monde.com\/afrique\/resolution-du-parlement-europeen-pas-de-crise-avec-le-maroc-assure-paris-486511\" rel=\"noreferrer noopener\" target=\"_blank\">R\u00e9solution du parlement europ\u00e9en : \u00ab\u00a0Pas de crise avec le Maroc\u00a0\u00bb, assure Paris<\/a><\/strong><\/p>\n\n\n\n<p>Le Parlement europ\u00e9en a adopt\u00e9, le 19 janvier, \u00e0 une large majorit\u00e9 une r\u00e9solution &#8211;<br>non contraignante &#8211; enjoignant aux autorit\u00e9s marocaines de&nbsp;<em>\u00ab\u00a0respecter la libert\u00e9 d&rsquo;expression et la libert\u00e9 des m\u00e9dias\u00a0\u00bb<\/em>&nbsp;et de mettre fin au&nbsp;<em>\u00ab\u00a0harc\u00e8lement de tous les journalistes\u00a0\u00bb<\/em>. La classe politique marocaine et certains m\u00e9dias ont accus\u00e9 la France d&rsquo;avoir&nbsp;<em>\u00ab\u00a0orchestr\u00e9\u00a0\u00bb<\/em>&nbsp;une campagne anti-marocaine \u00e0 Bruxelles.<\/p>\n\n\n\n<p>Le pr\u00e9sident de la commission parlementaire mixte Maroc-UE Lahcen Haddad a d&rsquo;ailleurs accus\u00e9&nbsp;<em>\u00ab\u00a0l&rsquo;\u00c9tat profond fran\u00e7ais\u00a0\u00bb<\/em>&nbsp;d&rsquo;\u00eatre \u00e0 l&rsquo;origine de la r\u00e9solution des euro-d\u00e9put\u00e9s.<\/p>\n\n\n\n<p>Ce texte&nbsp;<em>\u00ab\u00a0n&rsquo;engage aucunement la France\u00a0\u00bb<\/em>, a r\u00e9pliqu\u00e9 Christophe Lecourtier l&rsquo;ambassadeur fran\u00e7ais au Maroc.<\/p>\n\n\n\n<p><strong>Lire :&nbsp;<a href=\"https:\/\/information.tv5monde.com\/afrique\/pourquoi-le-parlement-europeen-prend-il-une-resolution-contre-le-maroc-485785\" rel=\"noreferrer noopener\" target=\"_blank\">Pourquoi le Parlement europ\u00e9en prend-il une r\u00e9solution contre le Maroc ?<\/a><\/strong><\/p>\n\n\n\n<p>Paris avait \u00e9galement r\u00e9fut\u00e9 l&rsquo;existence de toute crise avec Rabat m\u00eame si la visite d&rsquo;\u00c9tat du pr\u00e9sident Emmanuel Macron pr\u00e9vue -sans date- au 1er trimestre para\u00eet s&rsquo;\u00e9loigner. Et il semble qu&rsquo;il soit difficile d&rsquo;en pr\u00e9voir une d&rsquo;autant plus que le royaume ch\u00e9rifien n&rsquo;a plus d&rsquo;ambassadeur \u00e0 Paris et qu&rsquo;aucun rempla\u00e7ant n&rsquo;a \u00e9t\u00e9 encore d\u00e9sign\u00e9.<\/p>\n\n\n\n<p>Officiellement, la d\u00e9cision de mettre fin aux fonctions de&nbsp;Mohamed Bencha\u00e2boun est une proc\u00e9dure administrative normale qui fait suite \u00e0 sa nomination par le roi Mohammed VI le 18 octobre \u00e0 la t\u00eate d&rsquo;un fonds souverain d&rsquo;investissement ayant pour mission de dynamiser l&rsquo;\u00e9conomie.<\/p>\n","protected":false},"excerpt":{"rendered":"<p>La mission de l&rsquo;ambassadeur du Maroc en France a pris fin sans qu&rsquo;un successeur ne soit d\u00e9sign\u00e9 annoncent le 10<\/p>\n","protected":false},"author":1,"featured_media":7220,"comment_status":"open","ping_status":"open","sticky":false,"template":"","format":"standard","meta":{"footnotes":""},"categories":[51],"tags":[],"class_list":["post-7219","post","type-post","status-publish","format-standard","has-post-thumbnail","hentry","category-general"],"_links":{"self":[{"href":"https:\/\/dekkbi.com\/index.php?rest_route=\/wp\/v2\/posts\/7219","targetHints":{"allow":["GET"]}}],"collection":[{"href":"https:\/\/dekkbi.com\/index.php?rest_route=\/wp\/v2\/posts"}],"about":[{"href":"https:\/\/dekkbi.com\/index.php?rest_route=\/wp\/v2\/types\/post"}],"author":[{"embeddable":true,"href":"https:\/\/dekkbi.com\/index.php?rest_route=\/wp\/v2\/users\/1"}],"replies":[{"embeddable":true,"href":"https:\/\/dekkbi.com\/index.php?rest_route=%2Fwp%2Fv2%2Fcomments&post=7219"}],"version-history":[{"count":1,"href":"https:\/\/dekkbi.com\/index.php?rest_route=\/wp\/v2\/posts\/7219\/revisions"}],"predecessor-version":[{"id":7221,"href":"https:\/\/dekkbi.com\/index.php?rest_route=\/wp\/v2\/posts\/7219\/revisions\/7221"}],"wp:featuredmedia":[{"embeddable":true,"href":"https:\/\/dekkbi.com\/index.php?rest_route=\/wp\/v2\/media\/7220"}],"wp:attachment":[{"href":"https:\/\/dekkbi.com\/index.php?rest_route=%2Fwp%2Fv2%2Fmedia&parent=7219"}],"wp:term":[{"taxonomy":"category","embeddable":true,"href":"https:\/\/dekkbi.com\/index.php?rest_route=%2Fwp%2Fv2%2Fcategories&post=7219"},{"taxonomy":"post_tag","embeddable":true,"href":"https:\/\/dekkbi.com\/index.php?rest_route=%2Fwp%2Fv2%2Ftags&post=7219"}],"curies":[{"name":"wp","href":"https:\/\/api.w.org\/{rel}","templated":true}]}}