{"id":7215,"date":"2023-02-10T18:48:47","date_gmt":"2023-02-10T18:48:47","guid":{"rendered":"https:\/\/dekkbi.com\/?p=7215"},"modified":"2023-02-10T18:48:48","modified_gmt":"2023-02-10T18:48:48","slug":"abdoul-mbaye-pour-reintegrer-la-cedeao-et-lua-que-le-mali-le-burkina-et-la-guinee-fassent-comme-macky","status":"publish","type":"post","link":"https:\/\/dekkbi.com\/?p=7215","title":{"rendered":"Abdoul Mbaye : \u00ab\u00a0Pour r\u00e9int\u00e9grer la Cedeao et l\u2019UA, que le Mali, le Burkina et la Guin\u00e9e fassent comme Macky\u00a0\u00bb"},"content":{"rendered":"\n<p><\/p>\n\n\n\n<p><strong>Abdoul Mbaye n\u2019est pas du tout tendre avec le Pr\u00e9sident Macky Sall. Il ne supporte toujours pas l\u2019invalidation de sa candidature lors de la derni\u00e8re pr\u00e9sidentielle par le syst\u00e8me de parrainage introduit par Macky Sall.<\/strong><\/p>\n\n\n\n<p><\/p>\n\n\n\n<p>Pour d\u00e9noncer encore cette r\u00e8gle qui n\u2019arrange pas tous les candidats, Abdoul d\u00e9nonce cette fois encore, mais d\u2019une mani\u00e8re dont lui seul sait le secret.<\/p>\n\n\n\n<p><em>\u00ab&nbsp;Le Mali, le Burkina Faso et la Guin\u00e9e veulent r\u00e9int\u00e9grer la CEDEAO et l\u2019 UA. Qu\u2019ils fassent comme Maky Sall Pr\u00e9sident de l\u2019UA: commencer par \u00e9liminer les candidats les plus g\u00eanants par condamnation p\u00e9nale, mettre en place un syst\u00e8me de parrainage qui bien que condamn\u00e9 par la Cour de justice de la CEDEAO permet le choix des concurrents restants, d\u00e9verser des milliards pour l\u2019achat des consciences&nbsp;\u00bb,<\/em>&nbsp;a indiqu\u00e9, ce lundi le Pr\u00e9sident du parti ACT.<\/p>\n\n\n\n<p>Il ajoute dans le m\u00eame \u00e9lan :<em>\u00a0\u00ab\u00a0leurs dirigeants \u00e9lus sans coup f\u00e9rir auront alors gagn\u00e9 la respectabilit\u00e9 qui leur redonnera leurs si\u00e8ges perdus\u2026 Ils pourront m\u00eame devenir Pr\u00e9sident de l\u2019UA\u2026\u00a0\u00bb<\/em><\/p>\n\n\n\n<p><\/p>\n\n\n\n<p>senego<\/p>\n","protected":false},"excerpt":{"rendered":"<p>Abdoul Mbaye n\u2019est pas du tout tendre avec le Pr\u00e9sident Macky Sall. Il ne supporte toujours pas l\u2019invalidation de sa<\/p>\n","protected":false},"author":1,"featured_media":6476,"comment_status":"open","ping_status":"open","sticky":false,"template":"","format":"standard","meta":{"footnotes":""},"categories":[6],"tags":[],"class_list":["post-7215","post","type-post","status-publish","format-standard","has-post-thumbnail","hentry","category-politics"],"_links":{"self":[{"href":"https:\/\/dekkbi.com\/index.php?rest_route=\/wp\/v2\/posts\/7215","targetHints":{"allow":["GET"]}}],"collection":[{"href":"https:\/\/dekkbi.com\/index.php?rest_route=\/wp\/v2\/posts"}],"about":[{"href":"https:\/\/dekkbi.com\/index.php?rest_route=\/wp\/v2\/types\/post"}],"author":[{"embeddable":true,"href":"https:\/\/dekkbi.com\/index.php?rest_route=\/wp\/v2\/users\/1"}],"replies":[{"embeddable":true,"href":"https:\/\/dekkbi.com\/index.php?rest_route=%2Fwp%2Fv2%2Fcomments&post=7215"}],"version-history":[{"count":1,"href":"https:\/\/dekkbi.com\/index.php?rest_route=\/wp\/v2\/posts\/7215\/revisions"}],"predecessor-version":[{"id":7216,"href":"https:\/\/dekkbi.com\/index.php?rest_route=\/wp\/v2\/posts\/7215\/revisions\/7216"}],"wp:featuredmedia":[{"embeddable":true,"href":"https:\/\/dekkbi.com\/index.php?rest_route=\/wp\/v2\/media\/6476"}],"wp:attachment":[{"href":"https:\/\/dekkbi.com\/index.php?rest_route=%2Fwp%2Fv2%2Fmedia&parent=7215"}],"wp:term":[{"taxonomy":"category","embeddable":true,"href":"https:\/\/dekkbi.com\/index.php?rest_route=%2Fwp%2Fv2%2Fcategories&post=7215"},{"taxonomy":"post_tag","embeddable":true,"href":"https:\/\/dekkbi.com\/index.php?rest_route=%2Fwp%2Fv2%2Ftags&post=7215"}],"curies":[{"name":"wp","href":"https:\/\/api.w.org\/{rel}","templated":true}]}}