{"id":7202,"date":"2023-02-10T17:37:02","date_gmt":"2023-02-10T17:37:02","guid":{"rendered":"https:\/\/dekkbi.com\/?p=7202"},"modified":"2023-02-10T17:37:03","modified_gmt":"2023-02-10T17:37:03","slug":"au-soudan-lavrov-defend-les-operations-de-wagner-en-afrique","status":"publish","type":"post","link":"https:\/\/dekkbi.com\/?p=7202","title":{"rendered":"Au Soudan, Lavrov d\u00e9fend les op\u00e9rations de Wagner en Afrique"},"content":{"rendered":"\n<p>En visite au Soudan, le chef de la diplomatie russe Sergue\u00ef Lavrov a d\u00e9fendu jeudi les op\u00e9rations du groupe paramilitaire Wagner en Afrique, \u00ab&nbsp;d\u00e9ploy\u00e9 \u00e0 la demande des gouvernements&nbsp;\u00bb et \u00ab&nbsp;contribuant \u00e0 normaliser la situation dans la r\u00e9gion&nbsp;\u00bb face \u00e0 la menace \u00ab&nbsp;terroriste&nbsp;\u00bb.<\/p>\n\n\n\n<p>Le groupe priv\u00e9 russe est&nbsp;<em>\u00ab&nbsp;d\u00e9ploy\u00e9 sur la demande directe des gouvernements&nbsp;\u00bb<\/em>, a d\u00e9clar\u00e9 M. Lavrov, citant notamment la&nbsp;<em>\u00ab&nbsp;Centrafrique&nbsp;\u00bb<\/em>, pays consid\u00e9r\u00e9 comme le laboratoire de Wagner sur le continent africain, avant qu\u2019il ne s\u2019int\u00e9resse \u00e0 d\u2019autres pays, comme le Mali et le Burkina Faso.<\/p>\n\n\n\n<p>Ce groupe paramilitaire fond\u00e9 en 2014, aux agissements d\u00e9cri\u00e9s et consid\u00e9r\u00e9 par les Etats-Unis comme une organisation terroriste internationale, s\u2019est impos\u00e9 comme un acteur majeur du conflit en Ukraine. Ses mercenaires ont \u00e9galement \u00e9t\u00e9 aper\u00e7us en Syrie et en Libye.<\/p>\n\n\n\n<p>Les Etats-Unis qui essayent depuis plusieurs ann\u00e9es de contrecarrer l\u2019influence russe en Afrique accusent le groupe Wagner de&nbsp;<em>\u00ab&nbsp;commettre des violations des droits humains et d\u2019extorquer les ressources naturelles en Afrique&nbsp;\u00bb.&nbsp;<\/em>En 2020, Washington a impos\u00e9 des sanctions \u00e0 M-Invest, soci\u00e9t\u00e9 russe accus\u00e9e de servir de&nbsp;<em>\u00ab&nbsp;couverture&nbsp;\u00bb<\/em>&nbsp;pour les activit\u00e9s des mercenaires de la soci\u00e9t\u00e9 Wagner au Soudan.<\/p>\n\n\n\n<p>Selon le Tr\u00e9sor am\u00e9ricain, l\u2019entreprise a obtenu en 2017, sous le r\u00e8gne du dictateur Omar el-B\u00e9chir,&nbsp;<em>\u00ab&nbsp;des accords de concession pour explorer les ressources en or&nbsp;\u00bb<\/em>&nbsp;du Soudan. Le Soudan d\u00e9ment de son c\u00f4t\u00e9 la pr\u00e9sence du groupe de s\u00e9curit\u00e9 russe sur son sol.<\/p>\n\n\n\n<p>La visite de 48 heures de M. Lavrov au Soudan, derni\u00e8re \u00e9tape d\u2019une tourn\u00e9e africaine, apr\u00e8s le Mali et la Mauritanie, s\u2019inscrit dans la volont\u00e9 de Moscou de renforcer son influence en Afrique, tandis que les Occidentaux se mobilisent pour isoler le pays depuis l\u2019invasion de l\u2019Ukraine en f\u00e9vrier 2022.<\/p>\n\n\n\n<p>Arriv\u00e9 tard mercredi \u00e0 Khartoum, M. Lavrov a rencontr\u00e9 jeudi le g\u00e9n\u00e9ral Abdel Fattah el-Burhane, chef de facto du Soudan, son adjoint le g\u00e9n\u00e9ral Mohammed Hamdan Daglo, patron des tr\u00e8s redout\u00e9s paramilitaires des Forces de soutien rapide (FSR) et le ministre des Affaires \u00e9trang\u00e8res par int\u00e9rim Ali al-Sadiq.<\/p>\n\n\n\n<p>A l\u2019issue de cette rencontre, le ministre russe a d\u00e9clar\u00e9 devant des journalistes qu\u2019il soutenait les efforts du Soudan, pays enlis\u00e9 dans une profonde crise \u00e9conomique et politique, pour mettre fin aux sanctions qui lui sont impos\u00e9es par l\u2019ONU.<\/p>\n\n\n\n<p>Khartoum est sous le coup d\u2019une s\u00e9rie de sanctions et d\u2019un embargo sur les armes, impos\u00e9s en 2005 par l\u2019ONU pendant le conflit sanglant du Darfour, dans l\u2019ouest du pays. L\u2019\u00e9conomie de ce grand pays d\u2019Afrique de l\u2019Est, l\u2019un des plus pauvres du monde, a \u00e9t\u00e9 rendue exsangue par des ann\u00e9es de sanctions \u00e9conomiques am\u00e9ricaines sous le r\u00e8gne de M. B\u00e9chir.<\/p>\n\n\n\n<p>La transition d\u00e9mocratique post-B\u00e9chir a offert un espoir: en 2020, Washington a retir\u00e9 le Soudan de sa liste des pays soutenant le terrorisme et l\u2019aide internationale est revenue mais le coup d\u2019Etat men\u00e9 le 25 octobre 2021 par le chef de l\u2019arm\u00e9e, le g\u00e9n\u00e9ral Abdel Fattah el-Burhane, a interrompu cette transition et l\u2019octroi de cette aide, qui ne reprendra que si les civils retrouvent le pouvoir, pr\u00e9viennent les bailleurs.<\/p>\n","protected":false},"excerpt":{"rendered":"<p>En visite au Soudan, le chef de la diplomatie russe Sergue\u00ef Lavrov a d\u00e9fendu jeudi les op\u00e9rations du groupe paramilitaire<\/p>\n","protected":false},"author":1,"featured_media":3293,"comment_status":"open","ping_status":"open","sticky":false,"template":"","format":"standard","meta":{"footnotes":""},"categories":[51],"tags":[],"class_list":["post-7202","post","type-post","status-publish","format-standard","has-post-thumbnail","hentry","category-general"],"_links":{"self":[{"href":"https:\/\/dekkbi.com\/index.php?rest_route=\/wp\/v2\/posts\/7202","targetHints":{"allow":["GET"]}}],"collection":[{"href":"https:\/\/dekkbi.com\/index.php?rest_route=\/wp\/v2\/posts"}],"about":[{"href":"https:\/\/dekkbi.com\/index.php?rest_route=\/wp\/v2\/types\/post"}],"author":[{"embeddable":true,"href":"https:\/\/dekkbi.com\/index.php?rest_route=\/wp\/v2\/users\/1"}],"replies":[{"embeddable":true,"href":"https:\/\/dekkbi.com\/index.php?rest_route=%2Fwp%2Fv2%2Fcomments&post=7202"}],"version-history":[{"count":1,"href":"https:\/\/dekkbi.com\/index.php?rest_route=\/wp\/v2\/posts\/7202\/revisions"}],"predecessor-version":[{"id":7203,"href":"https:\/\/dekkbi.com\/index.php?rest_route=\/wp\/v2\/posts\/7202\/revisions\/7203"}],"wp:featuredmedia":[{"embeddable":true,"href":"https:\/\/dekkbi.com\/index.php?rest_route=\/wp\/v2\/media\/3293"}],"wp:attachment":[{"href":"https:\/\/dekkbi.com\/index.php?rest_route=%2Fwp%2Fv2%2Fmedia&parent=7202"}],"wp:term":[{"taxonomy":"category","embeddable":true,"href":"https:\/\/dekkbi.com\/index.php?rest_route=%2Fwp%2Fv2%2Fcategories&post=7202"},{"taxonomy":"post_tag","embeddable":true,"href":"https:\/\/dekkbi.com\/index.php?rest_route=%2Fwp%2Fv2%2Ftags&post=7202"}],"curies":[{"name":"wp","href":"https:\/\/api.w.org\/{rel}","templated":true}]}}