{"id":71724,"date":"2026-04-30T12:07:35","date_gmt":"2026-04-30T12:07:35","guid":{"rendered":"https:\/\/dekkbi.com\/?p=71724"},"modified":"2026-04-30T12:07:36","modified_gmt":"2026-04-30T12:07:36","slug":"la-flottille-pour-gaza-interceptee-par-israel-loin-de-ses-cotes-175-militants-arretes","status":"publish","type":"post","link":"https:\/\/dekkbi.com\/?p=71724","title":{"rendered":"La \u00ab\u00a0flottille pour Gaza\u00a0\u00bb intercept\u00e9e par Isra\u00ebl loin de ses c\u00f4tes, 175 militants arr\u00eat\u00e9s"},"content":{"rendered":"\n<p>Par Marie DHUMIERES &#8211; \u00a9 2026 AFP<\/p>\n\n\n\n<p>L&rsquo;arm\u00e9e isra\u00e9lienne a arr\u00eat\u00e9 environ 175 militants de la \u00ab\u00a0flottille pour Gaza\u00a0\u00bb au large de la Gr\u00e8ce et les emm\u00e8nent d\u00e9sormais vers Isra\u00ebl, ont indiqu\u00e9 jeudi le minist\u00e8re des Affaires \u00e9trang\u00e8res isra\u00e9lien et les organisateurs.<\/p>\n\n\n\n<p>\u00ab\u00a0Environ 175 militants provenant de plus de 20 bateaux de la flottille des pr\u00e9servatifs (la derni\u00e8re appellation isra\u00e9lienne de la flottille, NDLR) font actuellement route de fa\u00e7on pacifique vers Isra\u00ebl\u00a0\u00bb, \u00e9crit le minist\u00e8re sur X en diffusant une vid\u00e9o montrant selon lui \u00ab\u00a0les militants en train de s&rsquo;amuser \u00e0 bord de navires isra\u00e9liens\u00a0\u00bb.<\/p>\n\n\n\n<p>Les organisateurs de cette nouvelle flottille de militants pro-palestiniens souhaitant briser le blocus impos\u00e9 par Isra\u00ebl sur la bande de Gaza avaient annonc\u00e9 peu avant que leurs bateaux \u00e9taient entour\u00e9s de navires militaires isra\u00e9liens alors qu&rsquo;ils se trouvaient au large de la Cr\u00e8te (Gr\u00e8ce).<\/p>\n\n\n\n<p>\u00ab\u00a0A l&rsquo;heure o\u00f9 nous publions ce communiqu\u00e9 (06H30 heure de Paris, 04H30 GMT), au moins 22 des 58 bateaux de la flottille ont \u00e9t\u00e9 pris d&rsquo;assaut par les forces isra\u00e9liennes en totale violation du droit international\u00a0\u00bb, a indiqu\u00e9 dans un communiqu\u00e9 la flottille \u00ab\u00a0Global Sumud\u00a0\u00bb, partie en avril des c\u00f4tes europ\u00e9ennes.<\/p>\n\n\n\n<p>Selon l&rsquo;organisation, des ressortissants fran\u00e7ais figurent parmi les personnes arr\u00eat\u00e9es.<\/p>\n\n\n\n<p>Dans la nuit, la flottille avait affirm\u00e9 que ses bateaux avaient \u00e9t\u00e9 \u00ab\u00a0ill\u00e9galement encercl\u00e9s\u00a0\u00bb par des navires isra\u00e9liens. \u00ab\u00a0Le contact avec 11 navires a \u00e9t\u00e9 perdu\u00a0\u00bb, avaient pr\u00e9cis\u00e9 les organisateurs.<\/p>\n\n\n\n<h2 class=\"wp-block-heading\">\u00ab\u00a0Laser et armes d&rsquo;assaut\u00a0\u00bb<\/h2>\n\n\n\n<p>\u00ab\u00a0Nos bateaux ont \u00e9t\u00e9 abord\u00e9s par des vedettes militaires qui se sont identifi\u00e9es comme d&rsquo;+Isra\u00ebl+\u00a0\u00bb, ont-ils \u00e9crit sur X, ajoutant que les occupants avaient \u00ab\u00a0point\u00e9 des lasers et des armes d&rsquo;assaut semi-automatiques\u00a0\u00bb et \u00ab\u00a0ordonn\u00e9 aux participants de se rassembler \u00e0 l&rsquo;avant des bateaux et de se mettre \u00e0 quatre pattes\u00a0\u00bb.<\/p>\n\n\n\n<p>Cette flottille est compos\u00e9e de plus de 50 bateaux partis ces derni\u00e8res semaines de Marseille en France, Barcelone en Espagne et Syracuse en Italie.<\/p>\n\n\n\n<p>Deux pr\u00e9c\u00e9dentes flottilles internationales de militants souhaitant percer le blocus de Gaza avaient \u00e9t\u00e9 intercept\u00e9es par la Marine isra\u00e9lienne, au large des c\u00f4tes de l&rsquo;Egypte et de la bande de Gaza, \u00e0 l&rsquo;\u00e9t\u00e9 et \u00e0 l&rsquo;automne 2025.<\/p>\n\n\n\n<p>L&rsquo;arraisonnement des bateaux par les forces isra\u00e9liennes avait \u00e9t\u00e9 qualifi\u00e9 d&rsquo;ill\u00e9gal par les organisateurs et par Amnesty International, et avait suscit\u00e9 des condamnations internationales.<\/p>\n\n\n\n<p>Les membres d&rsquo;\u00e9quipage avaient \u00e9t\u00e9 arr\u00eat\u00e9s puis expuls\u00e9s par Isra\u00ebl.<\/p>\n\n\n\n<p>La bande de Gaza, gouvern\u00e9e par le mouvement islamiste palestinien Hamas, est soumise \u00e0 un blocus isra\u00e9lien depuis 2007. La guerre d\u00e9vastatrice d\u00e9clench\u00e9e par l&rsquo;attaque sans pr\u00e9c\u00e9dent du Hamas sur le sol isra\u00e9lien le 7 octobre 2023 a engendr\u00e9 de graves p\u00e9nuries de nourriture, d&rsquo;eau, de m\u00e9dicaments et de carburant.<\/p>\n\n\n\n<p>Depuis le cessez-le-feu pr\u00e9caire entr\u00e9 en vigueur en octobre, l&rsquo;arm\u00e9e isra\u00e9lienne contr\u00f4le plus de la moiti\u00e9 du petit territoire palestinien c\u00f4tier, o\u00f9 l&rsquo;acc\u00e8s de l&rsquo;aide humanitaire reste encore largement restreint.<\/p>\n\n\n\n<p>L&rsquo;attaque du 7-Octobre a fait 1.221 morts, principalement des civils, du c\u00f4t\u00e9 isra\u00e9lien, selon des chiffres officiels isra\u00e9liens compil\u00e9s par l&rsquo;AFP.<\/p>\n\n\n\n<p>Plus de 72.500 Palestiniens ont \u00e9t\u00e9 tu\u00e9s dans la bande de Gaza par la campagne militaire isra\u00e9lienne de repr\u00e9sailles, selon le minist\u00e8re de la Sant\u00e9 de Gaza, plac\u00e9 sous l&rsquo;autorit\u00e9 du Hamas.<\/p>\n\n\n\n<p>Le minist\u00e8re, dont les chiffres sont jug\u00e9s fiables par l&rsquo;ONU, ne pr\u00e9cise pas le nombre de combattants tu\u00e9s. L&rsquo;ONU a r\u00e9cemment estim\u00e9 que plus de 38.000 femmes et filles avaient \u00e9t\u00e9 tu\u00e9es \u00e0 Gaza entre le 7 octobre 2023 et d\u00e9cembre 2025 par les bombardements et op\u00e9rations de l&rsquo;arm\u00e9e isra\u00e9lienne.<\/p>\n","protected":false},"excerpt":{"rendered":"<p>Par Marie DHUMIERES &#8211; \u00a9 2026 AFP L&rsquo;arm\u00e9e isra\u00e9lienne a arr\u00eat\u00e9 environ 175 militants de la \u00ab\u00a0flottille pour Gaza\u00a0\u00bb au<\/p>\n","protected":false},"author":1,"featured_media":71725,"comment_status":"open","ping_status":"open","sticky":false,"template":"","format":"standard","meta":{"footnotes":""},"categories":[51],"tags":[],"class_list":["post-71724","post","type-post","status-publish","format-standard","has-post-thumbnail","hentry","category-general"],"_links":{"self":[{"href":"https:\/\/dekkbi.com\/index.php?rest_route=\/wp\/v2\/posts\/71724","targetHints":{"allow":["GET"]}}],"collection":[{"href":"https:\/\/dekkbi.com\/index.php?rest_route=\/wp\/v2\/posts"}],"about":[{"href":"https:\/\/dekkbi.com\/index.php?rest_route=\/wp\/v2\/types\/post"}],"author":[{"embeddable":true,"href":"https:\/\/dekkbi.com\/index.php?rest_route=\/wp\/v2\/users\/1"}],"replies":[{"embeddable":true,"href":"https:\/\/dekkbi.com\/index.php?rest_route=%2Fwp%2Fv2%2Fcomments&post=71724"}],"version-history":[{"count":1,"href":"https:\/\/dekkbi.com\/index.php?rest_route=\/wp\/v2\/posts\/71724\/revisions"}],"predecessor-version":[{"id":71726,"href":"https:\/\/dekkbi.com\/index.php?rest_route=\/wp\/v2\/posts\/71724\/revisions\/71726"}],"wp:featuredmedia":[{"embeddable":true,"href":"https:\/\/dekkbi.com\/index.php?rest_route=\/wp\/v2\/media\/71725"}],"wp:attachment":[{"href":"https:\/\/dekkbi.com\/index.php?rest_route=%2Fwp%2Fv2%2Fmedia&parent=71724"}],"wp:term":[{"taxonomy":"category","embeddable":true,"href":"https:\/\/dekkbi.com\/index.php?rest_route=%2Fwp%2Fv2%2Fcategories&post=71724"},{"taxonomy":"post_tag","embeddable":true,"href":"https:\/\/dekkbi.com\/index.php?rest_route=%2Fwp%2Fv2%2Ftags&post=71724"}],"curies":[{"name":"wp","href":"https:\/\/api.w.org\/{rel}","templated":true}]}}