{"id":71721,"date":"2026-04-30T11:48:42","date_gmt":"2026-04-30T11:48:42","guid":{"rendered":"https:\/\/dekkbi.com\/?p=71721"},"modified":"2026-04-30T11:48:43","modified_gmt":"2026-04-30T11:48:43","slug":"est-de-la-rdc-des-rapports-sans-concessions-de-lassemblee-et-du-senat-sur-les-difficultes-de-larmee-congolaise","status":"publish","type":"post","link":"https:\/\/dekkbi.com\/?p=71721","title":{"rendered":"Est de la RDC: des rapports sans concessions de l\u2019Assembl\u00e9e et du S\u00e9nat sur les difficult\u00e9s de l\u2019arm\u00e9e congolaise"},"content":{"rendered":"\n<p>RFI a pu consulter des rapports distincts \u00e9tablis en 2025, apr\u00e8s auditions des ministres concern\u00e9s, par l\u2019Assembl\u00e9e nationale et le S\u00e9nat sur les difficult\u00e9s des Forces arm\u00e9es de la RDC et de leurs soutiens, dans la guerre \u00e0 l\u2019est du pays. Entre communications intercept\u00e9es par les ennemis, des effectifs militaires incertains, l\u2019absence d\u2019une doctrine militaire adapt\u00e9e ou une situation financi\u00e8re complexe, le constat dress\u00e9 par les parlementaires congolais est sans appel. D\u00e9tails.<\/p>\n\n\n\n<p>Par : Patient Ligodi<\/p>\n\n\n\n<p>Les communications des unit\u00e9s des Forces arm\u00e9es de la R\u00e9publique d\u00e9mocratique du Congo (<strong>RDC<\/strong>) engag\u00e9es au front sont intercept\u00e9es par l&rsquo;ennemi. Les effectifs d\u00e9clar\u00e9s par les commandants ne correspondent pas \u00e0 la r\u00e9alit\u00e9 sur le terrain. Des soldats restent fix\u00e9s sur les m\u00eames positions depuis des ann\u00e9es, sans rel\u00e8ve. La loi de programmation militaire de la RDC n\u2019est pas encore appliqu\u00e9e. Des suppl\u00e9tifs \u00e0 la solde de \u00ab\u00a0<em>l\u2019ennemi<\/em>\u00a0\u00bb combattent dans les rangs des forces loyalistes.<\/p>\n\n\n\n<p>Toutes ces informations ne proviennent pas d&rsquo;un rapport d&rsquo;organisation non-gouvernementale, ni d&rsquo;un service de renseignement \u00e9tranger. Elles sont tir\u00e9es de deux rapports officiels du Parlement congolais, produits \u00e0 partir des d\u00e9clarations des ministres eux-m\u00eames lors d&rsquo;auditions devant les deux chambres.<\/p>\n\n\n\n<p>Le premier est le rapport de la Commission D\u00e9fense et s\u00e9curit\u00e9 de l&rsquo;Assembl\u00e9e nationale, adopt\u00e9 en d\u00e9cembre 2025 \u00e0 l&rsquo;issue d&rsquo;auditions gouvernementales tenues les 13, 16, 18 et 22 d\u00e9cembre 2025. Le second est le rapport-synth\u00e8se de la Commission mixte D\u00e9fense-Relations ext\u00e9rieures du S\u00e9nat, adopt\u00e9 en mai 2025, apr\u00e8s des auditions conduites entre avril et mai 2025, dans les semaines suivant la chute de Goma et de Bukavu.<\/p>\n\n\n\n<h2 class=\"wp-block-heading\">L&rsquo;ennemi lit parfois les messages des FARDC<\/h2>\n\n\n\n<p>Le vice-Premier ministre, ministre de la D\u00e9fense nationale et des anciens combattants, Guy Kabombo Muadiamvita, l\u2019a dit devant l&rsquo;Assembl\u00e9e nationale en d\u00e9cembre 2025 : \u00ab&nbsp;<em>Faute des capacit\u00e9s de communication en nouvelle technologie, les unit\u00e9s FARDC engag\u00e9es au front sont parfois expos\u00e9es aux interceptions des messages par l&rsquo;ennemi et interf\u00e9rences qui rendent impossible la synchronisation des actions.<\/em>&nbsp;\u00bb Il a ajout\u00e9 : \u00ab&nbsp;<em>L&rsquo;ennemi qui a su construire une architecture moderne de communication avec des mat\u00e9riels \u00e0 la pointe des nouvelles technologies arrive \u00e0 d\u00e9crypter les \u00e9changes des messages op\u00e9rationnels entre les diff\u00e9rentes chaines de commandement et les unit\u00e9s engag\u00e9es aux fronts.&nbsp;<\/em>\u00bb<\/p>\n\n\n\n<p>Pour y rem\u00e9dier, le minist\u00e8re a \u00e9tabli des partenariats avec des pays amis pour l&rsquo;acquisition de syst\u00e8mes de communication. Le ministre a \u00e9galement indiqu\u00e9 qu&rsquo;il est imp\u00e9rieux que le pays dispose de ses propres satellites. Ces satellites n&rsquo;existent pas encore.<\/p>\n\n\n\n<p>La Commission D\u00e9fense de l&rsquo;Assembl\u00e9e nationale a retenu parmi ses constats officiels : \u00ab&nbsp;<em>Logistique des FARDC non-adapt\u00e9e aux nouvelles technologies de l&rsquo;information et de la communication.<\/em>&nbsp;\u00bb<\/p>\n\n\n\n<h2 class=\"wp-block-heading\">Des soldats fant\u00f4mes dans les registres<\/h2>\n\n\n\n<p>Devant le S\u00e9nat, en mars 2025, le ministre de la D\u00e9fense a fourni les effectifs officiels : l&rsquo;arm\u00e9e congolaise compte 268&nbsp;602 militaires, dont 36&nbsp;354 inactifs. Parmi ces inactifs, 3&nbsp;618 retrait\u00e9s sont en attente de paiement pour un montant cumul\u00e9 de 1,45 million de dollars. Les actifs sont r\u00e9partis entre trois zones de d\u00e9fense, avec 74 000 \u00e9l\u00e9ments engag\u00e9s en op\u00e9ration.<\/p>\n\n\n\n<p>Mais devant l&rsquo;Assembl\u00e9e nationale, en d\u00e9cembre 2025, le m\u00eame ministre a reconnu l&rsquo;existence d&rsquo;une commission interinstitutionnelle dont la mission est de v\u00e9rifier \u00ab&nbsp;<em>les effectifs d\u00e9clar\u00e9s par les commandants au front dont la r\u00e9alit\u00e9 r\u00e9v\u00e8le un \u00e9cart consid\u00e9rable<\/em>&nbsp;\u00bb. Les chiffres officiels et les effectifs r\u00e9ellement pr\u00e9sents sur les positions ne co\u00efncident donc pas. Le ministre lui-m\u00eame le dit.<\/p>\n\n\n\n<h2 class=\"wp-block-heading\">Des ann\u00e9es sur les m\u00eames positions, sans rel\u00e8ve<\/h2>\n\n\n\n<p>La Commission D\u00e9fense de l&rsquo;Assembl\u00e9e nationale a consign\u00e9 ce constat dans son rapport adopt\u00e9 en d\u00e9cembre 2025&nbsp;: \u00ab<em>&nbsp;S\u00e9dentarisation des troupes sur les lignes op\u00e9rationnelles sans rel\u00e8ve pendant des longues ann\u00e9es.<\/em>&nbsp;\u00bb<\/p>\n\n\n\n<p>Sur les conditions des soldats au front, le ministre de la D\u00e9fense a indiqu\u00e9 que la prime de combat est pass\u00e9e de 20 \u00e0 325 dollars. Il a pr\u00e9cis\u00e9 devant les d\u00e9put\u00e9s que sa mise en ex\u00e9cution \u00e9tait attendue depuis le mois d&rsquo;avril 2025. L&rsquo;audition a eu lieu en d\u00e9cembre 2025.<\/p>\n\n\n\n<p>Le ministre a \u00e9galement reconnu que les Centres d&rsquo;instruction, Centres d&rsquo;entra\u00eenement, l&rsquo;Acad\u00e9mie militaire, l&rsquo;\u00c9cole des sous-officiers et l&rsquo;H\u00f4pital militaire g\u00e9n\u00e9ral \u00ab&nbsp;<em>sont d\u00e9pourvus des v\u00e9ritables services psychologiques, sociologiques, kin\u00e9sith\u00e9rapiques et bien d&rsquo;autres<\/em>&nbsp;\u00bb. Il a qualifi\u00e9 ce chantier de travail \u00ab&nbsp;<em>\u00e0 ex\u00e9cuter par le gouvernement<\/em>&nbsp;\u00bb.<\/p>\n\n\n\n<figure class=\"wp-block-image\"><img decoding=\"async\" src=\"https:\/\/s.rfi.fr\/media\/display\/1394c6d2-c0d0-11ef-b7ec-005056bfb2b6\/w:1024\/2024-12-03T184538Z_1364556702_RC2ZSAA3F5M3_RTRMADP_3_CONGO-SECURITY.JPG\" alt=\"Des soldats de l'arm\u00e9e congolaise (FARDC), le 27 octobre 2024 dans le territoire de Lubero dans le Nord-Kivu, situ\u00e9 dans l'est du pays.\"\/><figcaption class=\"wp-element-caption\">Des soldats de l&rsquo;arm\u00e9e congolaise (FARDC), le 27 octobre 2024 dans le territoire de Lubero dans le Nord-Kivu, situ\u00e9 dans l&rsquo;est du pays.&nbsp;\u00a9 Djaffar Al Katanty \/ REUTERS<\/figcaption><\/figure>\n\n\n\n<h2 class=\"wp-block-heading\">Une loi de programmation qui n&rsquo;est pas appliqu\u00e9e<\/h2>\n\n\n\n<p>Le ministre de la D\u00e9fense a d\u00e9clar\u00e9 devant le S\u00e9nat, en mars 2025, que malgr\u00e9 la promulgation de l&rsquo;Ordonnance-Loi de programmation militaire 2022-2025, \u00ab&nbsp;<em>son niveau d&rsquo;ex\u00e9cution reste faible<\/em>&nbsp;\u00bb. Il a demand\u00e9 aux s\u00e9nateurs de soutenir son int\u00e9gration dans la loi de finances rectificative 2025. Le S\u00e9nat lui a r\u00e9pondu dans ses recommandations : \u00ab&nbsp;<em>Mettre en application la loi de programmation militaire sinon l&rsquo;adapter en la r\u00e9int\u00e9grant dans la loi de finances rectificative 2025.<\/em>&nbsp;\u00bb<\/p>\n\n\n\n<p>Le ministre des Finances a conclu son intervention devant l&rsquo;Assembl\u00e9e nationale par cette phrase : \u00ab&nbsp;<em>Le gouvernement n&rsquo;a pas m\u00e9nag\u00e9 ses efforts dans le secteur de la d\u00e9fense mais des d\u00e9fis subsistent en mati\u00e8re de coordination op\u00e9rationnelle et de planification strat\u00e9gique.&nbsp;<\/em>\u00bb<\/p>\n\n\n\n<p>Sur le budget 2025, les chiffres transmis par le ministre du Budget sont les suivants. Les pr\u00e9visions vot\u00e9es pour la D\u00e9fense nationale s&rsquo;\u00e9levaient \u00e0 7&nbsp;812 milliards de francs congolais, soit environ 2,9 milliards de dollars. Or, les montants liquid\u00e9s ont atteint 5 418 milliards de francs congolais, soit 2 milliards de dollars. Le ministre du Budget a expliqu\u00e9 ces \u00e9carts par des contraintes de tr\u00e9sorerie, et la priorit\u00e9 accord\u00e9e \u00e0 des d\u00e9penses jug\u00e9es critiques et des d\u00e9penses exceptionnelles li\u00e9es aux op\u00e9rations \u00e0 l&rsquo;est.<\/p>\n\n\n\n<h2 class=\"wp-block-heading\">Pas encore de doctrine, pas de casernes depuis 1960<\/h2>\n\n\n\n<p>La Commission D\u00e9fense de l&rsquo;Assembl\u00e9e nationale a adopt\u00e9 deux constats qui se suivent dans son rapport : \u00ab&nbsp;<em>Absence de doctrine au sein des FARDC<\/em>&nbsp;\u00bb et \u00ab&nbsp;<em>absence quasi-totale de politique de casernement de nos FARDC depuis 1960<\/em>&nbsp;\u00bb. Le S\u00e9nat confirme en outre, dans ses observations finales de mai 2025 : \u00ab&nbsp;<em>La strat\u00e9gie militaire semble ne pas s&rsquo;adapter au contexte de la guerre qui est impos\u00e9e.<\/em>&nbsp;\u00bb<\/p>\n\n\n\n<p>Ce constat intervient alors que le ministre de la D\u00e9fense a lui-m\u00eame d\u00e9crit, devant l&rsquo;Assembl\u00e9e nationale, deux fronts simultan\u00e9s de nature radicalement diff\u00e9rente. D&rsquo;un c\u00f4t\u00e9, \u00ab&nbsp;<em>le conflit arm\u00e9 de haute intensit\u00e9 contre l&rsquo;agression rwandaise dans les provinces du Nord et du Sud-Kivu<\/em>&nbsp;\u00bb. De l&rsquo;autre, \u00ab&nbsp;<em>le conflit asym\u00e9trique contre les jihadistes ADF\/MTM [<\/em>Forces d\u00e9mocratiques alli\u00e9es, NDLR<em>] et la CRP [<\/em>Convention pour la r\u00e9volution populaire, groupe arm\u00e9 dirig\u00e9 par Thomas Lubanga, NDLR<em>] dans les provinces d&rsquo;Ituri et Nord-Kivu<\/em>&nbsp;\u00bb. Deux guerres, sans doctrine formalis\u00e9e pour ni l&rsquo;une ni l&rsquo;autre.<\/p>\n\n\n\n<p>\u00c0 lire aussi<a href=\"https:\/\/www.rfi.fr\/fr\/afrique\/20260413-est-de-la-rdc-comment-les-combats-se-sont-d%C3%A9plac%C3%A9s-et-intensifi%C3%A9s-au-sud-kivu-en-trois-mois\">Est de la RDC: comment les combats se sont d\u00e9plac\u00e9s et intensifi\u00e9s au Sud-Kivu en trois mois<\/a><\/p>\n\n\n\n<h2 class=\"wp-block-heading\">Dans le renseignement, des taupes<\/h2>\n\n\n\n<p>La Commission D\u00e9fense de l&rsquo;Assembl\u00e9e nationale a retenu parmi ses constats officiels : \u00ab&nbsp;<em>Mauvaise exploitation des renseignements re\u00e7us et la pr\u00e9sence probable des taupes dans le syst\u00e8me de renseignements.<\/em>&nbsp;\u00bb La recommandation qui suit est : \u00ab&nbsp;<em>Renforcer la capacit\u00e9 des renseignements pour lutter contre les taupes dans la chaine.&nbsp;<\/em>\u00bb<\/p>\n\n\n\n<p>Le mot est dans le texte parlementaire, pas dans une estimation ext\u00e9rieure. Le S\u00e9nat formule la m\u00eame pr\u00e9occupation dans ses observations g\u00e9n\u00e9rales : \u00ab<em>&nbsp;L&rsquo;inefficacit\u00e9 des services de renseignements<\/em>&nbsp;\u00bb figure parmi les facteurs qui \u00ab&nbsp;<em>r\u00e9duisent sensiblement l&rsquo;efficacit\u00e9 de nos troupes au combat, et les exposent terriblement au feu ennemi&nbsp;<\/em>\u00bb.<\/p>\n\n\n\n<figure class=\"wp-block-image\"><img decoding=\"async\" src=\"https:\/\/s.rfi.fr\/media\/display\/0e53f9a8-2162-11ef-ad68-005056a97e36\/w:1024\/000_34UE8A4.jpg\" alt=\"Des soldats congolais patrouillent dans le march\u00e9 de Kanyabayonga le 14 mai 2024.\"\/><figcaption class=\"wp-element-caption\">Des soldats congolais patrouillent dans le march\u00e9 de Kanyabayonga le 14 mai 2024.&nbsp;AFP &#8211; ALEXIS HUGUET<\/figcaption><\/figure>\n\n\n\n<h2 class=\"wp-block-heading\">Les Wazalendo : des alli\u00e9s qui ont trahi<\/h2>\n\n\n\n<p>Devant le S\u00e9nat, en mars 2025, le ministre de la D\u00e9fense a distingu\u00e9 deux r\u00e9alit\u00e9s au sein des groupes Wazalendo : \u00ab&nbsp;<em>Des vrais patriotes engag\u00e9s aux c\u00f4t\u00e9s des FARDC pour combattre les agresseurs et, d&rsquo;autre part, des faux patriotes \u00e0 la solde de l&rsquo;ennemi, agissant contre les forces loyalistes.<\/em>&nbsp;\u00bb Il a mentionn\u00e9 des confrontations entre les FARDC et des Wazalendo \u00e0 Uvira (Sud-Kivu) et \u00e0 Butembo (Nord-Kivu).<\/p>\n\n\n\n<p>Sur la prise de Walikale-Centre (Nord-Kivu), le ministre a indiqu\u00e9 qu&rsquo;elle a eu lieu \u00ab&nbsp;<em>suite \u00e0 la trahison des VDP KABIDO&nbsp;<\/em>[Volontaires pour la d\u00e9fense de la patrie, NDLR] \u00bb. Ce groupe, nomm\u00e9ment cit\u00e9 dans le rapport s\u00e9natorial, avait rejoint les forces loyalistes avant de retourner ses armes contre elles.<\/p>\n\n\n\n<p>Devant l&rsquo;Assembl\u00e9e nationale, en d\u00e9cembre 2025, le m\u00eame ministre de la D\u00e9fense a reconnu la n\u00e9cessit\u00e9 d&rsquo;am\u00e9liorer le financement des Wazalendo et \u00ab&nbsp;<em>leur chaine de commandement sp\u00e9cial pour \u00e9viter les affrontements \u00e0 r\u00e9p\u00e9tition avec les FARDC<\/em>&nbsp;\u00bb.<\/p>\n\n\n\n<p>La Commission du S\u00e9nat a observ\u00e9, dans ses conclusions : \u00ab&nbsp;<em>La partie du Sud-Kivu encore sous contr\u00f4le gouvernemental est en proie \u00e0 l&rsquo;ingouvernabilit\u00e9 \u00e0 cause de l&#8217;emprise des Wazalendo sur les structures de l&rsquo;\u00c9tat.&nbsp;<\/em>\u00bb Il ne s&rsquo;agit pas d&rsquo;une zone occup\u00e9e par l&rsquo;ennemi, mais d&rsquo;un territoire gouvernemental o\u00f9 des forces suppl\u00e9tives du gouvernement auraient pris le contr\u00f4le des institutions.<\/p>\n\n\n\n<p><strong>Newsletter<\/strong>Recevez toute l&rsquo;actualit\u00e9 internationale directement dans votre boite mail<a href=\"https:\/\/emailing.rfi.fr\/fr\/subscribe\" target=\"_blank\" rel=\"noreferrer noopener\">Je m&rsquo;abonne<\/a><\/p>\n\n\n\n<p>\u00c0 \u00e9couter aussi<a href=\"https:\/\/www.rfi.fr\/fr\/podcasts\/pourquoi-rfi-dit-%C3%A7a\/20250926-pourquoi-rfi-d%C3%A9signe-t-elle-les-wazalendo-en-rdc-comme-des-milices\">Pourquoi RFI d\u00e9signe-t-elle les Wazalendo en RDC comme des milices?<\/a><\/p>\n\n\n\n<h2 class=\"wp-block-heading\">Le bilan chiffr\u00e9 des d\u00e9b\u00e2cles, par le ministre lui-m\u00eame<\/h2>\n\n\n\n<p>Devant le S\u00e9nat, en r\u00e9ponse aux questions sur les d\u00e9b\u00e2cles au Kivu, le ministre de la D\u00e9fense a fourni les donn\u00e9es suivantes. Environ 1 500 \u00e9l\u00e9ments ont \u00e9t\u00e9 envoy\u00e9s au camp militaire de Rumangabo (Nord-Kivu) pour reconditionnement, dont 1&nbsp;000 d\u00e9j\u00e0 en renfort \u00e0 Walikale. Environ 500 \u00e9l\u00e9ments de la Police nationale congolaise sont op\u00e9rationnels dans les zones ennemies. Environ 300 \u00e9l\u00e9ments, principalement de la Garde r\u00e9publicaine, ont \u00e9t\u00e9 d\u00e9port\u00e9s au Rwanda. Environ 150 r\u00e9sistants ont \u00e9t\u00e9 sommairement abattus.<\/p>\n\n\n\n<p>Des poursuites judiciaires ont par ailleurs \u00e9t\u00e9 engag\u00e9es contre cinq officiers sup\u00e9rieurs ayant abandonn\u00e9 leurs postes&nbsp;<strong><a href=\"https:\/\/www.rfi.fr\/fr\/afrique\/20260126-goma-un-an-apr%C3%A8s-les-blessures-et-la-r%C3%A9silience\">lors de l&rsquo;arriv\u00e9e de l&rsquo;AFC\/M23 \u00e0 Goma<\/a><\/strong>. Les officiers ayant abandonn\u00e9 leurs postes \u00e0 Bukavu et qui se trouvent \u00e0 Uvira n&rsquo;ont pas \u00e9t\u00e9 interpell\u00e9s, selon le ministre, \u00ab&nbsp;<em>afin de ne pas fragiliser la strat\u00e9gie militaire&nbsp;<\/em>\u00bb. Des enqu\u00eates ont \u00e9t\u00e9 diligent\u00e9es \u00e0 l&rsquo;encontre du g\u00e9n\u00e9ral Chiviri, commandant du secteur op\u00e9rationnel du Sud-Kivu, pour confirmer ou infirmer les all\u00e9gations le concernant.<\/p>\n\n\n\n<h2 class=\"wp-block-heading\">Ce \u00e0 quoi les ministres n&rsquo;ont pas r\u00e9pondu<\/h2>\n\n\n\n<p>Lors du d\u00e9bat avec le ministre de la D\u00e9fense devant l&rsquo;Assembl\u00e9e nationale, les d\u00e9put\u00e9s ont soulev\u00e9 explicitement la \u00ab&nbsp;<em>complicit\u00e9 des politiciens dans la guerre qui s\u00e9vit au Nord et Sud-Kivu<\/em>&nbsp;\u00bb. Cette question est consign\u00e9e dans le proc\u00e8s-verbal des travaux. Elle ne figure pas parmi les r\u00e9ponses fournies par le ministre dans les d\u00e9lais impartis.<\/p>\n\n\n\n<p>Le ministre de l&rsquo;Int\u00e9rieur, pour sa part, a reconnu devant le S\u00e9nat que les objectifs initiaux de l&rsquo;\u00e9tat de si\u00e8ge, \u00e0 savoir la restauration de l&rsquo;autorit\u00e9 de l&rsquo;\u00c9tat, l&rsquo;\u00e9radication des groupes arm\u00e9s et la s\u00e9curisation des biens et des personnes, \u00ab&nbsp;<em>ne sont pas encore atteints<\/em>&nbsp;\u00bb. Il a ajout\u00e9 qu&rsquo;il est \u00ab&nbsp;<em>difficile d&rsquo;estimer une atteinte prochaine de ces objectifs \u00e9tant donn\u00e9 la persistance des op\u00e9rations militaires<\/em>&nbsp;\u00bb. L&rsquo;\u00e9tat de si\u00e8ge dans le Nord-Kivu et l&rsquo;Ituri a \u00e9t\u00e9 proclam\u00e9 par une ordonnance dat\u00e9e de mai 2021. Au moment de cette audition, il \u00e9tait en vigueur depuis quatre ans.<\/p>\n","protected":false},"excerpt":{"rendered":"<p>RFI a pu consulter des rapports distincts \u00e9tablis en 2025, apr\u00e8s auditions des ministres concern\u00e9s, par l\u2019Assembl\u00e9e nationale et le<\/p>\n","protected":false},"author":1,"featured_media":71722,"comment_status":"open","ping_status":"open","sticky":false,"template":"","format":"standard","meta":{"footnotes":""},"categories":[51],"tags":[],"class_list":["post-71721","post","type-post","status-publish","format-standard","has-post-thumbnail","hentry","category-general"],"_links":{"self":[{"href":"https:\/\/dekkbi.com\/index.php?rest_route=\/wp\/v2\/posts\/71721","targetHints":{"allow":["GET"]}}],"collection":[{"href":"https:\/\/dekkbi.com\/index.php?rest_route=\/wp\/v2\/posts"}],"about":[{"href":"https:\/\/dekkbi.com\/index.php?rest_route=\/wp\/v2\/types\/post"}],"author":[{"embeddable":true,"href":"https:\/\/dekkbi.com\/index.php?rest_route=\/wp\/v2\/users\/1"}],"replies":[{"embeddable":true,"href":"https:\/\/dekkbi.com\/index.php?rest_route=%2Fwp%2Fv2%2Fcomments&post=71721"}],"version-history":[{"count":1,"href":"https:\/\/dekkbi.com\/index.php?rest_route=\/wp\/v2\/posts\/71721\/revisions"}],"predecessor-version":[{"id":71723,"href":"https:\/\/dekkbi.com\/index.php?rest_route=\/wp\/v2\/posts\/71721\/revisions\/71723"}],"wp:featuredmedia":[{"embeddable":true,"href":"https:\/\/dekkbi.com\/index.php?rest_route=\/wp\/v2\/media\/71722"}],"wp:attachment":[{"href":"https:\/\/dekkbi.com\/index.php?rest_route=%2Fwp%2Fv2%2Fmedia&parent=71721"}],"wp:term":[{"taxonomy":"category","embeddable":true,"href":"https:\/\/dekkbi.com\/index.php?rest_route=%2Fwp%2Fv2%2Fcategories&post=71721"},{"taxonomy":"post_tag","embeddable":true,"href":"https:\/\/dekkbi.com\/index.php?rest_route=%2Fwp%2Fv2%2Ftags&post=71721"}],"curies":[{"name":"wp","href":"https:\/\/api.w.org\/{rel}","templated":true}]}}