{"id":71694,"date":"2026-04-30T10:33:07","date_gmt":"2026-04-30T10:33:07","guid":{"rendered":"https:\/\/dekkbi.com\/?p=71694"},"modified":"2026-04-30T10:33:08","modified_gmt":"2026-04-30T10:33:08","slug":"matam-les-entreprises-minieres-ont-contribue-a-plus-5-milliards-cfa-au-budget-national-en-2024-itie","status":"publish","type":"post","link":"https:\/\/dekkbi.com\/?p=71694","title":{"rendered":"Matam: les entreprises mini\u00e8res ont contribu\u00e9 \u00e0 plus 5 milliards CFA au budget national en 2024 (ITIE)"},"content":{"rendered":"\n<p>Le Comit\u00e9 national de l\u2019Initiative pour la Transparence dans les Industries Extractives (ITIE) du S\u00e9n\u00e9gal a pr\u00e9sent\u00e9, lors du Comit\u00e9 r\u00e9gional de d\u00e9veloppement (CRD) de Matam, les chiffres cl\u00e9s du rapport ITIE 2024. L\u2019occasion pour son pr\u00e9sident, Pape Thialis Faye, de d\u00e9tailler la contribution de la r\u00e9gion \u00e0 la manne extractive nationale, mais aussi les retomb\u00e9es \u00e9conomiques locales.<\/p>\n\n\n\n<p>Sur l\u2019ensemble du territoire s\u00e9n\u00e9galais, le secteur extractif a g\u00e9n\u00e9r\u00e9 455,99 milliards de francs CFA en 2024, confirmant son poids strat\u00e9gique. La r\u00e9gion de Matam, bien que modeste en part relative, y a contribu\u00e9 \u00e0 hauteur de pr\u00e8s de 6 milliards de francs CFA, soit 1,31 % des revenus extractifs nationaux. Une performance port\u00e9e principalement par la Soci\u00e9t\u00e9 mini\u00e8re de la Vall\u00e9e du Fleuve S\u00e9n\u00e9gal (SOMIVA), dont le directeur g\u00e9n\u00e9ral, le ministre Ibrahima Sarr, a \u00e9t\u00e9 chaleureusement remerci\u00e9 par le pr\u00e9sident de l\u2019ITIE.&nbsp;\u00ab Ces activit\u00e9s ont permis une contribution directe de plus de 5,6 milliards de francs CFA au budget de l\u2019\u00c9tat \u00bb, a pr\u00e9cis\u00e9 M. Faye, soulignant le renforcement de la capacit\u00e9 de financement des politiques publiques, tant nationales que territoriales.<\/p>\n\n\n\n<p>Aussi, l\u2019impact local se mesure \u00e9galement en emplois et en achats aupr\u00e8s du tissu \u00e9conomique r\u00e9gional. Ainsi, la SOMIVA emploie plus de 1 300 personnes, avec une tr\u00e8s large majorit\u00e9 de travailleurs nationaux, pour une masse salariale globale d\u00e9passant 2,5 milliards de francs CFA. Par ailleurs, les transactions avec les fournisseurs locaux dans la r\u00e9gion s\u2019\u00e9l\u00e8vent \u00e0 31,65 milliards de francs CFA, illustrant le potentiel du contenu local.<\/p>\n\n\n\n<p>Pour ce qui est des transferts directs aux collectivit\u00e9s territoriales, le rapport ITIE 2024 (sur la base des donn\u00e9es 2023) fait \u00e9tat d\u2019une dotation d\u2019appui \u00e0 l\u2019\u00e9quipement de pr\u00e8s de 239 millions de francs CFA pour la r\u00e9gion de Matam, r\u00e9partie entre les d\u00e9partements de Matam, Kanel et Ran\u00e9rou.<\/p>\n\n\n\n<p>Pape Thialis Faye n\u2019a toutefois pas occult\u00e9 les d\u00e9fis persistants : \u00ab La disponibilit\u00e9 et la qualit\u00e9 des informations sur les d\u00e9penses sociales et environnementales, ainsi que sur la tra\u00e7abilit\u00e9 compl\u00e8te des flux infranationaux, demeurent des enjeux majeurs \u00bb, a-t-il alert\u00e9. Le pr\u00e9sident de l\u2019ITIE a \u00e9galement rappel\u00e9 que le S\u00e9n\u00e9gal avait obtenu, en 2024, un score de 89 points (mention \u00ab Tr\u00e8s bon \u00bb) lors de l\u2019\u00e9valuation de la mise en \u0153uvre de la Norme ITIE 2023. \u00ab Ce r\u00e9sultat est le fruit d\u2019un engagement collectif, mais il nous oblige \u00e0 poursuivre les r\u00e9formes \u00bb, a-t-il insist\u00e9, en r\u00e9affirmant la disponibilit\u00e9 du Comit\u00e9 national \u00e0 accompagner les autorit\u00e9s r\u00e9gionales et les collectivit\u00e9s pour une meilleure appropriation des donn\u00e9es extractives, \u00ab au service d\u2019un d\u00e9veloppement local durable, \u00e9quitable et apais\u00e9. \u00bb<\/p>\n","protected":false},"excerpt":{"rendered":"<p>Le Comit\u00e9 national de l\u2019Initiative pour la Transparence dans les Industries Extractives (ITIE) du S\u00e9n\u00e9gal a pr\u00e9sent\u00e9, lors du Comit\u00e9<\/p>\n","protected":false},"author":1,"featured_media":71695,"comment_status":"open","ping_status":"open","sticky":false,"template":"","format":"standard","meta":{"footnotes":""},"categories":[3],"tags":[],"class_list":["post-71694","post","type-post","status-publish","format-standard","has-post-thumbnail","hentry","category-event-more-news"],"_links":{"self":[{"href":"https:\/\/dekkbi.com\/index.php?rest_route=\/wp\/v2\/posts\/71694","targetHints":{"allow":["GET"]}}],"collection":[{"href":"https:\/\/dekkbi.com\/index.php?rest_route=\/wp\/v2\/posts"}],"about":[{"href":"https:\/\/dekkbi.com\/index.php?rest_route=\/wp\/v2\/types\/post"}],"author":[{"embeddable":true,"href":"https:\/\/dekkbi.com\/index.php?rest_route=\/wp\/v2\/users\/1"}],"replies":[{"embeddable":true,"href":"https:\/\/dekkbi.com\/index.php?rest_route=%2Fwp%2Fv2%2Fcomments&post=71694"}],"version-history":[{"count":1,"href":"https:\/\/dekkbi.com\/index.php?rest_route=\/wp\/v2\/posts\/71694\/revisions"}],"predecessor-version":[{"id":71696,"href":"https:\/\/dekkbi.com\/index.php?rest_route=\/wp\/v2\/posts\/71694\/revisions\/71696"}],"wp:featuredmedia":[{"embeddable":true,"href":"https:\/\/dekkbi.com\/index.php?rest_route=\/wp\/v2\/media\/71695"}],"wp:attachment":[{"href":"https:\/\/dekkbi.com\/index.php?rest_route=%2Fwp%2Fv2%2Fmedia&parent=71694"}],"wp:term":[{"taxonomy":"category","embeddable":true,"href":"https:\/\/dekkbi.com\/index.php?rest_route=%2Fwp%2Fv2%2Fcategories&post=71694"},{"taxonomy":"post_tag","embeddable":true,"href":"https:\/\/dekkbi.com\/index.php?rest_route=%2Fwp%2Fv2%2Ftags&post=71694"}],"curies":[{"name":"wp","href":"https:\/\/api.w.org\/{rel}","templated":true}]}}