{"id":71682,"date":"2026-04-30T09:52:37","date_gmt":"2026-04-30T09:52:37","guid":{"rendered":"https:\/\/dekkbi.com\/?p=71682"},"modified":"2026-04-30T09:52:38","modified_gmt":"2026-04-30T09:52:38","slug":"can-coupe-du-monde-lannee-des-blessures-pour-hakimi-avec-le-maroc","status":"publish","type":"post","link":"https:\/\/dekkbi.com\/?p=71682","title":{"rendered":"Can, Coupe du monde\u2026 : L\u2019ann\u00e9e des blessures pour Hakimi avec le Maroc"},"content":{"rendered":"\n<p>Apr\u00e8s un marathon 2024-2025 de 69 matchs, agr\u00e9ment\u00e9 d\u2019un sextupl\u00e9 avec le Psg et d\u2019une m\u00e9daille de bronze avec le Maroc olympique, Achraf Hakimi (27 ans) conna\u00eet une saison moins lin\u00e9aire sur le plan physique. Lors de la premi\u00e8re moiti\u00e9 d\u2019exercice, le lat\u00e9ral droit a \u00e9t\u00e9 \u00e9cart\u00e9 des terrains entre d\u00e9but novembre et fin d\u00e9cembre \u00e0 cause d\u2019une blessure \u00e0 la cheville gauche ayant initialement fait planer le spectre d\u2019un forfait sur sa Can 2025 \u00e0 domicile.<\/p>\n\n\n\n<p>Le 29 d\u00e9cembre, il remportera son contre-la-montre et prendra le train en marche \u00e0 compter de l\u2019ultime journ\u00e9e de la phase de poules, avant de tenir int\u00e9gralement sa place pour les Lions de l\u2019Atlas d\u00e8s les huiti\u00e8mes jusqu\u2019en finale.<\/p>\n\n\n\n<p><strong>Un risque sur la Coupe du monde 2026 ?<\/strong><\/p>\n\n\n\n<p>Quelques mois plus tard, il doit encore composer avec un p\u00e9pin, contract\u00e9 face au Bayern Munich, mardi soir en demi-finale aller de Ligue des Champions (5-4). Touch\u00e9 \u00e0 la cuisse, le capitaine des Lions de l\u2019Atlas (95 capes, 11 buts) a d\u00fb terminer la rencontre en serrant les dents.<br>Les examens approfondis ont d\u00e9cel\u00e9 une d\u00e9chirure aux ischios, r\u00e9v\u00e8le Fabrice Haw\u00adkins, journaliste chez Rmc Sport. Il est forfait pour le match retour, mercredi prochain.<\/p>\n\n\n\n<p>A l\u2019heure actuelle, il n\u2019est pas question d\u2019un forfait pour le reste de la saison, encore moins pour la Coupe du monde 2026 d\u00e9marrant dans moins de 45 jours (du 11 juin au 19 juillet). Toutefois, cette g\u00eane est susceptible de perturber sa fin de saison au Psg et le contraindre \u00e0 disputer le Mondial diminu\u00e9.<\/p>\n\n\n\n<p><strong>Afrik-foot<\/strong><\/p>\n","protected":false},"excerpt":{"rendered":"<p>Apr\u00e8s un marathon 2024-2025 de 69 matchs, agr\u00e9ment\u00e9 d\u2019un sextupl\u00e9 avec le Psg et d\u2019une m\u00e9daille de bronze avec le<\/p>\n","protected":false},"author":1,"featured_media":63140,"comment_status":"open","ping_status":"open","sticky":false,"template":"","format":"standard","meta":{"footnotes":""},"categories":[9],"tags":[],"class_list":["post-71682","post","type-post","status-publish","format-standard","has-post-thumbnail","hentry","category-sports"],"_links":{"self":[{"href":"https:\/\/dekkbi.com\/index.php?rest_route=\/wp\/v2\/posts\/71682","targetHints":{"allow":["GET"]}}],"collection":[{"href":"https:\/\/dekkbi.com\/index.php?rest_route=\/wp\/v2\/posts"}],"about":[{"href":"https:\/\/dekkbi.com\/index.php?rest_route=\/wp\/v2\/types\/post"}],"author":[{"embeddable":true,"href":"https:\/\/dekkbi.com\/index.php?rest_route=\/wp\/v2\/users\/1"}],"replies":[{"embeddable":true,"href":"https:\/\/dekkbi.com\/index.php?rest_route=%2Fwp%2Fv2%2Fcomments&post=71682"}],"version-history":[{"count":1,"href":"https:\/\/dekkbi.com\/index.php?rest_route=\/wp\/v2\/posts\/71682\/revisions"}],"predecessor-version":[{"id":71683,"href":"https:\/\/dekkbi.com\/index.php?rest_route=\/wp\/v2\/posts\/71682\/revisions\/71683"}],"wp:featuredmedia":[{"embeddable":true,"href":"https:\/\/dekkbi.com\/index.php?rest_route=\/wp\/v2\/media\/63140"}],"wp:attachment":[{"href":"https:\/\/dekkbi.com\/index.php?rest_route=%2Fwp%2Fv2%2Fmedia&parent=71682"}],"wp:term":[{"taxonomy":"category","embeddable":true,"href":"https:\/\/dekkbi.com\/index.php?rest_route=%2Fwp%2Fv2%2Fcategories&post=71682"},{"taxonomy":"post_tag","embeddable":true,"href":"https:\/\/dekkbi.com\/index.php?rest_route=%2Fwp%2Fv2%2Ftags&post=71682"}],"curies":[{"name":"wp","href":"https:\/\/api.w.org\/{rel}","templated":true}]}}