{"id":71679,"date":"2026-04-30T09:48:03","date_gmt":"2026-04-30T09:48:03","guid":{"rendered":"https:\/\/dekkbi.com\/?p=71679"},"modified":"2026-04-30T09:48:04","modified_gmt":"2026-04-30T09:48:04","slug":"un-an-apres-sa-signature-le-mai-aigre-doux-du-pacte-social","status":"publish","type":"post","link":"https:\/\/dekkbi.com\/?p=71679","title":{"rendered":"Un an apr\u00e8s sa signature: Le Mai aigre-doux du pacte social"},"content":{"rendered":"\n<p><strong>Le gouvernement, le patronat et les centrales syndicales avaient scell\u00e9, le 1er mai 2025, un Pacte national de stabilit\u00e9 sociale (Pnss-Cid). Entre l\u2019urgence de solder les vieux contentieux dans les secteurs n\u00e9vralgiques de l\u2019\u00e9ducation, de la sant\u00e9, de la Justice, et la n\u00e9cessit\u00e9 de r\u00e9pondre aux menaces persistantes sur le pouvoir d\u2019achat, ce nouveau contrat social vise \u00e0 instaurer une paix durable. Mais au-del\u00e0 des signatures, le d\u00e9fi reste entier : transformer les promesses administratives en r\u00e9alit\u00e9s tangibles pour \u00e9viter un nouveau cycle de crises. Cette ann\u00e9e, les trois secteurs cl\u00e9s du pays ont connu des moments de tension avant la signature d\u2019accords qui ont mis fin \u00e0 de tr\u00e8s longues gr\u00e8ves. Par contre, une partie de la sant\u00e9 est toujours dans le coma avec la poursuite de la gr\u00e8ve d\u2019And Gueusseum.&nbsp;<\/strong><\/p>\n\n\n\n<p><strong>Par Justin GOMIS \u2013&nbsp;<\/strong>L\u2019heure est \u00e0 la tr\u00eave apr\u00e8s des mois d\u2019espoir supplant\u00e9s par des moments d\u2019incertitude et de fortes tensions. Avec la signature du Pacte national de stabilit\u00e9 sociale pour une Croissance inclusive et durable (Pnss-Cid) le 1er mai 2025, le S\u00e9n\u00e9gal tentait de clore un chapitre de turbulences sociales pour ouvrir celui de l\u2019\u00e9mergence structurelle. Mais, l\u2019ann\u00e9e a \u00e9t\u00e9 durement perturb\u00e9e par des gr\u00e8ves cycliques dans les secteurs de l\u2019\u00e9ducation, de la sant\u00e9, de la Justice et aussi de l\u2019Administration. Fina\u00adlement, les conflits ont \u00e9t\u00e9 r\u00e9gl\u00e9s au bout de plusieurs mois de bras de fer. Mais au-del\u00e0 de la signature, quels sont les v\u00e9ritables leviers de cette r\u00e9conciliation nationale ?<\/p>\n\n\n\n<p>Le S\u00e9n\u00e9gal se souvient encore des cycles de gr\u00e8ves qui ont paralys\u00e9 l\u2019\u00e9cole publique et les tribunaux ces derni\u00e8res ann\u00e9es. Dans le secteur de l\u2019\u00e9ducation, les revendications portaient non seulement sur les indemnit\u00e9s, mais aussi sur une dignit\u00e9 retrouv\u00e9e pour les enseignants \u00abd\u00e9cisionnaires\u00bb. Il a fallu plusieurs gr\u00e8ves constituant une menace sur l\u2019ann\u00e9e pour qu\u2019un accord soit sign\u00e9. Dans la Justice, la paralysie des greffes avait mis en lumi\u00e8re la fragilit\u00e9 d\u2019un syst\u00e8me o\u00f9 les r\u00e9formes indiciaires de 2018 tardaient \u00e0 se concr\u00e9tiser. Or, le nouveau pacte ne se contentait pas de recenser ces dol\u00e9ances ; il devait proposer un m\u00e9canisme de suivi rigoureux pour que les engagements de l\u2019Etat ne restent plus lettre morte.<\/p>\n\n\n\n<p>L\u2019un des points forts de ce nouveau contrat social est la volont\u00e9 de r\u00e9soudre les conflits administratifs par la digitalisation. En automatisant la gestion des carri\u00e8res dans la Fonction publique, le gouvernement r\u00e9pond \u00e0 une demande historique des syndicats qui voyaient dans les lenteurs administratives une forme d\u2019injustice sociale. La r\u00e9solution des conflits passe d\u00e9sormais par une Administration plus transparente, guid\u00e9e par les principes de probit\u00e9 et d\u2019\u2019efficacit\u00e9.<\/p>\n\n\n\n<p><strong>Les centrales syndicales : une vigilance accrue<\/strong><\/p>\n\n\n\n<p>Si les centrales syndicales ont appos\u00e9 leurs signatures, elles n\u2019ont pas pour autant rang\u00e9 leurs cahiers de dol\u00e9ances. Leurs menaces voil\u00e9es rappellent que la paix sociale a un prix : la pr\u00e9servation du pouvoir d\u2019achat face \u00e0 l\u2019inflation\u00a0; la protection sociale universelle, incluant les travailleurs de l\u2019informel\u00a0; la stabilit\u00e9 de l\u2019emploi, particuli\u00e8rement dans les secteurs en restructuration. Les syndicats attendent des actes concrets sur la baisse du co\u00fbt de la vie et la g\u00e9n\u00e9ralisation de la retraite \u00e0 65 ans, des points qui restent des lignes rouges pour le maintien de la stabilit\u00e9.<\/p>\n\n\n\n<p><strong>Protocoles d\u2019accords sign\u00e9s<\/strong><\/p>\n\n\n\n<p>Le Pnss-Cid renforce une r\u00e9alit\u00e9 : la sanctuarisation du dialogue tripartite (Etat-employeurs-travailleurs). L\u2019objectif est de pr\u00e9venir plut\u00f4t que de gu\u00e9rir. En instaurant des cadres de concertation sectoriels r\u00e9guliers, le S\u00e9n\u00e9gal esp\u00e8re anticiper les crises avant qu\u2019elles ne se transforment en d\u00e9brayages massifs.<br>Le Pacte de stabilit\u00e9 sociale n\u2019est pas une fin en soi, mais le socle pour un avenir meilleur. Pour que la croissance soit inclusive, elle doit se construire dans un climat de confiance mutuelle. Le d\u00e9fi pour les cinq prochaines ann\u00e9es sera de transformer ce document juridique en une r\u00e9alit\u00e9 tangible pour chaque travailleur s\u00e9n\u00e9galais, de l\u2019instituteur rural au magistrat de la capitale.<\/p>\n\n\n\n<p>En Conseil des ministres hier, le Premier ministre a rappel\u00e9 l\u2019importance de la signature du Pacte de stabilit\u00e9 sociale \u00abpour une croissance inclusive et durable, intervenue avec le patronat et les centrales syndicales, ainsi que les avanc\u00e9es enregistr\u00e9es dans la r\u00e9gularisation exceptionnelle des situations administratives et statutaires dans les secteurs de l\u2019\u00e9ducation et de la sant\u00e9\u00bb. Il a demand\u00e9 \u00e0 l\u2019ensemble des ministres concern\u00e9s de veiller \u00e0 la mise en \u0153uvre diligente et rigoureuse des engagements pris par le gouvernement, dans le respect des \u00e9ch\u00e9ances arr\u00eat\u00e9es et dans un esprit de responsabilit\u00e9 collective au service de la paix sociale.<\/p>\n\n\n\n<p><strong>justin@lequotidien.sn<\/strong><\/p>\n\n\n\n<p><a href=\"https:\/\/www.facebook.com\/sharer.php?u=https:\/\/lequotidien.sn\/un-an-apres-sa-signature-le-mai-aigre-doux-du-pacte-social\/\"><\/a><\/p>\n","protected":false},"excerpt":{"rendered":"<p>Le gouvernement, le patronat et les centrales syndicales avaient scell\u00e9, le 1er mai 2025, un Pacte national de stabilit\u00e9 sociale<\/p>\n","protected":false},"author":1,"featured_media":71680,"comment_status":"open","ping_status":"open","sticky":false,"template":"","format":"standard","meta":{"footnotes":""},"categories":[21],"tags":[],"class_list":["post-71679","post","type-post","status-publish","format-standard","has-post-thumbnail","hentry","category-societe"],"_links":{"self":[{"href":"https:\/\/dekkbi.com\/index.php?rest_route=\/wp\/v2\/posts\/71679","targetHints":{"allow":["GET"]}}],"collection":[{"href":"https:\/\/dekkbi.com\/index.php?rest_route=\/wp\/v2\/posts"}],"about":[{"href":"https:\/\/dekkbi.com\/index.php?rest_route=\/wp\/v2\/types\/post"}],"author":[{"embeddable":true,"href":"https:\/\/dekkbi.com\/index.php?rest_route=\/wp\/v2\/users\/1"}],"replies":[{"embeddable":true,"href":"https:\/\/dekkbi.com\/index.php?rest_route=%2Fwp%2Fv2%2Fcomments&post=71679"}],"version-history":[{"count":1,"href":"https:\/\/dekkbi.com\/index.php?rest_route=\/wp\/v2\/posts\/71679\/revisions"}],"predecessor-version":[{"id":71681,"href":"https:\/\/dekkbi.com\/index.php?rest_route=\/wp\/v2\/posts\/71679\/revisions\/71681"}],"wp:featuredmedia":[{"embeddable":true,"href":"https:\/\/dekkbi.com\/index.php?rest_route=\/wp\/v2\/media\/71680"}],"wp:attachment":[{"href":"https:\/\/dekkbi.com\/index.php?rest_route=%2Fwp%2Fv2%2Fmedia&parent=71679"}],"wp:term":[{"taxonomy":"category","embeddable":true,"href":"https:\/\/dekkbi.com\/index.php?rest_route=%2Fwp%2Fv2%2Fcategories&post=71679"},{"taxonomy":"post_tag","embeddable":true,"href":"https:\/\/dekkbi.com\/index.php?rest_route=%2Fwp%2Fv2%2Ftags&post=71679"}],"curies":[{"name":"wp","href":"https:\/\/api.w.org\/{rel}","templated":true}]}}