{"id":71676,"date":"2026-04-30T09:38:34","date_gmt":"2026-04-30T09:38:34","guid":{"rendered":"https:\/\/dekkbi.com\/?p=71676"},"modified":"2026-04-30T09:38:34","modified_gmt":"2026-04-30T09:38:34","slug":"candidature-de-macky-a-lonu-la-convergence-citoyenne-en-audience-chez-le-khalife-general-des-layene","status":"publish","type":"post","link":"https:\/\/dekkbi.com\/?p=71676","title":{"rendered":"Candidature de Macky \u00e0 l&rsquo;Onu: la Convergence citoyenne en audience chez le Khalife g\u00e9n\u00e9ral des Lay\u00e8ne"},"content":{"rendered":"\n<p>Une d\u00e9l\u00e9gation de la Convergence citoyenne,\u00a0 comit\u00e9 de soutien \u00e0 la candidature de l\u2019ancien chef de l\u2019\u00c9tat Macky Sall\u00a0 a \u00e9t\u00e9 re\u00e7ue ce mardi \u00e0 Camb\u00e9r\u00e8ne par le khalife g\u00e9n\u00e9ral des Lay\u00e8ne. Conduite par Babacar Gaye, la d\u00e9l\u00e9gation est venue solliciter des pri\u00e8res et recueillir les orientations du guide religieux dans un contexte marqu\u00e9 par des enjeux nationaux et internationaux.<\/p>\n\n\n\n<p>Au terme de l\u2019audience, les membres de la Convergence citoyenne se sont dits \u00ab tr\u00e8s satisfaits \u00bb de leurs \u00e9changes avec Seydina Mouhamadou Lamine Laye, qu\u2019ils d\u00e9crivent comme \u00ab un homme ouvert, instruit et en phase avec son \u00e9poque \u00bb. Ils saluent notamment la port\u00e9e de son discours, ax\u00e9 sur la paix, la citoyennet\u00e9 et l\u2019unit\u00e9 nationale.<\/p>\n\n\n\n<p>Le Khalife g\u00e9n\u00e9ral, de son c\u00f4t\u00e9, a encourag\u00e9 la d\u00e9l\u00e9gation et pri\u00e9 pour l\u2019ancien pr\u00e9sident Macky Sall, tout en appelant \u00e0 l\u2019union des S\u00e9n\u00e9galais pour pr\u00e9server la stabilit\u00e9 et l\u2019honneur du pays. Il a \u00e9galement mis en avant les r\u00e9alisations de ce dernier au sein de la communaut\u00e9 Lay\u00e8ne.<\/p>\n\n\n\n<p>Les responsables de la Convergence citoyenne ont rappel\u00e9 que leur d\u00e9marche s\u2019inscrit dans une dynamique de mobilisation autour d\u2019une candidature qu\u2019ils qualifient de \u00ab nationale, africaine et internationale. \u00bb&nbsp;<\/p>\n\n\n\n<p>Ils ont soulign\u00e9 l\u2019importance de consulter les autorit\u00e9s religieuses \u00e0 travers le pays, notamment \u00e0 Touba, Tivaouane, Ndiassane et Camb\u00e9r\u00e8ne, afin de magnifier leur r\u00f4le dans la pr\u00e9servation de la paix sociale.<\/p>\n\n\n\n<p>\u00c9voquant les d\u00e9fis globaux, ils ont insist\u00e9 sur la n\u00e9cessit\u00e9 de promouvoir la paix et la s\u00e9curit\u00e9, notamment dans la sous-r\u00e9gion, appelant \u00e0 une stabilisation durable du Mali. Pour eux, l\u2019unit\u00e9 nationale demeure un levier essentiel pour faire face aux enjeux actuels et futurs.<br>La d\u00e9l\u00e9gation a enfin r\u00e9affirm\u00e9 sa conviction que le S\u00e9n\u00e9gal doit avancer dans la coh\u00e9sion, en s\u2019appuyant sur ses valeurs religieuses et sociales, pour porter ses ambitions sur la sc\u00e8ne internationale.<\/p>\n","protected":false},"excerpt":{"rendered":"<p>Une d\u00e9l\u00e9gation de la Convergence citoyenne,\u00a0 comit\u00e9 de soutien \u00e0 la candidature de l\u2019ancien chef de l\u2019\u00c9tat Macky Sall\u00a0 a<\/p>\n","protected":false},"author":1,"featured_media":71677,"comment_status":"open","ping_status":"open","sticky":false,"template":"","format":"standard","meta":{"footnotes":""},"categories":[6],"tags":[],"class_list":["post-71676","post","type-post","status-publish","format-standard","has-post-thumbnail","hentry","category-politics"],"_links":{"self":[{"href":"https:\/\/dekkbi.com\/index.php?rest_route=\/wp\/v2\/posts\/71676","targetHints":{"allow":["GET"]}}],"collection":[{"href":"https:\/\/dekkbi.com\/index.php?rest_route=\/wp\/v2\/posts"}],"about":[{"href":"https:\/\/dekkbi.com\/index.php?rest_route=\/wp\/v2\/types\/post"}],"author":[{"embeddable":true,"href":"https:\/\/dekkbi.com\/index.php?rest_route=\/wp\/v2\/users\/1"}],"replies":[{"embeddable":true,"href":"https:\/\/dekkbi.com\/index.php?rest_route=%2Fwp%2Fv2%2Fcomments&post=71676"}],"version-history":[{"count":1,"href":"https:\/\/dekkbi.com\/index.php?rest_route=\/wp\/v2\/posts\/71676\/revisions"}],"predecessor-version":[{"id":71678,"href":"https:\/\/dekkbi.com\/index.php?rest_route=\/wp\/v2\/posts\/71676\/revisions\/71678"}],"wp:featuredmedia":[{"embeddable":true,"href":"https:\/\/dekkbi.com\/index.php?rest_route=\/wp\/v2\/media\/71677"}],"wp:attachment":[{"href":"https:\/\/dekkbi.com\/index.php?rest_route=%2Fwp%2Fv2%2Fmedia&parent=71676"}],"wp:term":[{"taxonomy":"category","embeddable":true,"href":"https:\/\/dekkbi.com\/index.php?rest_route=%2Fwp%2Fv2%2Fcategories&post=71676"},{"taxonomy":"post_tag","embeddable":true,"href":"https:\/\/dekkbi.com\/index.php?rest_route=%2Fwp%2Fv2%2Ftags&post=71676"}],"curies":[{"name":"wp","href":"https:\/\/api.w.org\/{rel}","templated":true}]}}