{"id":71674,"date":"2026-04-30T09:33:41","date_gmt":"2026-04-30T09:33:41","guid":{"rendered":"https:\/\/dekkbi.com\/?p=71674"},"modified":"2026-04-30T09:33:43","modified_gmt":"2026-04-30T09:33:43","slug":"dialogue-boycott-du-fdr-cisse-a-refaire","status":"publish","type":"post","link":"https:\/\/dekkbi.com\/?p=71674","title":{"rendered":"Dialogue \u2013 Boycott du Fdr : CISS\u00c9 \u00e0 REFAIRE"},"content":{"rendered":"\n<p>Alors que le ministre de l\u2019Int\u00e9rieur, Bamba Ciss\u00e9, convie la classe politique \u00e0 une concertation ce jeudi 30 avril 2026, l\u2019atmosph\u00e8re s\u2019alourdit. Entre le boycott fracassant du Front pour la d\u00e9fense de la R\u00e9publique (Fdr) et l\u2019adoption marathon des articles L.29 et L.30 par une Assembl\u00e9e nationale domin\u00e9e par Pastef, le foss\u00e9 se creuse entre le pouvoir et une partie de l\u2019opposition.<\/p>\n\n\n\n<p><strong>Ce 30 avril sera-t-il une journ\u00e9e d\u2019un dialogue de sourds ? A quelques heures de la rencontre pr\u00e9vue entre le ministre de l\u2019Int\u00e9rieur et les formations politiques \u00e0 la Direction g\u00e9n\u00e9rale des \u00e9lections (Dge), le consensus, traditionnellement de mise sur les questions \u00e9lectorales au S\u00e9n\u00e9gal, semble s\u2019\u00eatre \u00e9vapor\u00e9. L\u2019objectif de la rencontre est de partager des informations sur le processus \u00e9lectoral en cours et \u00e9tablir un premier contact formel avec la classe politique pour garantir la transparence des prochains scrutins (notamment les Locales de 2027 et le calendrier l\u00e9gislatif).<\/strong><\/p>\n\n\n\n<p><strong>Moundiaye Ciss\u00e9\u00a0: \u00abLe boycott du Fdr ne doit pas fermer le dialogue\u00bb<\/strong><\/p>\n\n\n\n<p>En Conseil des ministres, le Pr\u00e9sident Faye a pourtant rappel\u00e9 que le dialogue, principe directeur du fonctionnement de notre d\u00e9mocratie, est un facteur cl\u00e9 de gestion inclusive et d\u2019efficacit\u00e9 des pouvoirs pu\u00adblics. Il faisait r\u00e9f\u00e9rence au partage\u00a0\u00abavec les citoyens des projets de textes y aff\u00e9rents, \u00e0 un mois de la date du 28 mai institu\u00e9e Journ\u00e9e du Dialogue national\u00bb. Pour lui, \u00abcette journ\u00e9e constitue une date majeure de l\u2019agenda r\u00e9publicain\u00bb, tout en rappelant que ces \u00abtextes visent la modernisation de la gouvernance publique et du fonctionnement de la Justice, et le renforcement du syst\u00e8me \u00e9lectoral et d\u00e9mocratique\u00bb. L\u2019enjeu de l\u00e9gitimit\u00e9 : pour le pouvoir, il s\u2019agit de prouver sa volont\u00e9 de concertation apr\u00e8s des mois de critiques sur une gestion jug\u00e9e \u00abunilat\u00e9rale\u00bb. Moundiaye Ciss\u00e9, patron de l\u2019Ong 3D, qui a \u00e9t\u00e9 l\u2019un des m\u00e9diateurs ayant abouti \u00e0 cette rencontre, assure\u00a0: \u00abLe boycott du Fdr ne doit pas fermer le dialogue : nous appelons le ministre de l\u2019Int\u00e9rieur \u00e0 maintenir une porte ouverte, pour des \u00e9changes inclusifs et permanents.\u00bb Pour lui, le dialogue ne doit pas \u00eatre \u00abconjoncturel\u00bb, mais permettre de d\u00e9passer les d\u00e9saccords ponctuels.<\/p>\n\n\n\n<p>Mais, la digue consensuelle a c\u00e9d\u00e9 mardi : le premier coup de semonce est venu du Front pour la d\u00e9fense de la R\u00e9pu\u00adblique (Fdr). La coalition d\u2019opposition a officiellement d\u00e9clin\u00e9 l\u2019invitation du ministre de l\u2019Int\u00e9rieur. Pour les leaders du front, cette concertation n\u2019est qu\u2019un \u00absimulacre\u00bb destin\u00e9 \u00e0 ent\u00e9riner des d\u00e9cisions d\u00e9j\u00e0 act\u00e9es unilat\u00e9ralement par l\u2019Ex\u00e9cutif.<\/p>\n\n\n\n<p>Le Fdr pointe du doigt un manque de transparence dans la pr\u00e9paration des avant-projets de lois issus du comit\u00e9 de relecture du Dialogue national de mai 2025. En d\u00e9non\u00e7ant un processus \u00abcaptur\u00e9 par la Primature\u00bb, la coalition appelle d\u00e9sormais \u00e0 une \u00abr\u00e9sistance d\u00e9mocratique\u00bb pour faire face \u00e0 ce qu\u2019elle qualifie de recul de l\u2019Etat de Droit.<\/p>\n\n\n\n<p><strong>L.29 et L.30 : Le \u00abpassage en force\u00bb l\u00e9gislatif sans concertations<\/strong><\/p>\n\n\n\n<p>Le climat s\u2019est davantage crisp\u00e9 mardi soir \u00e0 l\u2019Assembl\u00e9e nationale. Les d\u00e9put\u00e9s, port\u00e9s par la majorit\u00e9 Pastef, ont adopt\u00e9 une proposition de loi modifiant substantiellement les articles L.29 et L.30 du Code \u00e9lectoral. Ces articles, v\u00e9ritables verrous de l\u2019\u00e9ligibilit\u00e9, encadrent les cas d\u2019exclusion du fichier \u00e9lectoral suite \u00e0 des condamnations judiciaires. La r\u00e9forme, approuv\u00e9e \u00e0 48h de cette rencontre, introduit notamment que l\u2019interdiction de s\u2019inscrire sur les listes serait d\u00e9sormais fix\u00e9e \u00e0 une p\u00e9riode de 5 ans apr\u00e8s la condamnation d\u00e9finitive et une clarification des d\u00e9lits : une volont\u00e9 d\u2019\u00e9viter les radiations automatiques pour des amendes mineures.<\/p>\n\n\n\n<p>Si, pour le groupe parlementaire Pastef, il s\u2019agit de \u00abr\u00e9parer des injustices\u00bb et d\u2019harmoniser le code avec les standards internationaux, l\u2019opposition parlementaire y voit une loi \u00abtaill\u00e9e sur mesure\u00bb. Pour beaucoup, cette r\u00e9forme vise avant tout \u00e0 s\u00e9curiser d\u00e9finitivement l\u2019\u00e9ligibilit\u00e9 de figures politiques majeures avant les prochaines \u00e9ch\u00e9ances.<\/p>\n\n\n\n<p>L\u2019enjeu de cette rencontre minist\u00e9rielle d\u00e9passe le simple cadre technique. Pour le nouveau r\u00e9gime, il s\u2019agit de prouver sa capacit\u00e9 \u00e0 inclure les forces vives dans sa trajectoire de r\u00e9forme institutionnelle. A l\u2019inverse, pour l\u2019opposition, c\u2019est le moment de tester la solidit\u00e9 des contre-pouvoirs.<\/p>\n\n\n\n<p>En l\u2019absence des poids lourds du Fdr, la r\u00e9union de ce jeudi risque de se transformer en un t\u00eate-\u00e0-t\u00eate entre le gouvernement et les partis non align\u00e9s. Un sc\u00e9nario qui fragilise d\u2019embl\u00e9e la l\u00e9gitimit\u00e9 des futures r\u00e9formes \u00e9lectorales, alors que le pays se projette d\u00e9j\u00e0 vers les \u00e9lections locales de 2027. La question reste enti\u00e8re : peut-on refonder le contrat d\u00e9mocratique sans une partie de ceux qui sont cens\u00e9s le signer ?<br><strong>bsakho@lequotidien.sn<\/strong><\/p>\n","protected":false},"excerpt":{"rendered":"<p>Alors que le ministre de l\u2019Int\u00e9rieur, Bamba Ciss\u00e9, convie la classe politique \u00e0 une concertation ce jeudi 30 avril 2026,<\/p>\n","protected":false},"author":1,"featured_media":71612,"comment_status":"open","ping_status":"open","sticky":false,"template":"","format":"standard","meta":{"footnotes":""},"categories":[6],"tags":[],"class_list":["post-71674","post","type-post","status-publish","format-standard","has-post-thumbnail","hentry","category-politics"],"_links":{"self":[{"href":"https:\/\/dekkbi.com\/index.php?rest_route=\/wp\/v2\/posts\/71674","targetHints":{"allow":["GET"]}}],"collection":[{"href":"https:\/\/dekkbi.com\/index.php?rest_route=\/wp\/v2\/posts"}],"about":[{"href":"https:\/\/dekkbi.com\/index.php?rest_route=\/wp\/v2\/types\/post"}],"author":[{"embeddable":true,"href":"https:\/\/dekkbi.com\/index.php?rest_route=\/wp\/v2\/users\/1"}],"replies":[{"embeddable":true,"href":"https:\/\/dekkbi.com\/index.php?rest_route=%2Fwp%2Fv2%2Fcomments&post=71674"}],"version-history":[{"count":1,"href":"https:\/\/dekkbi.com\/index.php?rest_route=\/wp\/v2\/posts\/71674\/revisions"}],"predecessor-version":[{"id":71675,"href":"https:\/\/dekkbi.com\/index.php?rest_route=\/wp\/v2\/posts\/71674\/revisions\/71675"}],"wp:featuredmedia":[{"embeddable":true,"href":"https:\/\/dekkbi.com\/index.php?rest_route=\/wp\/v2\/media\/71612"}],"wp:attachment":[{"href":"https:\/\/dekkbi.com\/index.php?rest_route=%2Fwp%2Fv2%2Fmedia&parent=71674"}],"wp:term":[{"taxonomy":"category","embeddable":true,"href":"https:\/\/dekkbi.com\/index.php?rest_route=%2Fwp%2Fv2%2Fcategories&post=71674"},{"taxonomy":"post_tag","embeddable":true,"href":"https:\/\/dekkbi.com\/index.php?rest_route=%2Fwp%2Fv2%2Ftags&post=71674"}],"curies":[{"name":"wp","href":"https:\/\/api.w.org\/{rel}","templated":true}]}}