{"id":71671,"date":"2026-04-30T09:21:24","date_gmt":"2026-04-30T09:21:24","guid":{"rendered":"https:\/\/dekkbi.com\/?p=71671"},"modified":"2026-04-30T09:21:25","modified_gmt":"2026-04-30T09:21:25","slug":"bambey-un-agent-de-la-der-fj-tente-de-mettre-fin-a-ses-jours-le-pire-evite","status":"publish","type":"post","link":"https:\/\/dekkbi.com\/?p=71671","title":{"rendered":"Bambey : un agent de la DER \/ FJ tente de mettre fin \u00e0 ses jours, le pire \u00e9vit\u00e9"},"content":{"rendered":"\n<p>Le climat est particuli\u00e8rement lourd \u00e0 l&rsquo;antenne de la D\u00e9l\u00e9gation g\u00e9n\u00e9rale \u00e0 l&rsquo;Entreprenariat Rapide des Femmes et des Jeunes (DER\/FJ) de Bambey. Au lendemain de la tourn\u00e9e de l&rsquo;administratrice g\u00e9n\u00e9rale, A\u00efda Mbodj, un \u00e9v\u00e9nement tragique a failli co\u00fbter la vie \u00e0 l&rsquo;un de ses collaborateurs.<\/p>\n\n\n\n<p>Selon les informations de Seneweb, Ousmane Ndiaye, charg\u00e9 de la formation au sein de ladite antenne, a tent\u00e9 de mettre fin \u00e0 ses jours en se jetant dans un puits situ\u00e9 \u00e0 proximit\u00e9 des locaux de l&rsquo;institution.<\/p>\n\n\n\n<p>Selon des sources concordantes, ce geste d\u00e9sesp\u00e9r\u00e9 ferait suite \u00e0 une vive remontrance de la directrice g\u00e9n\u00e9rale. Lors de son passage \u00e0 Bambey, A\u00efda Mbodj aurait publiquement critiqu\u00e9 Ousmane Ndiaye pour un d\u00e9faut de r\u00e9sultats dans ses missions de formation. Profond\u00e9ment affect\u00e9 par ce qu&rsquo;il a consid\u00e9r\u00e9 comme un affront insupportable, l&rsquo;agent a d\u00e9cid\u00e9 de se donner la mort.<\/p>\n\n\n\n<p>Fort heureusement, le drame a pu \u00eatre \u00e9vit\u00e9 de justesse. La victime a \u00e9t\u00e9 aussit\u00f4t extraite des eaux du puits, saine et sauve, avant d&rsquo;\u00eatre \u00e9vacu\u00e9e en urgence vers l&rsquo;h\u00f4pital de Bambey pour une prise en charge m\u00e9dicale. Il est important de souligner qu&rsquo;Ousmane Ndiaye est un militant de longue date d&rsquo;A\u00efda Mbodj et qu&rsquo;il r\u00e9side dans la commune de Baba Garage, d\u00e9taille la meme source.<\/p>\n\n\n\n<p>Mame Fatou Kebe<\/p>\n","protected":false},"excerpt":{"rendered":"<p>Le climat est particuli\u00e8rement lourd \u00e0 l&rsquo;antenne de la D\u00e9l\u00e9gation g\u00e9n\u00e9rale \u00e0 l&rsquo;Entreprenariat Rapide des Femmes et des Jeunes (DER\/FJ)<\/p>\n","protected":false},"author":1,"featured_media":71672,"comment_status":"open","ping_status":"open","sticky":false,"template":"","format":"standard","meta":{"footnotes":""},"categories":[26],"tags":[],"class_list":["post-71671","post","type-post","status-publish","format-standard","has-post-thumbnail","hentry","category-fait-divers"],"_links":{"self":[{"href":"https:\/\/dekkbi.com\/index.php?rest_route=\/wp\/v2\/posts\/71671","targetHints":{"allow":["GET"]}}],"collection":[{"href":"https:\/\/dekkbi.com\/index.php?rest_route=\/wp\/v2\/posts"}],"about":[{"href":"https:\/\/dekkbi.com\/index.php?rest_route=\/wp\/v2\/types\/post"}],"author":[{"embeddable":true,"href":"https:\/\/dekkbi.com\/index.php?rest_route=\/wp\/v2\/users\/1"}],"replies":[{"embeddable":true,"href":"https:\/\/dekkbi.com\/index.php?rest_route=%2Fwp%2Fv2%2Fcomments&post=71671"}],"version-history":[{"count":1,"href":"https:\/\/dekkbi.com\/index.php?rest_route=\/wp\/v2\/posts\/71671\/revisions"}],"predecessor-version":[{"id":71673,"href":"https:\/\/dekkbi.com\/index.php?rest_route=\/wp\/v2\/posts\/71671\/revisions\/71673"}],"wp:featuredmedia":[{"embeddable":true,"href":"https:\/\/dekkbi.com\/index.php?rest_route=\/wp\/v2\/media\/71672"}],"wp:attachment":[{"href":"https:\/\/dekkbi.com\/index.php?rest_route=%2Fwp%2Fv2%2Fmedia&parent=71671"}],"wp:term":[{"taxonomy":"category","embeddable":true,"href":"https:\/\/dekkbi.com\/index.php?rest_route=%2Fwp%2Fv2%2Fcategories&post=71671"},{"taxonomy":"post_tag","embeddable":true,"href":"https:\/\/dekkbi.com\/index.php?rest_route=%2Fwp%2Fv2%2Ftags&post=71671"}],"curies":[{"name":"wp","href":"https:\/\/api.w.org\/{rel}","templated":true}]}}