{"id":71658,"date":"2026-04-30T08:39:29","date_gmt":"2026-04-30T08:39:29","guid":{"rendered":"https:\/\/dekkbi.com\/?p=71658"},"modified":"2026-04-30T08:39:30","modified_gmt":"2026-04-30T08:39:30","slug":"congres-de-taxawu-senegal-khalifa-sall-tend-la-main-a-idrissa-seck","status":"publish","type":"post","link":"https:\/\/dekkbi.com\/?p=71658","title":{"rendered":"Congr\u00e8s de Taxawu S\u00e9n\u00e9gal : Khalifa Sall tend la main \u00e0 Idrissa Seck"},"content":{"rendered":"\n<p>\u00c0 l\u2019approche du congr\u00e8s de Taxawu S\u00e9n\u00e9gal, pr\u00e9vu les 9 et 10 mai \u00e0 Dakar, Khalifa Sall cherche \u00e0 \u00e9largir son influence au sein de l\u2019opposition. L\u2019ancien maire de Dakar mise sur une mobilisation forte et esp\u00e8re la pr\u00e9sence de Idrissa Seck pour consolider une dynamique unitaire.<\/p>\n\n\n\n<p>Le prochain congr\u00e8s de Taxawu S\u00e9n\u00e9gal s\u2019annonce comme un moment cl\u00e9 pour la recomposition de l\u2019opposition s\u00e9n\u00e9galaise. Pr\u00e9vu les 9 et 10 mai au Grand Th\u00e9\u00e2tre Doudou Ndiaye Rose, l\u2019\u00e9v\u00e9nement est pr\u00e9sent\u00e9 comme une d\u00e9monstration de force par son leader Khalifa Sall.<\/p>\n\n\n\n<p>Apr\u00e8s une p\u00e9riode marqu\u00e9e par des d\u00e9parts au sein de sa formation, l\u2019ancien maire de Dakar entend relancer la dynamique de son parti. L\u2019objectif affich\u00e9 d\u00e9passe largement le cadre interne : il s\u2019agit de f\u00e9d\u00e9rer les diff\u00e9rentes composantes de l\u2019opposition autour d\u2019une vision commune en perspective des prochaines \u00e9ch\u00e9ances politiques.<\/p>\n\n\n\n<p>Dans cette optique, plusieurs figures majeures sont attendues, notamment celles du Front pour la d\u00e9fense de la R\u00e9publique. Mais l\u2019attention se cristallise surtout autour d\u2019un nom : Idrissa Seck.<\/p>\n\n\n\n<p>Au sein de Taxawu S\u00e9n\u00e9gal, l\u2019espoir est de voir le leader de Rewmi r\u00e9pondre favorablement \u00e0 l\u2019invitation. Une telle pr\u00e9sence serait interpr\u00e9t\u00e9e comme un signal fort en faveur d\u2019un rapprochement strat\u00e9gique entre diff\u00e9rentes forces de l\u2019opposition.<\/p>\n\n\n\n<p>Dans un contexte politique en recomposition, ce congr\u00e8s pourrait ainsi marquer un tournant. Reste \u00e0 savoir si cet appel \u00e0 l\u2019unit\u00e9 sera entendu, et surtout s\u2019il se traduira par une alliance concr\u00e8te capable de peser face au pouvoir en place.<\/p>\n\n\n\n<p>LERAL NET<\/p>\n","protected":false},"excerpt":{"rendered":"<p>\u00c0 l\u2019approche du congr\u00e8s de Taxawu S\u00e9n\u00e9gal, pr\u00e9vu les 9 et 10 mai \u00e0 Dakar, Khalifa Sall cherche \u00e0 \u00e9largir<\/p>\n","protected":false},"author":1,"featured_media":71659,"comment_status":"open","ping_status":"open","sticky":false,"template":"","format":"standard","meta":{"footnotes":""},"categories":[6],"tags":[],"class_list":["post-71658","post","type-post","status-publish","format-standard","has-post-thumbnail","hentry","category-politics"],"_links":{"self":[{"href":"https:\/\/dekkbi.com\/index.php?rest_route=\/wp\/v2\/posts\/71658","targetHints":{"allow":["GET"]}}],"collection":[{"href":"https:\/\/dekkbi.com\/index.php?rest_route=\/wp\/v2\/posts"}],"about":[{"href":"https:\/\/dekkbi.com\/index.php?rest_route=\/wp\/v2\/types\/post"}],"author":[{"embeddable":true,"href":"https:\/\/dekkbi.com\/index.php?rest_route=\/wp\/v2\/users\/1"}],"replies":[{"embeddable":true,"href":"https:\/\/dekkbi.com\/index.php?rest_route=%2Fwp%2Fv2%2Fcomments&post=71658"}],"version-history":[{"count":1,"href":"https:\/\/dekkbi.com\/index.php?rest_route=\/wp\/v2\/posts\/71658\/revisions"}],"predecessor-version":[{"id":71660,"href":"https:\/\/dekkbi.com\/index.php?rest_route=\/wp\/v2\/posts\/71658\/revisions\/71660"}],"wp:featuredmedia":[{"embeddable":true,"href":"https:\/\/dekkbi.com\/index.php?rest_route=\/wp\/v2\/media\/71659"}],"wp:attachment":[{"href":"https:\/\/dekkbi.com\/index.php?rest_route=%2Fwp%2Fv2%2Fmedia&parent=71658"}],"wp:term":[{"taxonomy":"category","embeddable":true,"href":"https:\/\/dekkbi.com\/index.php?rest_route=%2Fwp%2Fv2%2Fcategories&post=71658"},{"taxonomy":"post_tag","embeddable":true,"href":"https:\/\/dekkbi.com\/index.php?rest_route=%2Fwp%2Fv2%2Ftags&post=71658"}],"curies":[{"name":"wp","href":"https:\/\/api.w.org\/{rel}","templated":true}]}}