{"id":71656,"date":"2026-04-30T08:34:31","date_gmt":"2026-04-30T08:34:31","guid":{"rendered":"https:\/\/dekkbi.com\/?p=71656"},"modified":"2026-04-30T08:34:32","modified_gmt":"2026-04-30T08:34:32","slug":"le-communique-du-conseil-des-ministres-du-mercredi-29-avril-2026","status":"publish","type":"post","link":"https:\/\/dekkbi.com\/?p=71656","title":{"rendered":"Le communiqu\u00e9 du Conseil des ministres du mercredi 29 avril 2026"},"content":{"rendered":"\n<p>Le Conseil des Ministres s\u2019est tenu le mercredi 29 avril 2026, sous la pr\u00e9sidence de Son Excellence Monsieur Bassirou Diomaye Diakhar FAYE, Pr\u00e9sident de la R\u00e9publique.<\/p>\n\n\n\n<p><strong>AU TITRE DE LA COMMUNICATION DU PRESIDENT DE LA REPUBLIQUE<\/strong><\/p>\n\n\n\n<p>Le Chef de l\u2019Etat a fait une communication portant sur les points suivants&nbsp;:<\/p>\n\n\n\n<p><strong>Esprit du dialogue national<\/strong><\/p>\n\n\n\n<p>Le Pr\u00e9sident de la R\u00e9publique, \u00e0 l\u2019entame de sa communication, indique qu\u2019apr\u00e8s examen et relecture inclusive des recommandations consensuelles issues des deux (02) dialogues sur la r\u00e9forme et la modernisation de la justice et le syst\u00e8me politique, tenus en 2024 et 2025, il a d\u00e9cid\u00e9 de renforcer le caract\u00e8re inclusif du processus. A cet effet, il a fait partager avec les citoyens, les projets de textes y aff\u00e9rents, \u00e0 un mois de la date du 28 mai institu\u00e9e Journ\u00e9e du Dialogue national.<\/p>\n\n\n\n<p>Il fait observer que cette journ\u00e9e constitue une date majeure de l\u2019agenda r\u00e9publicain et que le dialogue, principe directeur du fonctionnement de notre d\u00e9mocratie, est un facteur cl\u00e9 de gestion inclusive et d\u2019efficacit\u00e9 des pouvoirs publics.<\/p>\n\n\n\n<p>Ces textes visent la modernisation de la gouvernance publique et du fonctionnement de la Justice et le renforcement du syst\u00e8me \u00e9lectoral et d\u00e9mocratique.<\/p>\n\n\n\n<p><strong>D\u00e9veloppement durable de la R\u00e9gion de Kolda<\/strong><\/p>\n\n\n\n<p>Abordant sa tourn\u00e9e \u00e9conomique&nbsp;effectu\u00e9e du 23 au 25 avril 2026, dans la R\u00e9gion de Kolda, le Chef de l\u2019Etat remercie les populations des d\u00e9partements de Kolda, V\u00e9lingara et M\u00e9dina Yoro Foulah, les autorit\u00e9s administratives d\u00e9concentr\u00e9es, les \u00e9lus, acteurs territoriaux, notabilit\u00e9s religieuses et coutumi\u00e8res pour leur accueil chaleureux et leur mobilisation remarquable ayant permis un bon d\u00e9roulement de cette visite de travail.<\/p>\n\n\n\n<p>Apr\u00e8s avoir rappel\u00e9 l\u2019importance d\u2019acc\u00e9l\u00e9rer l\u2019ex\u00e9cution de tous les projets et actions de l\u2019Etat pr\u00e9vus dans la R\u00e9gion de Kolda, le Pr\u00e9sident de la R\u00e9publique demande au Gouvernement de consolider sa vocation agricole et industrielle. A cet effet, il invite \u00e0 une collaboration \u00e9troite avec les producteurs et les acteurs \u00e9conomiques des fili\u00e8res cotonni\u00e8re et arachidi\u00e8re ainsi qu\u2019\u00e0 l\u2019augmentation des am\u00e9nagements hydroagricoles du bassin de l\u2019Anamb\u00e9, pour accentuer la production rizicole. Dans cette dynamique, il demande au Ministre de l\u2019Agriculture, de la Souverainet\u00e9 alimentaire et de l\u2019Elevage de d\u00e9finir de nouvelles lettres de mission pour la SODAGRI et la SODEFITEX, dans le cadre de la refondation de la politique agricole.<\/p>\n\n\n\n<p>En outre, le Pr\u00e9sident de la R\u00e9publique indique au Gouvernement la n\u00e9cessit\u00e9 d\u2019acc\u00e9l\u00e9rer la r\u00e9habilitation de l\u2019A\u00e9roport de Kolda, ainsi que la mise en \u0153uvre des projets routiers et de d\u00e9senclavement.<\/p>\n\n\n\n<p>Il demande d\u2019engager un vaste programme de r\u00e9alisation d\u2019infrastructures scolaires pour soutenir la qualit\u00e9 du syst\u00e8me \u00e9ducatif, d\u2019am\u00e9liorer la fonctionnalit\u00e9 du syst\u00e8me sanitaire et de veiller \u00e0 la pr\u00e9servation des \u00e9cosyst\u00e8mes et du patrimoine forestier de la r\u00e9gion.<\/p>\n\n\n\n<p>Enfin, le Chef de l\u2019Etat donne instruction au Premier Ministre de veiller au fonctionnement optimal des services publics et au renforcement du patrimoine b\u00e2ti de l\u2019Etat dans la r\u00e9gion.<\/p>\n\n\n\n<p><strong>85<\/strong><strong><sup>\u00e8me<\/sup><\/strong><strong>&nbsp;\u00e9dition du Daaka de M\u00e9dina Gounass<\/strong><\/p>\n\n\n\n<p>Le Chef de l\u2019Etat annonce qu\u2019il s\u2019est rendu, le 25 avril 2026, \u00e0 M\u00e9dina Gounass pour participer \u00e0 la 85<sup>\u00e8me<\/sup>&nbsp;\u00e9dition de la retraite spirituelle du Daaka. Il remercie et f\u00e9licite le Khalife Thierno Amadou Tidiane BA et l\u2019ensemble des fid\u00e8les, pour l\u2019accueil, les pri\u00e8res formul\u00e9es et le bon d\u00e9roulement du Daaka. &nbsp;Il f\u00e9licite, \u00e9galement, le Gouvernement pour toutes les dispositions logistiques et s\u00e9curitaires prises en vue d\u2019assurer le succ\u00e8s de la retraite spirituelle d\u2019envergure internationale.<\/p>\n\n\n\n<p><strong>Ancrage de la diplomatie \u00e9conomique<\/strong><\/p>\n\n\n\n<p>Le Pr\u00e9sident de la R\u00e9publique rappelle qu\u2019il a pr\u00e9sid\u00e9, le 18 avril 2026, la c\u00e9r\u00e9monie d\u2019ouverture de la 7<sup>\u00e8me<\/sup>&nbsp;Conf\u00e9rence des Ambassadeurs, Consuls g\u00e9n\u00e9raux et Consuls du S\u00e9n\u00e9gal, plac\u00e9e sous le th\u00e8me&nbsp;: \u00ab&nbsp;la diplomatie s\u00e9n\u00e9galaise et le renouveau de la coop\u00e9ration internationale&nbsp;: principes et modes d\u2019action&nbsp;\u00bb.<\/p>\n\n\n\n<p>Il f\u00e9licite le Ministre de l\u2019Int\u00e9gration africaine, des Affaires \u00e9trang\u00e8res et des S\u00e9n\u00e9galais de l\u2019Ext\u00e9rieur, le Secr\u00e9taire d\u2019Etat aux S\u00e9n\u00e9galais de l\u2019Ext\u00e9rieur, les Ambassadeurs, Consuls g\u00e9n\u00e9raux et Consuls du S\u00e9n\u00e9gal, les personnels du Minist\u00e8re des Affaires \u00e9trang\u00e8res, pour leur professionnalisme, la qualit\u00e9 de l\u2019organisation et le succ\u00e8s de la Conf\u00e9rence.<\/p>\n\n\n\n<p>Le Chef de l\u2019Etat demande de veiller au renforcement permanent du bon voisinage, de l\u2019int\u00e9gration africaine, du multilat\u00e9ralisme, de la promotion \u00e9conomique et du rayonnement international du pays, et d\u2019accompagner la mise en \u0153uvre optimale de la Vision \u00ab&nbsp;S\u00e9n\u00e9gal 2050&nbsp;\u00bb, \u00e0 travers l\u2019ancrage syst\u00e9matique d\u2019une v\u00e9ritable diplomatie \u00e9conomique. Il a indiqu\u00e9 la nouvelle orientation de notre politique \u00e9trang\u00e8re, centr\u00e9e sur&nbsp;: (i) la promotion de l\u2019attractivit\u00e9 du S\u00e9n\u00e9gal&nbsp;; (ii) la mobilisation pragmatique de financements bilat\u00e9raux et multilat\u00e9raux avantageux&nbsp;; (iii) et le d\u00e9veloppement de partenariats strat\u00e9giques.<\/p>\n\n\n\n<p>Dans cette dynamique, il donne instruction au Ministre des Affaires \u00e9trang\u00e8res, au Ministre de l\u2019Economie, du Plan et de la Coop\u00e9ration et au Ministre des Finances et du Budget, de proposer, avant la fin du mois de juin 2026, une nouvelle Strat\u00e9gie de Coop\u00e9ration internationale et de Partenariats, avant de demander au Premier Ministre de renforcer les ressources humaines, budg\u00e9taires et financi\u00e8res du Minist\u00e8re des Affaires \u00e9trang\u00e8res et des missions diplomatiques, destin\u00e9es \u00e0 la promotion \u00e9conomique du S\u00e9n\u00e9gal.<\/p>\n\n\n\n<p>Le Chef de l\u2019Etat insiste sur l\u2019encadrement, l\u2019assistance administrative et sociale \u00e0 nos compatriotes de la Diaspora, en ce qui concerne l\u2019\u00e9tablissement de cartes nationales d\u2019identit\u00e9 et des passeports et l\u2019urgence de d\u00e9ployer le programme sp\u00e9cial d\u2019accompagnement des initiatives, projets et investissements des S\u00e9n\u00e9galais \u00e0 l\u2019Ext\u00e9rieur.<\/p>\n\n\n\n<p>Enfin, il demande au Premier Ministre, au Ministre des Affaires \u00e9trang\u00e8res et au Ministre des Finances et du Budget de travailler sur un Programme quinquennal de modernisation du r\u00e9seau diplomatique et consulaire, orient\u00e9 vers l\u2019am\u00e9lioration des conditions de travail et de repr\u00e9sentation du S\u00e9n\u00e9gal, ainsi que la promotion de la culture de r\u00e9sultats dans la mise en \u0153uvre de la politique \u00e9trang\u00e8re.<\/p>\n\n\n\n<p><strong>Repositionnement strat\u00e9gique du Forum international de Dakar sur la Paix et la S\u00e9curit\u00e9 en Afrique<\/strong><\/p>\n\n\n\n<p>Le Chef de l\u2019Etat annonce qu\u2019il a&nbsp;pr\u00e9sid\u00e9, le 20 avril 2026, la c\u00e9r\u00e9monie d\u2019ouverture de la 10<sup>\u00e8me&nbsp;<\/sup>\u00e9dition du Forum international de Dakar sur la Paix et la S\u00e9curit\u00e9 en Afrique sur le th\u00e8me&nbsp;: \u00ab&nbsp;l\u2019Afrique face aux d\u00e9fis de stabilit\u00e9, d\u2019int\u00e9gration et de souverainet\u00e9&nbsp;: quelles solutions durables \u00bb. Il remercie Son Excellence Mohammed Ould Cheikh El Ghazouani, Pr\u00e9sident de la R\u00e9publique Islamique de Mauritanie, Monsieur Julius Maada BIO, Pr\u00e9sident de la R\u00e9publique de Sierra L\u00e9one, Pr\u00e9sident en exercice de la CEDEAO, l\u2019ensemble des d\u00e9l\u00e9gations \u00e9trang\u00e8res et des participants pour leur pr\u00e9sence et leur contribution \u00e0 la r\u00e9ussite de cette rencontre majeure sur la paix et la s\u00e9curit\u00e9 dans le Continent.<\/p>\n\n\n\n<p>R\u00e9it\u00e9rant l\u2019importance strat\u00e9gique de ce rendez-vous continental dans l\u2019agenda des conf\u00e9rences internationales sur la diplomatie, la paix et la s\u00e9curit\u00e9, le Chef de l\u2019Etat demande au Ministre des Affaires \u00e9trang\u00e8res de valoriser les r\u00e9sultats du Forum de Dakar dans les strat\u00e9gies de promotion de la s\u00e9curit\u00e9, de la paix, de la stabilit\u00e9, de l\u2019int\u00e9gration et du d\u00e9veloppement durable au niveau sous-r\u00e9gional et \u00e0 l\u2019\u00e9chelle continentale.<\/p>\n\n\n\n<p><strong>Connaissance et maitrise de l\u2019Histoire g\u00e9n\u00e9rale du S\u00e9n\u00e9gal<\/strong><\/p>\n\n\n\n<p>Le Pr\u00e9sident de la R\u00e9publique, apr\u00e8s avoir rappel\u00e9 que la connaissance de notre culture et la valorisation de notre patrimoine historique, demeurent des priorit\u00e9s du projet pour un S\u00e9n\u00e9gal souverain, juste et prosp\u00e8re, demande au Ministre en charge de la Culture et au Secr\u00e9taire d\u2019Etat charg\u00e9 du Patrimoine historique, de prendre toutes les dispositions et mesures requises, en vue d\u2019accentuer le soutien logistique et financier de l\u2019Etat pour la publication rapide des ouvrages d\u00e9j\u00e0 finalis\u00e9s sur l\u2019Histoire g\u00e9n\u00e9rale du S\u00e9n\u00e9gal.&nbsp;Il f\u00e9licite les membres de la Coordination g\u00e9n\u00e9rale, les universitaires, les chercheurs et auteurs qui ont contribu\u00e9 \u00e0 la vulgarisation et \u00e0 la parfaite maitrise des figures et faits qui ont marqu\u00e9 l\u2019histoire de notre pays, des origines \u00e0 nos jours.<\/p>\n\n\n\n<p>Enfin, il demande au Ministre de l\u2019Education nationale et au Ministre de l\u2019Enseignement sup\u00e9rieur, de la Recherche et de l\u2019Innovation de vulgariser, dans les programmes scolaires et universitaires, l\u2019Histoire g\u00e9n\u00e9rale du S\u00e9n\u00e9gal et de l\u2019Afrique.<\/p>\n\n\n\n<p><strong>Agenda du Pr\u00e9sident de la R\u00e9publique, suivi de l\u2019int\u00e9gration, de la coop\u00e9ration et des partenariats<\/strong><\/p>\n\n\n\n<p>Le Chef de l\u2019Etat informe le Conseil qu\u2019il a re\u00e7u, le 27 avril 2026, le Rapport 2025 sur l\u2019\u00e9tat du Dialogue social. Il a pr\u00e9sid\u00e9, le 28 avril 2026, la s\u00e9ance inaugurale du Conseil strat\u00e9gique de l\u2019Initiative pr\u00e9sidentielle SunuChampions. Il annonce qu\u2019il recevra, le vendredi 1<sup>er<\/sup>&nbsp;mai 2026, en pr\u00e9sence des membres du Gouvernement, les cahiers des dol\u00e9ances des centrales syndicales.<\/p>\n\n\n\n<p><strong>AU TITRE DE LA COMMUNICATION DU PREMIER MINISTRE<\/strong><\/p>\n\n\n\n<p>Monsieur le Premier Ministre a pr\u00e9sent\u00e9 sa communication sur les points suivants&nbsp;:<\/p>\n\n\n\n<p><strong>Probl\u00e9matique de la nutrition<\/strong><\/p>\n\n\n\n<p>Le Premier Ministre a soulign\u00e9 l\u2019importance que le Gouvernement accorde \u00e0 tous les secteurs ayant un lien direct avec le d\u00e9veloppement humain et, en particulier, ceux de l\u2019\u00c9ducation, de la Sant\u00e9 et de l\u2019Agriculture, intimement li\u00e9es \u00e0 la Nutrition. Il a indiqu\u00e9 que le co\u00fbt \u00e9conomique annuel total de la sous-nutrition au S\u00e9n\u00e9gal est \u00e9valu\u00e9 \u00e0 856 millions de dollars, soit l\u2019\u00e9quivalent de 3,2% du revenu national brut.<\/p>\n\n\n\n<p>Il a soulign\u00e9 les efforts du Gouvernement en la mati\u00e8re. Ainsi, en termes de gouvernance, la Cellule de Lutte contre la Malnutrition a \u00e9t\u00e9 cr\u00e9\u00e9e et est devenue le Conseil national de D\u00e9veloppement de la Nutrition (CNDN) en 2020, sous la tutelle du Premier Ministre. De m\u00eame, l\u2019Etat du S\u00e9n\u00e9gal a adopt\u00e9 la Politique nationale de D\u00e9veloppement de la Nutrition (PNDN), actuellement op\u00e9rationnalis\u00e9e \u00e0 travers le Plan strat\u00e9gique multisectoriel de la Nutrition (PSMN 2024-2028). Le Premier Ministre a aussi \u00e9voqu\u00e9 l\u2019engagement du S\u00e9n\u00e9gal dans plusieurs initiatives multilat\u00e9rales et multisectorielles en faveur de la nutrition : Mouvement Scaling Up Nutrition, Initiative Nutrition for Growth (N4G), Objectifs de D\u00e9veloppement Durable, Agenda 2063 de l\u2019Union Africaine et Pacte mondial sur l\u2019Int\u00e9gration de la Nutrition.<\/p>\n\n\n\n<p>S\u2019agissant du financement, le Premier Ministre a rappel\u00e9, entre autres, la&nbsp;progression significative de la contribution de l\u2019\u00c9tat, pass\u00e9e du simple au quintuple, le d\u00e9veloppement de partenariat avec Global Financing Facility (GFF), ainsi que l\u2019op\u00e9rationnalisation en cours, avec le Minist\u00e8re des Finances et du Budget, d\u2019un outil de marquage budg\u00e9taire consistant \u00e0 introduire une tra\u00e7abilit\u00e9 des d\u00e9penses relatives \u00e0 la nutrition dans tous les secteurs. Il a pr\u00e9sent\u00e9 les r\u00e9sultats obtenus, tout en rappelant la persistance des d\u00e9fis comme le retard de croissance des enfants de 0 \u00e0 5 ans estim\u00e9 \u00e0 17%, la pr\u00e9valence du Kwashiorkor qui est&nbsp;de 10%, la pr\u00e9valence du surpoids et de l\u2019ob\u00e9sit\u00e9 globale chez les enfants et les adolescents, ainsi que l\u2019augmentation \u00e0 22% de la population pr\u00e9sentant une ob\u00e9sit\u00e9 abdominale en particulier chez la femme.<\/p>\n\n\n\n<p>Le Premier Ministre a demand\u00e9 d\u2019am\u00e9liorer la gouvernance du sous-secteur&nbsp;dont le m\u00e9canisme de financement, structurellement vuln\u00e9rable, est marqu\u00e9 par&nbsp;la faiblesse de la coordination et de la synergie d\u2019actions entre secteurs, le d\u00e9phasage de la politique nationale de d\u00e9veloppement de la nutrition avec les orientations de l\u2019Agenda national de Transformation, la faible implication des collectivit\u00e9s territoriales et&nbsp;l\u2019inexistence d\u2019un syst\u00e8me d\u2019information autonome.<\/p>\n\n\n\n<p>A cet \u00e9gard, il a demand\u00e9 au Ministre, Secr\u00e9taire g\u00e9n\u00e9ral du Gouvernement, en rapport avec les parties concern\u00e9es, de prendre les dispositions n\u00e9cessaires pour&nbsp;:<\/p>\n\n\n\n<ul class=\"wp-block-list\">\n<li>l\u2019actualisation de la Politique nationale de D\u00e9veloppement de la Nutrition et la r\u00e9vision du Plan strat\u00e9gique multisectoriel de la Nutrition (PSMN 2024-2028), en conformit\u00e9 avec les axes structurants du Masterplan 2025\u20132034\u00a0;<\/li>\n\n\n\n<li>la mise en place, avant la fin de l\u2019ann\u00e9e 2026, d\u2019une plateforme digitale int\u00e9gr\u00e9e de gestion de donn\u00e9es multisectorielles ;<\/li>\n\n\n\n<li>la mise en \u0153uvre d\u2019une strat\u00e9gie d\u2019information, de communication, de sensibilisation et d\u2019\u00e9ducation \u00e0 la nutrition\u00a0avec une meilleureprise en compte de la nutrition dans les curricula d\u2019enseignement, de formation et dans la Recherche appliqu\u00e9e.<\/li>\n<\/ul>\n\n\n\n<p>En outre, il a exhort\u00e9 les ministres concern\u00e9s \u00e0 accorder un niveau \u00e9lev\u00e9 de priorit\u00e9 \u00e0 la mise en \u0153uvre de plans d\u2019actions sectoriels nutrition.<\/p>\n\n\n\n<p><strong>Suivi des projets et accords<\/strong><\/p>\n\n\n\n<p>Le Premier Ministre a insist\u00e9 sur les diligences qui requi\u00e8rent un suivi soutenu dans le souci d\u2019assurer un pilotage rigoureux et coh\u00e9rent de l\u2019action gouvernementale.&nbsp;Dans ce cadre, il a abord\u00e9 la question de la finalisation des infrastructures sanitaires prioritaires et des projets de souverainet\u00e9 pharmaceutique, en pr\u00e9sentant l\u2019\u00e9tat d\u2019avancement de quatre (04) projets prioritaires du secteur de la sant\u00e9, repr\u00e9sentant un investissement public cumul\u00e9 de pr\u00e8s de 310 milliards de FCFA. Il en ressort que les travaux de l\u2019H\u00f4pital Seydi El Hadji Malick SY de Tivaouane, d\u2019un co\u00fbt de 46 milliards de FCFA, sont dans un \u00e9tat d\u2019avancement de 95 %. De m\u00eame, le Projet de Reconstruction de l\u2019H\u00f4pital Aristide Le Dantec \u2013 PRHAD, dont le co\u00fbt s\u2019\u00e9l\u00e8ve \u00e0 92,5 milliards de FCFA, est \u00e0 un niveau d\u2019avancement de 60 %. Le Premier Ministre a \u00e9galement partag\u00e9 l\u2019\u00e9tat d\u2019avancement de deux (02) Projets de souverainet\u00e9 pharmaceutique de l\u2019Institut Pasteur de Dakar. Ainsi, le Projet AFRICAMARIL, d\u2019un co\u00fbt de 21,5 milliards de FCFA, est \u00e0 un niveau d\u2019avancement de 80 %, alors que le Projet MADIBA estim\u00e9 \u00e0 145,4 milliards de FCFA, est \u00e0 48% d\u2019avancement.<\/p>\n\n\n\n<p>Au regard de l\u2019urgence et de l\u2019impact strat\u00e9gique de ces projets et pour acc\u00e9l\u00e9rer leur finalisation, le Premier Ministre a donn\u00e9 les instructions n\u00e9cessaires au Ministre des Finances et du Budget,&nbsp;au Ministre de l\u2019\u00c9conomie, du Plan et de la Coop\u00e9ration&nbsp;et au Ministre de la Sant\u00e9 et de l\u2019Hygi\u00e8ne publique.<\/p>\n\n\n\n<p><strong>Mise en exploitation du Port min\u00e9ralier et vraquier de Bargny Sendou<\/strong><\/p>\n\n\n\n<p>Le Premier Ministre a rappel\u00e9 que le Port min\u00e9ralier et vraquier de Bargny-Sendou (PMVB), projet strat\u00e9gique de l\u2019\u00c9tat du S\u00e9n\u00e9gal d\u00e9velopp\u00e9 par Senegal Minergy Port (SMP), est destin\u00e9 \u00e0 traiter les importations et exportations de produits miniers, p\u00e9troliers et c\u00e9r\u00e9aliers, et \u00e0 d\u00e9sengorger durablement le Port autonome de Dakar. L\u2019\u00e9tat d\u2019avancement des travaux a atteint pr\u00e8s de 90 %. Toutefois, la mise en exploitation reste conditionn\u00e9e par la r\u00e9solution de la question de l\u2019alimentation en eau potable. A cet effet, le Premier Ministre a demand\u00e9 au Ministre des Infrastructures, en relation avec le Ministre des Finances et du Budget et le Ministre charg\u00e9 de l\u2019Hydraulique, d\u2019obtenir l\u2019engagement ferme de Senegal Minergy Port pour la mise en place du dispositif de stockage permettant la solution transitoire, et d\u2019assurer le suivi rapproch\u00e9 de la mise en \u0153uvre. Il a donn\u00e9 instruction, en outre, au Ministre des Finances et du Budget de proc\u00e9der \u00e0 l\u2019inscription, dans la loi de finances rectificative 2026, des cr\u00e9dits n\u00e9cessaires au financement de la solution d\u00e9finitive d\u2019alimentation en eau potable, \u00e0 hauteur de 8 milliards de FCFA, conform\u00e9ment aux pr\u00e9conisations techniques de la SONES.<\/p>\n\n\n\n<p><strong>Acc\u00e9l\u00e9ration de la d\u00e9mat\u00e9rialisation des d\u00e9marches administratives<\/strong><\/p>\n\n\n\n<p>Dans le cadre de la modernisation de l\u2019action publique en faveur d\u2019une administration plus efficace, plus accessible et orient\u00e9e vers les usagers, le Premier Ministre a demand\u00e9 au Ministre de la Communication, des T\u00e9l\u00e9communications et du Num\u00e9rique, en relation avec les ministres concern\u00e9s, de lui soumettre, avant la fin du mois de mai 2026, un plan de d\u00e9ploiement progressif des principales d\u00e9marches administratives sur la plateforme nationale de services en ligne.<\/p>\n\n\n\n<p>Ce plan devra \u00eatre assorti d\u2019un calendrier de mise en \u0153uvre et portera, en premier lieu, sur la d\u00e9livrance des extraits d\u2019\u00e9tat civil, les d\u00e9marches en vue de l\u2019obtention du permis de conduire, ainsi que sur toute autre formalit\u00e9 \u00e0 fort impact pour les citoyens et les entreprises.<\/p>\n\n\n\n<p><strong>Mise en \u0153uvre du Pacte de Stabilit\u00e9 sociale<\/strong><\/p>\n\n\n\n<p>Le Premier Ministre a salu\u00e9&nbsp;la signature du Pacte de Stabilit\u00e9 sociale pour une croissance inclusive et durable, intervenue avec le Patronat et les Centrales syndicales, ainsi que les avanc\u00e9es enregistr\u00e9es dans la r\u00e9gularisation exceptionnelle des situations administratives et statutaires dans les secteurs de l\u2019\u00c9ducation et de la Sant\u00e9. Il a demand\u00e9 \u00e0 l\u2019ensemble des ministres concern\u00e9s de veiller \u00e0 la mise en \u0153uvre diligente et rigoureuse des engagements pris par le Gouvernement, dans le respect des \u00e9ch\u00e9ances arr\u00eat\u00e9es et dans un esprit de responsabilit\u00e9 collective au service de la paix sociale.<\/p>\n\n\n\n<p><strong>AU TITRE DES COMMUNICATIONS DES MINISTRES<\/strong><\/p>\n\n\n\n<p>Le Ministre de la Justice a fait une communication sur le syst\u00e8me num\u00e9rique de la justice et l\u2019interconnexion avec le Guichet unique national e-S\u00e9n\u00e9gal.<\/p>\n\n\n\n<p>Le Ministre de la Fonction publique, du Travail et de la R\u00e9forme du Service public a fait une communication sur la situation du dialogue social et du climat social.<\/p>\n\n\n\n<p><strong>AU TITRE DES TEXTES LEGISLATIFS ET REGLEMENTAIRES<\/strong><\/p>\n\n\n\n<p>Le Conseil a examin\u00e9 et adopt\u00e9&nbsp;:<\/p>\n\n\n\n<ul class=\"wp-block-list\">\n<li>le projet de loi autorisant le Pr\u00e9sident de la R\u00e9publique \u00e0 ratifier les amendements \u00e0 l\u2019article 8 du Statut de Rome de la Cour p\u00e9nale internationale (CPI), adopt\u00e9 le 17 juillet 1998\u00a0;<\/li>\n\n\n\n<li>le projet de loi autorisant le Pr\u00e9sident de la R\u00e9publique \u00e0 ratifier la Charte constitutive de l\u2019Organisation mondiale de l\u2019Eau, sign\u00e9e le 28 mai 2025 \u00e0 Riyad (Arabie Saoudite)\u00a0;<\/li>\n\n\n\n<li>le projet de loi modifiant la loi n\u00b02016-09 du 14 mars 2016 instituant une carte d\u2019identit\u00e9 biom\u00e9trique CEDEAO.<\/li>\n<\/ul>\n\n\n\n<p><strong>AU TITRE DES MESURES INDIVIDUELLES<\/strong><\/p>\n\n\n\n<p>Le Pr\u00e9sident de la R\u00e9publique a pris les d\u00e9cisions suivantes&nbsp;:<\/p>\n\n\n\n<p><strong><u><strong>Au titre<\/strong><\/u><\/strong><strong><u><strong>&nbsp;du Minist\u00e8re de&nbsp;l\u2019Int\u00e9rieur et de la S\u00e9curit\u00e9 publique&nbsp;:<\/strong><\/u><\/strong><\/p>\n\n\n\n<ul class=\"wp-block-list\">\n<li><strong>Madame Marie Seynabou NDAO<\/strong>, Inspecteur de l\u2019Animation, matricule de solde n\u00b0 670 106\/H, pr\u00e9c\u00e9demment Chef de la Division des Ressources humaines \u00e0 la Direction g\u00e9n\u00e9rale des \u00e9lections, est nomm\u00e9e Directeur des Ressources humaines et des Finances \u00e0 la Direction g\u00e9n\u00e9rale des Elections, en remplacement de Monsieur Omar COULIBALY, appel\u00e9 \u00e0 d\u2019autres fonctions.<\/li>\n\n\n\n<li><strong>Monsieur Modou Bassirou NDAO<\/strong>, Secr\u00e9taire d\u2019Administration, matricule de solde n\u00b0 625 108\/Z, pr\u00e9c\u00e9demment Sous-pr\u00e9fet de l\u2019Arrondissement de Dioulacolon, D\u00e9partement de Kolda, est nomm\u00e9 Sous-pr\u00e9fet de l\u2019Arrondissement de Ngothie, D\u00e9partement de Kaolack, en remplacement de Monsieur Bassirou DIA, admis \u00e0 faire valoir ses droits \u00e0 une pension de retraite ;<\/li>\n\n\n\n<li><strong>Monsieur Amadou BA<\/strong>, Secr\u00e9taire d\u2019Administration, matricule de solde n\u00b0 625 089\/H, pr\u00e9c\u00e9demment Sous-pr\u00e9fet de l\u2019Arrondissement de Ndorna, D\u00e9partement de M\u00e9dina Yoro Foulah, est nomm\u00e9 Sous-pr\u00e9fet de l\u2019Arrondissement de Sagatta Djoloff, D\u00e9partement de Lingu\u00e8re, en remplacement de Monsieur Ousmane SANE, admis \u00e0 faire valoir ses droits \u00e0 une pension de retraite ;<\/li>\n\n\n\n<li><strong>Monsieur Abdoulaye KHARMA<\/strong>, Secr\u00e9taire d\u2019Administration, matricule de solde n\u00b0 603 529\/C, pr\u00e9c\u00e9demment Sous-pr\u00e9fet de l\u2019Arrondissement de Ndame, D\u00e9partement de Mback\u00e9, est nomm\u00e9 Sous-pr\u00e9fet de l\u2019Arrondissement de Sangalkam, D\u00e9partement de Rufisque, en remplacement de Monsieur Mamadou DIOUF, appel\u00e9 \u00e0 d\u2019autres fonctions ;<\/li>\n\n\n\n<li><strong>Monsieur Mamadou DIOUF<\/strong>, Secr\u00e9taire d\u2019Administration, matricule de solde n\u00b0515 942\/B, pr\u00e9c\u00e9demment Sous-pr\u00e9fet de l\u2019Arrondissement de Sangalkam, D\u00e9partement de Rufisque, est nomm\u00e9 Sous-pr\u00e9fet de l\u2019Arrondissement de Sam-Notaire, D\u00e9partement de Gu\u00e9diawaye, en remplacement de Monsieur Cheikh GNINGUE, appel\u00e9 \u00e0 d\u2019autres fonctions ;<\/li>\n\n\n\n<li><strong>Monsieur Cheikh GNINGUE<\/strong>, Secr\u00e9taire d\u2019Administration, matricule de solde n\u00b0634 443\/D, pr\u00e9c\u00e9demment Sous-pr\u00e9fet de l\u2019Arrondissement de Sam-Notaire, D\u00e9partement de Gu\u00e9diawaye, est nomm\u00e9 Sous-pr\u00e9fet de l\u2019Arrondissement de Thi\u00e8s-Sud, D\u00e9partement de Thi\u00e8s, en remplacement de Monsieur Diokel Ngor NGOM, appel\u00e9 \u00e0 d\u2019autres fonctions ;<\/li>\n\n\n\n<li><strong>Monsieur Diokel Ngor NGOM<\/strong>, Secr\u00e9taire d\u2019Administration, matricule de solde n\u00b0 620 357\/A, pr\u00e9c\u00e9demment Sous-pr\u00e9fet de l\u2019Arrondissement de Thi\u00e8s-Sud, D\u00e9partement de Thi\u00e8s, est nomm\u00e9 Sous-pr\u00e9fet de l\u2019Arrondissement de Fissel, D\u00e9partement de Mbour, en remplacement de Madame Awa BOCOUM, appel\u00e9e \u00e0 d\u2019autres fonctions ;<\/li>\n\n\n\n<li><strong>Madame Awa BOCOUM<\/strong>, Secr\u00e9taire d\u2019Administration, matricule de solde n\u00b0 616 908\/F, pr\u00e9c\u00e9demment Sous-pr\u00e9fet de l\u2019Arrondissement de Fissel, D\u00e9partement de Mbour, est nomm\u00e9e Sous-pr\u00e9fet de l\u2019Arrondissement de Ngoye, D\u00e9partement de Bambey, en remplacement de Madame Coumba Sall WADE, appel\u00e9e \u00e0 d\u2019autres fonctions ;<\/li>\n\n\n\n<li><strong>Monsieur Djidiack KITAL<\/strong>, Secr\u00e9taire d\u2019Administration, matricule de solde n\u00b0 516 231\/J, pr\u00e9c\u00e9demment Sous-pr\u00e9fet de l\u2019Arrondissement de Koumbal, D\u00e9partement de Kaolack, est nomm\u00e9 Sous-pr\u00e9fet de l\u2019Arrondissement de Ndame, D\u00e9partement de Mback\u00e9, en remplacement de Monsieur Abdoulaye KHARMA, appel\u00e9 \u00e0 d\u2019autres fonctions ;<\/li>\n\n\n\n<li><strong>Monsieur Mamadou SY<\/strong>, Secr\u00e9taire d\u2019Administration, matricule de solde n\u00b0 519 435\/G, pr\u00e9c\u00e9demment Sous-pr\u00e9fet de l\u2019Arrondissement de Gamadji Sar\u00e9, D\u00e9partement de Podor, est nomm\u00e9 Sous-pr\u00e9fet de l\u2019Arrondissement de Keur Mboucki, D\u00e9partement de Birkelane, poste vacant ;<\/li>\n\n\n\n<li><strong>Monsieur Oumar Mamadou SOW<\/strong>, Instituteur, matricule de solde n\u00b0 602 413\/B, pr\u00e9c\u00e9demment Sous-pr\u00e9fet de l\u2019Arrondissement de Moud\u00e9ry, D\u00e9partement de Bakel, est nomm\u00e9 Sous-pr\u00e9fet de l\u2019Arrondissement de Gamadji Sar\u00e9, D\u00e9partement de Podor, en remplacement de Monsieur Mamadou SY, appel\u00e9 \u00e0 d\u2019autres fonctions ;<\/li>\n\n\n\n<li><strong>Monsieur Mouhamadou WADE<\/strong>, Instituteur, matricule de solde n\u00b0 511 215\/A, pr\u00e9c\u00e9demment Sous-pr\u00e9fet de l\u2019Arrondissement de M\u00e9rina Dakhar, D\u00e9partement de Tivaouane, est nomm\u00e9 Sous-pr\u00e9fet de l\u2019Arrondissement de Moud\u00e9ry, D\u00e9partement de Bakel, en remplacement de Monsieur Oumar Mamadou SOW, appel\u00e9 \u00e0 d\u2019autres fonctions ;<\/li>\n\n\n\n<li><strong>Monsieur Mamoudou DEME<\/strong>, Educateur sp\u00e9cialis\u00e9, matricule de solde n\u00b0 611 241\/G, pr\u00e9c\u00e9demment Sous-pr\u00e9fet de l\u2019Arrondissement de Dakat\u00e9ly, D\u00e9partement de Sal\u00e9mata, est nomm\u00e9 Sous-pr\u00e9fet de l\u2019Arrondissement de Ouadiour, D\u00e9partement de Gossas, en remplacement de Monsieur Ibrahima NDIAYE, admis \u00e0 faire valoir ses droits \u00e0 une pension de retraite ;<\/li>\n\n\n\n<li><strong>Monsieur Mamadou Moustapha SY<\/strong>, Secr\u00e9taire d\u2019Administration, matricule de solde n\u00b0 653 407\/G, pr\u00e9c\u00e9demment Chef de la Division de la Modernisation de l\u2019Action territoriale \u00e0 la Direction g\u00e9n\u00e9rale de l\u2019Administration territoriale, est nomm\u00e9 Sous-pr\u00e9fet de l\u2019Arrondissement de Koumbal, D\u00e9partement de Kaolack, en remplacement de Monsieur Djidiack KITAL, appel\u00e9 \u00e0 d\u2019autres fonctions ;<\/li>\n\n\n\n<li><strong>Monsieur Henry Ndiagne GUEYE<\/strong>, Secr\u00e9taire d\u2019Administration, matricule de solde n\u00b0 681 461\/Z, pr\u00e9c\u00e9demment Adjoint au Pr\u00e9fet du D\u00e9partement de Fatick, est nomm\u00e9 Sous-pr\u00e9fet de l\u2019Arrondissement de Dioulacolon, D\u00e9partement de Kolda, en remplacement de Monsieur Modou Bassirou NDAO, appel\u00e9 \u00e0 d\u2019autres fonctions ;<\/li>\n\n\n\n<li><strong>Monsieur Omar Sarr DIOP<\/strong>, Secr\u00e9taire d\u2019Administration, matricule de solde n\u00b0638 488\/G, pr\u00e9c\u00e9demment Adjoint au Pr\u00e9fet du D\u00e9partement de Thi\u00e8s, est nomm\u00e9 Sous-pr\u00e9fet de l\u2019Arrondissement de Ndorna, D\u00e9partement de M\u00e9dina Yoro Foulah, en remplacement de Monsieur Amadou BA, appel\u00e9 \u00e0 d\u2019autres fonctions ;<\/li>\n\n\n\n<li><strong>Monsieur Abdou Aziz MBODJ<\/strong>, Secr\u00e9taire d\u2019Administration, matricule de solde n\u00b0 696 209\/H, pr\u00e9c\u00e9demment Adjoint au Pr\u00e9fet du D\u00e9partement de Kanel, est nomm\u00e9 Sous-pr\u00e9fet de l\u2019Arrondissement de Bandafassi, D\u00e9partement de K\u00e9dougou, en remplacement de Monsieur Youssou FAYE, admis \u00e0 faire valoir ses droits \u00e0 une pension de retraite ;<\/li>\n\n\n\n<li><strong>Monsieur Papa Abdoulaye MBAYE<\/strong>, Secr\u00e9taire d\u2019Administration, matricule de solde n\u00b0 696 208\/G, pr\u00e9c\u00e9demment Adjoint au Pr\u00e9fet du D\u00e9partement de K\u00e9dougou, est nomm\u00e9 Sous-pr\u00e9fet de l\u2019Arrondissement de Dakat\u00e9ly, D\u00e9partement de Sal\u00e9mata, en remplacement de Monsieur Mamoudou DEME, appel\u00e9 \u00e0 d\u2019autres fonctions ;<\/li>\n\n\n\n<li><strong>Monsieur Anaby Moussa TOURE<\/strong>, Instituteur, matricule de solde n\u00b0 612 954\/A, pr\u00e9c\u00e9demment Adjoint au Pr\u00e9fet du D\u00e9partement de Bounkiling, est nomm\u00e9 Sous-pr\u00e9fet de l\u2019Arrondissement de Darou Minam 2, D\u00e9partement de Malem Hodar, en remplacement de Monsieur Mouhamadou Samba BOUSSO, admis \u00e0 faire valoir ses droits \u00e0 une pension de retraite ;<\/li>\n\n\n\n<li><strong>Madame Ma\u00efmouna BALDE<\/strong>, Institutrice, matricule de solde n\u00b0 634 426\/A, pr\u00e9c\u00e9demment Adjointe au Pr\u00e9fet du D\u00e9partement de Koungheul, est nomm\u00e9e Sous-pr\u00e9fet de l\u2019Arrondissement de M\u00e9rina Dakhar, D\u00e9partement de Tivaouane, en remplacement de Monsieur Mouhamadou WADE, appel\u00e9 \u00e0 d\u2019autres fonctions.<strong>\u00a0<\/strong><\/li>\n<\/ul>\n\n\n\n<p><strong><u><strong>Au titre<\/strong><\/u><\/strong><strong><u><strong>&nbsp;du Minist\u00e8re de&nbsp;la Sant\u00e9 et de l\u2019Hygi\u00e8ne publique<\/strong><\/u><\/strong><\/p>\n\n\n\n<ul class=\"wp-block-list\">\n<li><strong>Monsieur Leroux DRAME,\u00a0<\/strong>Administrateur civil, matricule de solde n\u00b0 518.696\/I, pr\u00e9c\u00e9demment Directeur de Cabinet du Ministre de la Sant\u00e9 et de l\u2019Hygi\u00e8ne publique, est nomm\u00e9 Secr\u00e9taire g\u00e9n\u00e9ral au Minist\u00e8re de la Sant\u00e9 et de l\u2019Hygi\u00e8ne publique, en remplacement de Monsieur Serigne MBAYE, admis \u00e0 faire valoir ses droits \u00e0 une pension de retraite.<strong>\u00a0<\/strong><\/li>\n<\/ul>\n\n\n\n<p><strong>&nbsp;&nbsp;&nbsp;&nbsp;&nbsp;&nbsp;&nbsp;&nbsp;&nbsp;&nbsp;&nbsp;&nbsp;&nbsp;&nbsp;&nbsp;&nbsp;&nbsp;&nbsp;&nbsp;&nbsp;&nbsp;&nbsp;&nbsp;<\/strong><strong><u><strong>Au titre du Minist\u00e8re de l\u2019Urbanisme, des Collectivit\u00e9s territoriales et de l\u2019Am\u00e9nagement des Territoires<\/strong><\/u><\/strong><\/p>\n\n\n\n<ul class=\"wp-block-list\">\n<li><strong>Monsieur El hadji Mamadou GUEYE,\u00a0<\/strong>Architecte, Directeur de l\u2019Architecture au Minist\u00e8re de l\u2019Urbanisme, des Collectivit\u00e9s territoriales et de l\u2019Am\u00e9nagement des Territoires, est nomm\u00e9 Commissaire du Gouvernement aupr\u00e8s de l\u2019Ordre des Architectes du S\u00e9n\u00e9gal, en remplacement de Madame Catherine Marie Th\u00e9r\u00e8se Faye DIOP, admise \u00e0 faire valoir ses droits \u00e0 une pension de retraite.<\/li>\n<\/ul>\n\n\n\n<p><strong><u><strong>Au titre<\/strong><\/u><\/strong><strong><u><strong>&nbsp;du Minist\u00e8re<\/strong><\/u><\/strong>&nbsp;<strong><u><strong>de l\u2019Industrie et du Commerce&nbsp;:<\/strong><\/u><\/strong><\/p>\n\n\n\n<ul class=\"wp-block-list\">\n<li><strong>Madame Mame Madeleine DIOP<\/strong>, Titulaire d\u2019un Dipl\u00f4me d\u2019Ing\u00e9nieur en G\u00e9nie des proc\u00e9d\u00e9s industriels, est nomm\u00e9e Secr\u00e9taire g\u00e9n\u00e9ral de l\u2019Agence d\u2019Am\u00e9nagement et de Promotion des Sites Industriels (APROSI), au Minist\u00e8re de l\u2019Industrie et du Commerce, en remplacement de Monsieur Bohoum SOW, appel\u00e9 \u00e0 d\u2019autres fonctions.<\/li>\n<\/ul>\n\n\n\n<p><strong><u>Au titre du Minist\u00e8re&nbsp;<\/u><\/strong><strong><u><strong>des Infrastructures :<\/strong><\/u><\/strong><\/p>\n\n\n\n<ul class=\"wp-block-list\">\n<li><strong>Monsieur Mouhamadou Fallilou DIOUM<\/strong>, Ing\u00e9nieur statisticien \u00e9conomiste, est nomm\u00e9 Directeur des Statistiques et des Syst\u00e8mes d\u2019Information au Minist\u00e8re des Infrastructures.<\/li>\n<\/ul>\n\n\n\n<p>Marie Rose Khady Fatou FAYE, Secr\u00e9taire d\u2019Etat aupr\u00e8s du Premier Ministre, Charg\u00e9e des Relations avec les Institutions, Porte-parole du Gouvernement<\/p>\n","protected":false},"excerpt":{"rendered":"<p>Le Conseil des Ministres s\u2019est tenu le mercredi 29 avril 2026, sous la pr\u00e9sidence de Son Excellence Monsieur Bassirou Diomaye<\/p>\n","protected":false},"author":1,"featured_media":50140,"comment_status":"open","ping_status":"open","sticky":false,"template":"","format":"standard","meta":{"footnotes":""},"categories":[6],"tags":[],"class_list":["post-71656","post","type-post","status-publish","format-standard","has-post-thumbnail","hentry","category-politics"],"_links":{"self":[{"href":"https:\/\/dekkbi.com\/index.php?rest_route=\/wp\/v2\/posts\/71656","targetHints":{"allow":["GET"]}}],"collection":[{"href":"https:\/\/dekkbi.com\/index.php?rest_route=\/wp\/v2\/posts"}],"about":[{"href":"https:\/\/dekkbi.com\/index.php?rest_route=\/wp\/v2\/types\/post"}],"author":[{"embeddable":true,"href":"https:\/\/dekkbi.com\/index.php?rest_route=\/wp\/v2\/users\/1"}],"replies":[{"embeddable":true,"href":"https:\/\/dekkbi.com\/index.php?rest_route=%2Fwp%2Fv2%2Fcomments&post=71656"}],"version-history":[{"count":1,"href":"https:\/\/dekkbi.com\/index.php?rest_route=\/wp\/v2\/posts\/71656\/revisions"}],"predecessor-version":[{"id":71657,"href":"https:\/\/dekkbi.com\/index.php?rest_route=\/wp\/v2\/posts\/71656\/revisions\/71657"}],"wp:featuredmedia":[{"embeddable":true,"href":"https:\/\/dekkbi.com\/index.php?rest_route=\/wp\/v2\/media\/50140"}],"wp:attachment":[{"href":"https:\/\/dekkbi.com\/index.php?rest_route=%2Fwp%2Fv2%2Fmedia&parent=71656"}],"wp:term":[{"taxonomy":"category","embeddable":true,"href":"https:\/\/dekkbi.com\/index.php?rest_route=%2Fwp%2Fv2%2Fcategories&post=71656"},{"taxonomy":"post_tag","embeddable":true,"href":"https:\/\/dekkbi.com\/index.php?rest_route=%2Fwp%2Fv2%2Ftags&post=71656"}],"curies":[{"name":"wp","href":"https:\/\/api.w.org\/{rel}","templated":true}]}}