{"id":71632,"date":"2026-04-29T11:33:40","date_gmt":"2026-04-29T11:33:40","guid":{"rendered":"https:\/\/dekkbi.com\/?p=71632"},"modified":"2026-04-29T11:33:41","modified_gmt":"2026-04-29T11:33:41","slug":"mali-apres-les-attaques-assimi-goita-affirme-que-la-situation-dune-extreme-gravite-est-maitrisee","status":"publish","type":"post","link":"https:\/\/dekkbi.com\/?p=71632","title":{"rendered":"Mali: apr\u00e8s les attaques, Assimi Go\u00efta affirme que la situation d&rsquo;une \u00abextr\u00eame gravit\u00e9\u00bb est \u00abma\u00eetris\u00e9e\u00bb"},"content":{"rendered":"\n<p>Invisible depuis samedi 25 avril, jour des premi\u00e8res attaques contre plusieurs localit\u00e9s du Mali, le chef de la junte, le g\u00e9n\u00e9ral Assimi Go\u00efta, est donc r\u00e9apparu ce mardi 28 avril.&nbsp;La situation reste tendue au Mali, apr\u00e8s les attaques coordonn\u00e9es, les 25 et 26 avril, des jihadistes du Groupe de soutien \u00e0 l&rsquo;islam et aux musulmans (Jnim) et du Front de lib\u00e9ration de l&rsquo;Azawad (FLA), contre plusieurs villes. Lors de ces attaques, le ministre de la D\u00e9fense, Sadio Camara, a \u00e9t\u00e9 tu\u00e9 et les forces rebelles ont pris le contr\u00f4le de Kidal.<\/p>\n\n\n\n<p>Le g\u00e9n\u00e9ral\u00a0<strong>Assimi Go\u00efta<\/strong>\u00a0tente de reprendre la main, assure\u00a0notre correspondant r\u00e9gional,\u00a0<strong>Serge Daniel<\/strong>. Il a probablement manqu\u00e9 \u00e0 ses troupes pendant les quatre derniers jours. Invisible ou jouant \u00e0 l&rsquo;invisible, son absence a suscit\u00e9 de nombreux commentaires, g\u00e9n\u00e9ralement n\u00e9gatifs. Et ce mardi, il a effectivement rencontr\u00e9 \u00e0 Bamako l&rsquo;ambassadeur russe dans la capitale malienne. La Russie, partenaire strat\u00e9gique du\u00a0<strong>Mali<\/strong>, dont les forces ont abandonn\u00e9 l&rsquo;arm\u00e9e malienne sur le terrain face \u00e0 l&rsquo;avanc\u00e9e des rebelles.<\/p>\n\n\n\n<p>Assimi Go\u00efta s&rsquo;est \u00e9galement rendu dans un h\u00f4pital de la capitale pour r\u00e9conforter les militaires bless\u00e9s au combat. Il n&rsquo;a pas parl\u00e9, pas un seul mot.<\/p>\n\n\n\n<h2 class=\"wp-block-heading\">\u00ab&nbsp;<em>La situation est ma\u00eetris\u00e9e&nbsp;<\/em>\u00bb, assure Assimi Go\u00efta<\/h2>\n\n\n\n<p>Durant la soir\u00e9e, le chef de l&rsquo;\u00c9tat malien a d\u00e9cid\u00e9 de s&rsquo;adresser \u00e0 la nation. Durant pr\u00e8s d&rsquo;une dizaine de minutes, Assimi Go\u00efta est revenu sur les \u00e9v\u00e9nements du week-end qu&rsquo;il qualifie \u00ab<em>&nbsp;d&rsquo;attaques coordonn\u00e9es d&rsquo;une extr\u00eame gravit\u00e9<\/em>&nbsp;\u00bb stopp\u00e9es par les forces arm\u00e9es maliennes. \u00ab<em>&nbsp;Un violent coup d&rsquo;arr\u00eat a \u00e9t\u00e9 donn\u00e9 aux assaillants qui ont voulu installer un climat de violence<\/em>&nbsp;\u00bb, compl\u00e8te-t-il.<\/p>\n\n\n\n<blockquote class=\"wp-block-quote is-layout-flow wp-block-quote-is-layout-flow\">\n<p>Gr\u00e2ce \u00e0 la promptitude et au professionnalisme des forces arm\u00e9es et de s\u00e9curit\u00e9, un violent coup d&rsquo;arr\u00eat a \u00e9t\u00e9 donn\u00e9 aux assaillants dont l&rsquo;objectif \u00e9tait d&rsquo;installer un climat de violence g\u00e9n\u00e9ralis\u00e9e dans les localit\u00e9s concern\u00e9es. Gr\u00e2ce au sang-froid des hommes engag\u00e9s et au maintien de la coh\u00e9rence de la chaine de commandement, le plan funeste de l&rsquo;ennemi a \u00e9t\u00e9 d\u00e9jou\u00e9 avec la neutralisation d&rsquo;un nombre important d&rsquo;assaillants. \u00c0 l&rsquo;heure o\u00f9 je vous parle, le dispositif est renforc\u00e9. la situation est ma\u00eetris\u00e9e et les op\u00e9rations de ratissage, de recherche, d&rsquo;exploitation du renseignement et de s\u00e9curisation se poursuivent.<\/p>\n\n\n\n<p><\/p>\n<\/blockquote>\n\n\n\n<p>Assimi Go\u00efta: \u00abUn violent coup d&rsquo;arr\u00eat a \u00e9t\u00e9 donn\u00e9 aux assaillants\u00bb<\/p>\n\n\n\n<p>Le chef d&rsquo;\u00c9tat malien s&rsquo;est voulu rassurant durant son allocution : \u00ab<em>&nbsp;Le dispositif est renforc\u00e9, la situation est ma\u00eetris\u00e9e, et les op\u00e9rations de recherche et de renseignements se poursuivent.&nbsp;<\/em>\u00bb&nbsp;Assimi Go\u00efta a ensuite pris le temps d&rsquo;\u00e9voquer&nbsp;: \u00ab<em>&nbsp;Notre peuple a fait un choix, celui de la souverainet\u00e9 et de la dignit\u00e9. Ce choix est l&rsquo;expression d&rsquo;une volont\u00e9 nationale assum\u00e9e et affirm\u00e9e. Il a un prix et nous en sommes conscients. Ce choix est le seul chemin qui vaille, si nous voulons offrir \u00e0 nos enfants un avenir libre, juste et prosp\u00e8re.&nbsp;<\/em>\u00bb<\/p>\n\n\n\n<p>Le sursaut national est indispensable, selon le pr\u00e9sident de la transition du Mali, pour poursuivre la lutte contre le terrorisme. Il promet que les forces arm\u00e9es continueront d&rsquo;agir jusqu&rsquo;au r\u00e9tablissement durable de la s\u00e9curit\u00e9 sur l&rsquo;ensemble du territoire national. \u00ab<em>&nbsp;Nous devons garder \u00e0 l&rsquo;esprit que c&rsquo;est dans l&rsquo;\u00e9preuve qu&rsquo;une nation doit conforter sa coh\u00e9sion. Nous devons tous nous \u00e9riger contre la division et la fracture sociale.&nbsp;<\/em>\u00bb<\/p>\n\n\n\n<p>Durant sa prise de parole, Assimi Go\u00efta a \u00e9galement mis en garde la population contre la propagation de rumeurs. \u00ab<em>&nbsp;Le Mali a besoin de lucidit\u00e9 et non de panique&nbsp;<\/em>\u00bb, a-t-il expliqu\u00e9.<\/p>\n\n\n\n<p>Assimi Go\u00efta conclut sa prise de parole en louant la qualit\u00e9 de la coop\u00e9ration avec les partenaires strat\u00e9giques du Mali, notamment la F\u00e9d\u00e9ration de Russie.<\/p>\n\n\n\n<h2 class=\"wp-block-heading\">Nouveau blocus autour de Bamako&nbsp;<\/h2>\n\n\n\n<p>Cette r\u00e9apparition du g\u00e9n\u00e9ral Assimi Go\u00efta intervient au moment o\u00f9 les jihadistes annoncent un nouveau blocus autour de Bamako. Le premier blocus avait fait tr\u00e8s mal, celui-ci se veut encore plus dur. Les jihadistes affili\u00e9s \u00e0 al-Qa\u00efda veulent contr\u00f4ler les entr\u00e9es et les sorties de la capitale, entr\u00e9es et sorties des biens et des personnes.<\/p>\n\n\n\n<p>Premi\u00e8re cons\u00e9quence : un d\u00e9ploiement important des troupes r\u00e9guli\u00e8res qui devaient se rendre sur d&rsquo;autres terrains. Un d\u00e9ploiement donc \u00e0 la p\u00e9riph\u00e9rie pour faire face \u00e0 la situation. Combattre les jihadistes au sud et les rebelles au nord serait probablement laborieux.&nbsp;<\/p>\n","protected":false},"excerpt":{"rendered":"<p>Invisible depuis samedi 25 avril, jour des premi\u00e8res attaques contre plusieurs localit\u00e9s du Mali, le chef de la junte, le<\/p>\n","protected":false},"author":1,"featured_media":71633,"comment_status":"open","ping_status":"open","sticky":false,"template":"","format":"standard","meta":{"footnotes":""},"categories":[51],"tags":[],"class_list":["post-71632","post","type-post","status-publish","format-standard","has-post-thumbnail","hentry","category-general"],"_links":{"self":[{"href":"https:\/\/dekkbi.com\/index.php?rest_route=\/wp\/v2\/posts\/71632","targetHints":{"allow":["GET"]}}],"collection":[{"href":"https:\/\/dekkbi.com\/index.php?rest_route=\/wp\/v2\/posts"}],"about":[{"href":"https:\/\/dekkbi.com\/index.php?rest_route=\/wp\/v2\/types\/post"}],"author":[{"embeddable":true,"href":"https:\/\/dekkbi.com\/index.php?rest_route=\/wp\/v2\/users\/1"}],"replies":[{"embeddable":true,"href":"https:\/\/dekkbi.com\/index.php?rest_route=%2Fwp%2Fv2%2Fcomments&post=71632"}],"version-history":[{"count":1,"href":"https:\/\/dekkbi.com\/index.php?rest_route=\/wp\/v2\/posts\/71632\/revisions"}],"predecessor-version":[{"id":71634,"href":"https:\/\/dekkbi.com\/index.php?rest_route=\/wp\/v2\/posts\/71632\/revisions\/71634"}],"wp:featuredmedia":[{"embeddable":true,"href":"https:\/\/dekkbi.com\/index.php?rest_route=\/wp\/v2\/media\/71633"}],"wp:attachment":[{"href":"https:\/\/dekkbi.com\/index.php?rest_route=%2Fwp%2Fv2%2Fmedia&parent=71632"}],"wp:term":[{"taxonomy":"category","embeddable":true,"href":"https:\/\/dekkbi.com\/index.php?rest_route=%2Fwp%2Fv2%2Fcategories&post=71632"},{"taxonomy":"post_tag","embeddable":true,"href":"https:\/\/dekkbi.com\/index.php?rest_route=%2Fwp%2Fv2%2Ftags&post=71632"}],"curies":[{"name":"wp","href":"https:\/\/api.w.org\/{rel}","templated":true}]}}