{"id":71625,"date":"2026-04-29T11:13:30","date_gmt":"2026-04-29T11:13:30","guid":{"rendered":"https:\/\/dekkbi.com\/?p=71625"},"modified":"2026-04-29T11:17:00","modified_gmt":"2026-04-29T11:17:00","slug":"lagence-senegalaise-de-la-grande-muraille-verte-elabore-son-plan-strategique-de-developpement-2026-2030","status":"publish","type":"post","link":"https:\/\/dekkbi.com\/?p=71625","title":{"rendered":"ASERGMV \u00e9labore son plan strat\u00e9gique de d\u00e9veloppement 2026-2030"},"content":{"rendered":"\n<p>Saly, (APS) \u2013 L\u2019Agence s\u00e9n\u00e9galaise de la reforestation et de la Grande muraille verte (ASERGMV) a \u00e9labor\u00e9 son plan strat\u00e9gique de d\u00e9veloppement (PSD) 2026-2030, align\u00e9 sur la vision S\u00e9n\u00e9gal 2050, le r\u00e9f\u00e9rentiel des politiques publiques, a appris l\u2019APS de son directeur g\u00e9n\u00e9ral.<\/p>\n\n\n\n<p>\u2018\u2019L\u2019importance de ce plan strat\u00e9gique de d\u00e9veloppement, c\u2019est qu\u2019il va nous permettre d\u2019avoir une planification pour les cinq ans \u00e0 venir\u2019\u2019, a d\u00e9clar\u00e9 S\u00e9kouna Diatta, directeur g\u00e9n\u00e9ral de l\u2019ASERGMV.<\/p>\n\n\n\n<p>\u2018\u2019Nous devons faire en sorte que notre programme s\u2019aligne sur celui des plus hautes autorit\u00e9s de ce pays\u2019\u2019, a-t-il ajout\u00e9, lors d\u2019un atelier de planification strat\u00e9gique du PSD 2026-2030, une rencontre de deux jours qui s\u2019est ouverte mardi \u00e0 Saly (Mbour, ouest).<\/p>\n\n\n\n<p>S\u00e9kouna Diatta a soulign\u00e9 qu\u2019une r\u00e9forme a \u00e9t\u00e9 amorc\u00e9e pour la structuration de l\u201dAgence s\u00e9n\u00e9galaise de la reforestation et de la Grande muraille verte.<\/p>\n\n\n\n<p>\u2018\u2019Nous avons l\u2019Agenda 2050, mais nous avons aussi le plan quinquennal\u2019\u2019, a dit S\u00e9kouna Diatta, soulignant la&nbsp; n\u00e9cessit\u00e9 de \u2018\u2019faire en sorte que [ce] programme s\u2019aligne sur celui des plus hautes autorit\u00e9s de ce pays\u2019\u2019.<\/p>\n\n\n\n<p>L\u2019officiel a soulign\u00e9 la n\u00e9cessit\u00e9 pour l\u2019ASERGMV &nbsp;de remplir les missions de reforestation, de cr\u00e9ation d\u2019\u00e9co-villages et de mise en \u0153uvre de la Grande muraille verte, malgr\u00e9 la rar\u00e9faction des ressources humaines et financi\u00e8res.<\/p>\n\n\n\n<p>DOB\/ADI\/MTN<\/p>\n","protected":false},"excerpt":{"rendered":"<p>Saly, (APS) \u2013 L\u2019Agence s\u00e9n\u00e9galaise de la reforestation et de la Grande muraille verte (ASERGMV) a \u00e9labor\u00e9 son plan strat\u00e9gique<\/p>\n","protected":false},"author":1,"featured_media":71626,"comment_status":"open","ping_status":"open","sticky":false,"template":"","format":"standard","meta":{"footnotes":""},"categories":[21],"tags":[],"class_list":["post-71625","post","type-post","status-publish","format-standard","has-post-thumbnail","hentry","category-societe"],"_links":{"self":[{"href":"https:\/\/dekkbi.com\/index.php?rest_route=\/wp\/v2\/posts\/71625","targetHints":{"allow":["GET"]}}],"collection":[{"href":"https:\/\/dekkbi.com\/index.php?rest_route=\/wp\/v2\/posts"}],"about":[{"href":"https:\/\/dekkbi.com\/index.php?rest_route=\/wp\/v2\/types\/post"}],"author":[{"embeddable":true,"href":"https:\/\/dekkbi.com\/index.php?rest_route=\/wp\/v2\/users\/1"}],"replies":[{"embeddable":true,"href":"https:\/\/dekkbi.com\/index.php?rest_route=%2Fwp%2Fv2%2Fcomments&post=71625"}],"version-history":[{"count":2,"href":"https:\/\/dekkbi.com\/index.php?rest_route=\/wp\/v2\/posts\/71625\/revisions"}],"predecessor-version":[{"id":71628,"href":"https:\/\/dekkbi.com\/index.php?rest_route=\/wp\/v2\/posts\/71625\/revisions\/71628"}],"wp:featuredmedia":[{"embeddable":true,"href":"https:\/\/dekkbi.com\/index.php?rest_route=\/wp\/v2\/media\/71626"}],"wp:attachment":[{"href":"https:\/\/dekkbi.com\/index.php?rest_route=%2Fwp%2Fv2%2Fmedia&parent=71625"}],"wp:term":[{"taxonomy":"category","embeddable":true,"href":"https:\/\/dekkbi.com\/index.php?rest_route=%2Fwp%2Fv2%2Fcategories&post=71625"},{"taxonomy":"post_tag","embeddable":true,"href":"https:\/\/dekkbi.com\/index.php?rest_route=%2Fwp%2Fv2%2Ftags&post=71625"}],"curies":[{"name":"wp","href":"https:\/\/api.w.org\/{rel}","templated":true}]}}