{"id":71606,"date":"2026-04-29T10:33:17","date_gmt":"2026-04-29T10:33:17","guid":{"rendered":"https:\/\/dekkbi.com\/?p=71606"},"modified":"2026-04-29T11:59:55","modified_gmt":"2026-04-29T11:59:55","slug":"le-ghana-designe-hote-de-la-can-masculine-u20","status":"publish","type":"post","link":"https:\/\/dekkbi.com\/?p=71606","title":{"rendered":"Le Ghana d\u00e9sign\u00e9 h\u00f4te de la CAN masculine U20 (Conf\u00e9d\u00e9ration africaine de football (CAF)"},"content":{"rendered":"\n<p>Dakar,  (APS) \u2013 La Conf\u00e9d\u00e9ration africaine de football (CAF) a attribu\u00e9 au Ghana l\u2019organisation de la Coupe d\u2019Afrique des nations\u00a0 masculine des moins de 20 ans (CAN U20) 2027, une \u00e9dition qui co\u00efncidera avec le 70e anniversaire de l\u2019ind\u00e9pendance du pays ouest-africain.<\/p>\n\n\n\n<p>L\u2019instance en charge du football africain a fait l\u2019annonce dans un communiqu\u00e9 rendu public mardi.<\/p>\n\n\n\n<p>Le Ghana, d\u00e9j\u00e0 h\u00f4te de la comp\u00e9tition en 1999, \u00e9dition remport\u00e9e \u00e0 domicile, accueillera pour la deuxi\u00e8me fois ce tournoi continental r\u00e9serv\u00e9 aux jeunes talents.<\/p>\n\n\n\n<p>Selon la CAF, la CAN U20 2027 r\u00e9unira douze s\u00e9lections nationales et constituera une \u00e9tape majeure dans la d\u00e9tection et la progression des jeunes joueurs africains vers le football international.<\/p>\n\n\n\n<p>Quadruple champion d\u2019Afrique (1993, 1999, 2009, 2021), le Ghana dispose d\u2019une solide tradition dans les comp\u00e9titions de jeunes et a vu \u00e9merger plusieurs figures du football continental et mondial, dont Stephen Appiah, Michael Essien, Sulley Muntari, Samuel Osei Kuffour, Derek Boateng, Andr\u00e9 Ayew ou encore Abdul Fatawu Issahaku, selon la m\u00eame source.<\/p>\n\n\n\n<p>Le pays occupe \u00e9galement une place particuli\u00e8re dans l\u2019histoire du football mondial en \u00e9tant la premi\u00e8re nation africaine \u00e0 remporter la Coupe du monde U20 de la FIFA, en 2009.<\/p>\n\n\n\n<p>Les quatre demi-finalistes de la CAN U20 d\u00e9crocheront une qualification pour la Coupe du monde de la cat\u00e9gorie pr\u00e9vue en 2027 en Azerba\u00efdjan et en Ouzb\u00e9kistan.<\/p>\n\n\n\n<p>La derni\u00e8re \u00e9dition de la CAN U20 s\u2019est tenue en \u00c9gypte et a \u00e9t\u00e9 remport\u00e9e par l\u2019Afrique du Sud.<\/p>\n\n\n\n<p>La CAF indique que les dates, les villes h\u00f4tes et les stades de l\u2019\u00e9dition 2027 seront communiqu\u00e9s ult\u00e9rieurement.<\/p>\n\n\n\n<p>SK\/MTN<\/p>\n","protected":false},"excerpt":{"rendered":"<p>Dakar, (APS) \u2013 La Conf\u00e9d\u00e9ration africaine de football (CAF) a attribu\u00e9 au Ghana l\u2019organisation de la Coupe d\u2019Afrique des nations\u00a0<\/p>\n","protected":false},"author":1,"featured_media":71607,"comment_status":"open","ping_status":"open","sticky":false,"template":"","format":"standard","meta":{"footnotes":""},"categories":[9],"tags":[],"class_list":["post-71606","post","type-post","status-publish","format-standard","has-post-thumbnail","hentry","category-sports"],"_links":{"self":[{"href":"https:\/\/dekkbi.com\/index.php?rest_route=\/wp\/v2\/posts\/71606","targetHints":{"allow":["GET"]}}],"collection":[{"href":"https:\/\/dekkbi.com\/index.php?rest_route=\/wp\/v2\/posts"}],"about":[{"href":"https:\/\/dekkbi.com\/index.php?rest_route=\/wp\/v2\/types\/post"}],"author":[{"embeddable":true,"href":"https:\/\/dekkbi.com\/index.php?rest_route=\/wp\/v2\/users\/1"}],"replies":[{"embeddable":true,"href":"https:\/\/dekkbi.com\/index.php?rest_route=%2Fwp%2Fv2%2Fcomments&post=71606"}],"version-history":[{"count":2,"href":"https:\/\/dekkbi.com\/index.php?rest_route=\/wp\/v2\/posts\/71606\/revisions"}],"predecessor-version":[{"id":71644,"href":"https:\/\/dekkbi.com\/index.php?rest_route=\/wp\/v2\/posts\/71606\/revisions\/71644"}],"wp:featuredmedia":[{"embeddable":true,"href":"https:\/\/dekkbi.com\/index.php?rest_route=\/wp\/v2\/media\/71607"}],"wp:attachment":[{"href":"https:\/\/dekkbi.com\/index.php?rest_route=%2Fwp%2Fv2%2Fmedia&parent=71606"}],"wp:term":[{"taxonomy":"category","embeddable":true,"href":"https:\/\/dekkbi.com\/index.php?rest_route=%2Fwp%2Fv2%2Fcategories&post=71606"},{"taxonomy":"post_tag","embeddable":true,"href":"https:\/\/dekkbi.com\/index.php?rest_route=%2Fwp%2Fv2%2Ftags&post=71606"}],"curies":[{"name":"wp","href":"https:\/\/api.w.org\/{rel}","templated":true}]}}