{"id":71597,"date":"2026-04-29T10:18:35","date_gmt":"2026-04-29T10:18:35","guid":{"rendered":"https:\/\/dekkbi.com\/?p=71597"},"modified":"2026-04-29T10:18:35","modified_gmt":"2026-04-29T10:18:35","slug":"la-convergence-des-cadres-republicains-ccr-sinsurge-contre-lemprisonnement-de-pape-malick-ndour","status":"publish","type":"post","link":"https:\/\/dekkbi.com\/?p=71597","title":{"rendered":"\u00a0La Convergence des Cadres R\u00e9publicains \u00a0(CCR) s\u2019insurge contre l\u2019emprisonnement de Pape Malick NDOUR"},"content":{"rendered":"\n<p>Dans un communiqu\u00e9 publi\u00e9 ce mardi, la Convergence des Cadres R\u00e9publicains (CCR) a exprim\u00e9 son indignation suite \u00e0 la d\u00e9cision de la Cour supr\u00eame d\u2019ordonner le placement sous mandat de d\u00e9p\u00f4t de son coordonnateur, Pape Malick NDOUR.<\/p>\n\n\n\n<p><strong>Une d\u00e9cision jug\u00e9e \u00ab injuste \u00bb et \u00ab politique \u00bb<\/strong><\/p>\n\n\n\n<h3 class=\"wp-block-heading\">Pour la structure des cadres r\u00e9publicains, cet arr\u00eat de la Cour supr\u00eame est per\u00e7u comme une \u00ab\u00a0<em>injustice profonde<\/em>\u00a0\u00bb.<\/h3>\n\n\n\n<p>La CCR d\u00e9nonce un dossier qu\u2019elle juge truff\u00e9 d\u2019incoh\u00e9rences depuis son origine et pointe du doigt des manquements aux principes fondamentaux d\u2019\u00e9quit\u00e9.<\/p>\n\n\n\n<p>&nbsp;<em>\u00ab Cette \u00e9volution judiciaire renforce le sentiment d\u2019un traitement particulier inflig\u00e9 \u00e0 un adversaire politique, dont le seul tort est la constance dans ses convictions \u00bb<\/em>, peut-on lire dans le document.<\/p>\n\n\n\n<p><strong>Un appel au respect de la pr\u00e9somption d\u2019innocence<\/strong><\/p>\n\n\n\n<p>Face \u00e0 l\u2019emballement m\u00e9diatique qui entoure souvent ce genre d\u2019affaires, la CCR a tenu \u00e0 rappeler un principe de droit fondamental notamment la pr\u00e9somption d\u2019innocence.<\/p>\n\n\n\n<p>L\u2019organisation met en garde contre toute&nbsp;<em>\u00ab condamnation par anticipation \u00bb<\/em>&nbsp;et appelle au respect des garanties juridiques auxquelles chaque citoyen a droit dans un \u00c9tat de droit.<\/p>\n\n\n\n<p><strong>&nbsp;Inqui\u00e9tudes sur l\u2019ind\u00e9pendance de la justice<\/strong><\/p>\n\n\n\n<p>&nbsp;La CCR exprime son inqui\u00e9tude face \u00e0 ce qu\u2019elle per\u00e7oit comme une possible \u00ab&nbsp;<em>instrumentalisation&nbsp;<\/em>\u00bb de l\u2019appareil judiciaire.<\/p>\n\n\n\n<p>Elle r\u00e9affirm\u00e9 toutefois son soutien ind\u00e9fectible et sans r\u00e9serve \u00e0 Pape Malick NDOUR, ainsi qu\u2019\u00e0 sa famille.<\/p>\n\n\n\n<p><strong>Liboire SAGNA<\/strong><\/p>\n","protected":false},"excerpt":{"rendered":"<p>Dans un communiqu\u00e9 publi\u00e9 ce mardi, la Convergence des Cadres R\u00e9publicains (CCR) a exprim\u00e9 son indignation suite \u00e0 la d\u00e9cision<\/p>\n","protected":false},"author":1,"featured_media":63232,"comment_status":"open","ping_status":"open","sticky":false,"template":"","format":"standard","meta":{"footnotes":""},"categories":[26],"tags":[],"class_list":["post-71597","post","type-post","status-publish","format-standard","has-post-thumbnail","hentry","category-fait-divers"],"_links":{"self":[{"href":"https:\/\/dekkbi.com\/index.php?rest_route=\/wp\/v2\/posts\/71597","targetHints":{"allow":["GET"]}}],"collection":[{"href":"https:\/\/dekkbi.com\/index.php?rest_route=\/wp\/v2\/posts"}],"about":[{"href":"https:\/\/dekkbi.com\/index.php?rest_route=\/wp\/v2\/types\/post"}],"author":[{"embeddable":true,"href":"https:\/\/dekkbi.com\/index.php?rest_route=\/wp\/v2\/users\/1"}],"replies":[{"embeddable":true,"href":"https:\/\/dekkbi.com\/index.php?rest_route=%2Fwp%2Fv2%2Fcomments&post=71597"}],"version-history":[{"count":1,"href":"https:\/\/dekkbi.com\/index.php?rest_route=\/wp\/v2\/posts\/71597\/revisions"}],"predecessor-version":[{"id":71598,"href":"https:\/\/dekkbi.com\/index.php?rest_route=\/wp\/v2\/posts\/71597\/revisions\/71598"}],"wp:featuredmedia":[{"embeddable":true,"href":"https:\/\/dekkbi.com\/index.php?rest_route=\/wp\/v2\/media\/63232"}],"wp:attachment":[{"href":"https:\/\/dekkbi.com\/index.php?rest_route=%2Fwp%2Fv2%2Fmedia&parent=71597"}],"wp:term":[{"taxonomy":"category","embeddable":true,"href":"https:\/\/dekkbi.com\/index.php?rest_route=%2Fwp%2Fv2%2Fcategories&post=71597"},{"taxonomy":"post_tag","embeddable":true,"href":"https:\/\/dekkbi.com\/index.php?rest_route=%2Fwp%2Fv2%2Ftags&post=71597"}],"curies":[{"name":"wp","href":"https:\/\/api.w.org\/{rel}","templated":true}]}}