{"id":71586,"date":"2026-04-29T09:56:59","date_gmt":"2026-04-29T09:56:59","guid":{"rendered":"https:\/\/dekkbi.com\/?p=71586"},"modified":"2026-04-29T10:10:08","modified_gmt":"2026-04-29T10:10:08","slug":"le-conseil-strategique-de-linitiative-sunuchampions-a-tenu-sa-premiere-session-ce-mardi-au-palais-de-la-republique-communique","status":"publish","type":"post","link":"https:\/\/dekkbi.com\/?p=71586","title":{"rendered":"Le conseil strat\u00e9gique de l\u2019initiative SunuChampions a tenu sa premi\u00e8re session, ce mardi, au palais de la R\u00e9publique (communiqu\u00e9)"},"content":{"rendered":"\n<p>Dakar, (APS) \u2013 Le chef de l\u2019\u00c9tat a proc\u00e9d\u00e9, mardi 28 avril, au palais de la R\u00e9publique, \u00e0 l\u2019installation du conseil strat\u00e9gique de l\u2019initiative SunuChampions, destin\u00e9e \u00e0 faire du secteur priv\u00e9 national le moteur de la transformation \u00e9conomique du pays, a-t-on appris de la pr\u00e9sidence de la R\u00e9publique.<\/p>\n\n\n\n<p>\u2018\u2019Le pr\u00e9sident de la R\u00e9publique a proc\u00e9d\u00e9 [\u2026] \u00e0 l\u2019installation du conseil strat\u00e9gique de l\u2019initiative pr\u00e9sidentielle SunuChampions, dans une atmosph\u00e8re de travail empreinte de sobri\u00e9t\u00e9 et de solennit\u00e9\u2019\u2019, annonce la m\u00eame source dans un communiqu\u00e9.<\/p>\n\n\n\n<p>La c\u00e9r\u00e9monie d\u2019installation de cette instance a \u00e9t\u00e9 imm\u00e9diatement suivie de sa premi\u00e8re session, ajoute-t-elle.<\/p>\n\n\n\n<p>La pr\u00e9sidence de la R\u00e9publique explique, dans le communiqu\u00e9 post\u00e9 sur sa page Facebook, que ce conseil est un \u2018\u2019organe d\u2019impulsion et d\u2019orientation plac\u00e9 sous l\u2019autorit\u00e9 directe du chef de l\u2019\u00c9tat\u2019\u2019. Elle rappelle que l\u2019initiative SunuChampions a \u00e9t\u00e9 institu\u00e9e par un arr\u00eat\u00e9 du 7 janvier dernier.<\/p>\n\n\n\n<p>\u2018\u2019Aucune souverainet\u00e9 \u00e9conomique durable ne se construit sans un tissu d\u2019entreprises nationales solides, comp\u00e9titives au niveau national, r\u00e9gional et international, capables d\u2019innover et d\u2019entra\u00eener derri\u00e8re elles des pans entiers de l\u2019\u00e9conomie\u2019\u2019, souligne la pr\u00e9sidence de la R\u00e9publique.<\/p>\n\n\n\n<p>D\u2019apr\u00e8s elle, l\u2019initiative SunuChampions va s\u00e9lectionner 15 entreprises \u00e0 fort potentiel, au terme d\u2019un appel \u00e0 candidatures rigoureux et transparent, dans le but de soutenir leur \u2018\u2019trajectoire de croissance\u2019\u2019.<\/p>\n\n\n\n<p><strong>Un \u2018\u2019sens du devoir patriotique\u2019\u2019<\/strong><\/p>\n\n\n\n<p>Le but de cet accompagnement est de les pousser \u00e0 \u2018\u2019devenir de v\u00e9ritables locomotives du d\u00e9veloppement national, des vecteurs d\u2019innovation et des cr\u00e9ateurs d\u2019emplois durables\u2019\u2019.<\/p>\n\n\n\n<p>Le conseil strat\u00e9gique est charg\u00e9 d\u2019\u2018\u2019\u00e9clairer le chef de l\u2019\u00c9tat dans le pilotage de cette ambition\u2019\u2019. Il r\u00e9unit sept personnalit\u00e9s issues du secteur priv\u00e9, de l\u2019Administration publique et du monde acad\u00e9mique, qui sont reconnues pour leur \u2018\u2019trajectoire\u2019\u2019 et leur \u2018\u2019sens du devoir patriotique\u2019\u2019.<\/p>\n\n\n\n<p>Il s\u2019agit de Mouhamadou Makhtar Ciss\u00e9, du professeur Ahmadou Aly Mbaye, d\u2019Aminata Niane, de Youssef Oma\u00efs, de Samba S\u00e8ne, de Thiaba Camara Sy et d\u2019Eveline Tall.<\/p>\n\n\n\n<p>Lors de sa premi\u00e8re session, qui a eu lieu en pr\u00e9sence du chef de l\u2019\u00c9tat, le conseil a fait des recommandations relatives \u00e0 l\u2019appel \u00e0 candidatures, aux crit\u00e8res de s\u00e9lection, au dispositif d\u2019accompagnement et \u00e0 la feuille de route de l\u2019initiative.<\/p>\n\n\n\n<p>Ses membres consid\u00e8rent l\u2019initiative SunuChampions comme \u2018\u2019une d\u00e9marche qui red\u00e9finit en profondeur les rapports entre l\u2019\u00c9tat et le secteur priv\u00e9, en clarifiant les r\u00f4les de chacun et en lib\u00e9rant les \u00e9nergies au service d\u2019un v\u00e9ritable partenariat de d\u00e9veloppement\u2019\u2019.<\/p>\n\n\n\n<p>\u2018\u2019\u00c0 travers SunuChampions, le chef de l\u2019\u00c9tat affirme une orientation politique claire : faire du secteur priv\u00e9 national le moteur de la transformation \u00e9conomique du S\u00e9n\u00e9gal, et de l\u2019\u00c9tat un partenaire strat\u00e9gique exigeant et loyal\u2019\u2019, affirme la pr\u00e9sidence de la R\u00e9publique. Elle ajoute que \u2018\u2019c\u2019est dans ce dialogue que se forgeront les champions de demain\u2019\u2019.<\/p>\n\n\n\n<p>ESF\/MTN<\/p>\n","protected":false},"excerpt":{"rendered":"<p>Dakar, (APS) \u2013 Le chef de l\u2019\u00c9tat a proc\u00e9d\u00e9, mardi 28 avril, au palais de la R\u00e9publique, \u00e0 l\u2019installation du<\/p>\n","protected":false},"author":1,"featured_media":71587,"comment_status":"open","ping_status":"open","sticky":false,"template":"","format":"standard","meta":{"footnotes":""},"categories":[6],"tags":[],"class_list":["post-71586","post","type-post","status-publish","format-standard","has-post-thumbnail","hentry","category-politics"],"_links":{"self":[{"href":"https:\/\/dekkbi.com\/index.php?rest_route=\/wp\/v2\/posts\/71586","targetHints":{"allow":["GET"]}}],"collection":[{"href":"https:\/\/dekkbi.com\/index.php?rest_route=\/wp\/v2\/posts"}],"about":[{"href":"https:\/\/dekkbi.com\/index.php?rest_route=\/wp\/v2\/types\/post"}],"author":[{"embeddable":true,"href":"https:\/\/dekkbi.com\/index.php?rest_route=\/wp\/v2\/users\/1"}],"replies":[{"embeddable":true,"href":"https:\/\/dekkbi.com\/index.php?rest_route=%2Fwp%2Fv2%2Fcomments&post=71586"}],"version-history":[{"count":1,"href":"https:\/\/dekkbi.com\/index.php?rest_route=\/wp\/v2\/posts\/71586\/revisions"}],"predecessor-version":[{"id":71588,"href":"https:\/\/dekkbi.com\/index.php?rest_route=\/wp\/v2\/posts\/71586\/revisions\/71588"}],"wp:featuredmedia":[{"embeddable":true,"href":"https:\/\/dekkbi.com\/index.php?rest_route=\/wp\/v2\/media\/71587"}],"wp:attachment":[{"href":"https:\/\/dekkbi.com\/index.php?rest_route=%2Fwp%2Fv2%2Fmedia&parent=71586"}],"wp:term":[{"taxonomy":"category","embeddable":true,"href":"https:\/\/dekkbi.com\/index.php?rest_route=%2Fwp%2Fv2%2Fcategories&post=71586"},{"taxonomy":"post_tag","embeddable":true,"href":"https:\/\/dekkbi.com\/index.php?rest_route=%2Fwp%2Fv2%2Ftags&post=71586"}],"curies":[{"name":"wp","href":"https:\/\/api.w.org\/{rel}","templated":true}]}}