{"id":71578,"date":"2026-04-29T09:17:42","date_gmt":"2026-04-29T09:17:42","guid":{"rendered":"https:\/\/dekkbi.com\/?p=71578"},"modified":"2026-04-29T09:17:42","modified_gmt":"2026-04-29T09:17:42","slug":"chaque-minute-compte-leaaci-appelle-a-une-action-urgente-pour-garantir-a-lecole-la-securite-des-enfants-exposes-au-risque-danaphylaxie","status":"publish","type":"post","link":"https:\/\/dekkbi.com\/?p=71578","title":{"rendered":"Chaque minute compte : l&rsquo;EAACI appelle \u00e0 une action urgente pour garantir \u00e0 l&rsquo;\u00e9cole la s\u00e9curit\u00e9 des enfants expos\u00e9s au risque d&rsquo;anaphylaxie"},"content":{"rendered":"\n<h4 class=\"wp-block-heading\">Au Spanish Congress of Deputies (Congr\u00e8s des d\u00e9put\u00e9s espagnol), Mar\u00eda Torres la Pr\u00e9sidente de l&rsquo;EAACI, a apport\u00e9 son soutien \u00e0 un manifeste commun r\u00e9dig\u00e9 avec l&rsquo;AEPNAA, la SEAIC et la SEICAP, appelant \u00e0 une action urgente concernant les protocoles scolaires, la formation du personnel et l&rsquo;acc\u00e8s \u00e0 l&rsquo;adr\u00e9naline, un m\u00e9dicament vital<\/h4>\n\n\n\n<p>ZURICH,  (GLOBE NEWSWIRE) &#8212;\u00a0<strong>Dans les \u00e9tablissements scolaires, les enfants \u00e0 risque d&rsquo;anaphylaxie ne b\u00e9n\u00e9ficient toujours pas d&rsquo;une protection syst\u00e9matique<\/strong>, malgr\u00e9 des recommandations m\u00e9dicales claires.<\/p>\n\n\n\n<p>Tel \u00e9tait l&rsquo;avertissement lanc\u00e9 lors du Spanish Congress of Deputies dans le cadre de l&rsquo;\u00e9v\u00e9nement intitul\u00e9&nbsp;<em>\u00ab&nbsp;Chaque minute compte&nbsp;:&nbsp;promouvoir des \u00e9coles s\u00fbres face \u00e0 l&rsquo;anaphylaxie&nbsp;\u00bb<\/em>. Au cours de cet \u00e9v\u00e9nement l&rsquo;Spanish Association of People with Food and Latex Allergies (Association espagnole des personnes souffrant d&rsquo;allergies alimentaires et au latex, AEPNAA), la Spanish Society of Allergology and Clinical Immunology (Soci\u00e9t\u00e9 espagnole d&rsquo;allergologie et d&rsquo;immunologie clinique, SEAIC), la Spanish Society of Pediatric Clinical Immunology, Allergology and Asthma (Soci\u00e9t\u00e9 espagnole d&rsquo;immunologie clinique, d&rsquo;allergologie et d&rsquo;asthme p\u00e9diatrique, SEICAP) et l&rsquo;European Academy of Allergy and Clinical Immunology (Acad\u00e9mie europ\u00e9enne d&rsquo;allergologie et d&rsquo;immunologie clinique, EAACI)&nbsp;<strong>ont approuv\u00e9 un manifeste commun appelant \u00e0 un renforcement des mesures de s\u00e9curit\u00e9 dans les \u00e9tablissements scolaires<\/strong>.<\/p>\n\n\n\n<p>S&rsquo;exprimant au nom de l&rsquo;EAACI, la Pr\u00e9sidente Mar\u00eda Torres a d\u00e9clar\u00e9 que la prise en charge de l&rsquo;anaphylaxie reste in\u00e9gale,&nbsp;<strong>laissant la s\u00e9curit\u00e9 des enfants d\u00e9pendre du hasard<\/strong>&nbsp;:&nbsp;\u00e0 savoir, la capacit\u00e9 du personnel \u00e0 reconna\u00eetre les sympt\u00f4mes, la disponibilit\u00e9 des m\u00e9dicaments et l&rsquo;existence de protocoles.<\/p>\n\n\n\n<p>L&rsquo;anaphylaxie est une r\u00e9action allergique s\u00e9v\u00e8re et fulgurante, susceptible d&rsquo;engager le pronostic vital en quelques minutes. Pour de nombreuses familles, ce risque fait partie du quotidien, en particulier pendant la journ\u00e9e pass\u00e9e \u00e0 l&rsquo;\u00e9cole, lorsque les enfants ne sont pas directement sous la surveillance de leurs parents ou de leurs aidants.<\/p>\n\n\n\n<p>Ce manifeste propose des mesures concr\u00e8tes visant \u00e0 combler ces lacunes&nbsp;:&nbsp;<strong>un protocole commun pour les \u00e9tablissements scolaires, une formation obligatoire du personnel, la mise \u00e0 disposition d&rsquo;auto-injecteurs d&rsquo;adr\u00e9naline, des plans de prise en charge individualis\u00e9s et une meilleure coordination entre les syst\u00e8mes de sant\u00e9 et d&rsquo;\u00e9ducation<\/strong>.<\/p>\n\n\n\n<p><strong>\u00ab&nbsp;Pour de nombreux enfants, l&rsquo;anaphylaxie n&rsquo;est pas un risque hypoth\u00e9tique, cela fait partie de leur quotidien&nbsp;\u00bb,&nbsp;<\/strong>a pr\u00e9cis\u00e9 Mar\u00eda Torres, la Pr\u00e9sidente de l&rsquo;EAACI.&nbsp;<strong>\u00ab&nbsp;Lorsqu&rsquo;une r\u00e9action s\u00e9v\u00e8re survient, il faut r\u00e9agir imm\u00e9diatement. Il n&rsquo;y a pas de place pour l&rsquo;h\u00e9sitation ou l&rsquo;incertitude quant \u00e0 la personne qui doit intervenir&nbsp;\u00bb.<\/strong><\/p>\n\n\n\n<p>Elle a ajout\u00e9 que les disparit\u00e9s en mati\u00e8re de protection entre les \u00e9tablissements scolaires sont inacceptables.&nbsp;<strong>\u00ab&nbsp;Les enfants ne devraient pas \u00eatre plus en s\u00e9curit\u00e9 dans une \u00e9cole que dans une autre. Nous avons besoin de protocoles clairs, de personnel form\u00e9 et d&rsquo;un acc\u00e8s imm\u00e9diat aux traitements d&rsquo;urgence, avant qu&rsquo;il ne soit trop tard&nbsp;\u00bb.<\/strong><\/p>\n\n\n\n<p>Cet \u00e9v\u00e9nement a r\u00e9uni des associations de patients, des soci\u00e9t\u00e9s scientifiques, des professionnels de sant\u00e9, des familles et des institutions publiques,&nbsp;<strong>mettant en lumi\u00e8re l&rsquo;incertitude quotidienne des familles<\/strong>&nbsp;qui ne peuvent \u00eatre certaines que les \u00e9coles soient pr\u00eates \u00e0 r\u00e9agir.<\/p>\n\n\n\n<p>Pour l&rsquo;EAACI, les faits sont clairs.&nbsp;<strong>La priorit\u00e9 est d\u00e9sormais \u00e0 la mise en \u0153uvre<\/strong>. Il convient de garantir que les enfants en situation de risque soient prot\u00e9g\u00e9s dans la pratique, et pas seulement sur le papier.<\/p>\n\n\n\n<p>En soutenant cette initiative, l&rsquo;EAACI r\u00e9affirme son engagement \u00e0 promouvoir des mesures fond\u00e9es sur des donn\u00e9es probantes afin d&rsquo;am\u00e9liorer la s\u00e9curit\u00e9 des patients et de prot\u00e9ger les enfants et les familles l\u00e0 o\u00f9 ils en ont le plus besoin.<\/p>\n","protected":false},"excerpt":{"rendered":"<p>Au Spanish Congress of Deputies (Congr\u00e8s des d\u00e9put\u00e9s espagnol), Mar\u00eda Torres la Pr\u00e9sidente de l&rsquo;EAACI, a apport\u00e9 son soutien \u00e0<\/p>\n","protected":false},"author":1,"featured_media":71579,"comment_status":"open","ping_status":"open","sticky":false,"template":"","format":"standard","meta":{"footnotes":""},"categories":[51],"tags":[],"class_list":["post-71578","post","type-post","status-publish","format-standard","has-post-thumbnail","hentry","category-general"],"_links":{"self":[{"href":"https:\/\/dekkbi.com\/index.php?rest_route=\/wp\/v2\/posts\/71578","targetHints":{"allow":["GET"]}}],"collection":[{"href":"https:\/\/dekkbi.com\/index.php?rest_route=\/wp\/v2\/posts"}],"about":[{"href":"https:\/\/dekkbi.com\/index.php?rest_route=\/wp\/v2\/types\/post"}],"author":[{"embeddable":true,"href":"https:\/\/dekkbi.com\/index.php?rest_route=\/wp\/v2\/users\/1"}],"replies":[{"embeddable":true,"href":"https:\/\/dekkbi.com\/index.php?rest_route=%2Fwp%2Fv2%2Fcomments&post=71578"}],"version-history":[{"count":1,"href":"https:\/\/dekkbi.com\/index.php?rest_route=\/wp\/v2\/posts\/71578\/revisions"}],"predecessor-version":[{"id":71580,"href":"https:\/\/dekkbi.com\/index.php?rest_route=\/wp\/v2\/posts\/71578\/revisions\/71580"}],"wp:featuredmedia":[{"embeddable":true,"href":"https:\/\/dekkbi.com\/index.php?rest_route=\/wp\/v2\/media\/71579"}],"wp:attachment":[{"href":"https:\/\/dekkbi.com\/index.php?rest_route=%2Fwp%2Fv2%2Fmedia&parent=71578"}],"wp:term":[{"taxonomy":"category","embeddable":true,"href":"https:\/\/dekkbi.com\/index.php?rest_route=%2Fwp%2Fv2%2Fcategories&post=71578"},{"taxonomy":"post_tag","embeddable":true,"href":"https:\/\/dekkbi.com\/index.php?rest_route=%2Fwp%2Fv2%2Ftags&post=71578"}],"curies":[{"name":"wp","href":"https:\/\/api.w.org\/{rel}","templated":true}]}}