{"id":71572,"date":"2026-04-28T16:55:23","date_gmt":"2026-04-28T16:55:23","guid":{"rendered":"https:\/\/dekkbi.com\/?p=71572"},"modified":"2026-04-28T16:55:24","modified_gmt":"2026-04-28T16:55:24","slug":"pape-malick-ndour-reagit-a-la-decision-de-la-cour-supreme","status":"publish","type":"post","link":"https:\/\/dekkbi.com\/?p=71572","title":{"rendered":"Pape Malick Ndour r\u00e9agit \u00e0 la d\u00e9cision de la Cour Supr\u00eame"},"content":{"rendered":"\n<p>iGFM (Dakar) Pape Malick Ndour, homme politique s\u00e9n\u00e9galais au sein de l&rsquo;APR (Alliance Pour la R\u00e9publique), a r\u00e9agi \u00e0 la d\u00e9cision de la Cour Supr\u00eame de confirmer le mandat de d\u00e9p\u00f4t demand\u00e9e par le pool judiciaire financier. Il s&rsquo;est exprim\u00e9 sur sa page Facebook.<\/p>\n\n\n\n<p>iGFM (Dakar) Pape Malick Ndour, homme politique s\u00e9n\u00e9galais au sein de l&rsquo;APR (Alliance Pour la R\u00e9publique), a r\u00e9agi \u00e0 la d\u00e9cision de la Cour Supr\u00eame de confirmer le mandat de d\u00e9p\u00f4t demand\u00e9e par le pool judiciaire financier. Il s&rsquo;est exprim\u00e9 sur sa page Facebook.<\/p>\n\n\n\n<p>\u00ab\u00a0Si mes l\u00e2ches adversaires veulent que j\u2019aille en prison, je le ferai la t\u00eate haute, avec la dignit\u00e9 qu\u2019ils n\u2019auront jamais. S\u2019ils veulent que je porte ma croix, je la porterai car comme le Christ, je n\u2019ai commis aucun crime, aucun p\u00e9ch\u00e9.<\/p>\n\n\n\n<p>Un homme injustement priv\u00e9 de libert\u00e9 conserve toujours une chose que ses accusateurs n\u2019auront jamais : la paix de la conscience.<\/p>\n\n\n\n<p>Merci \u00e0 tous les S\u00e9n\u00e9galais, merci \u00e0 tous ceux qui me soutiennent.<\/p>\n\n\n\n<p>Actualit\u00e9s S\u00e9n\u00e9gal<\/p>\n\n\n\n<p>Si l&rsquo;envie de prier pour moi vous vient, r\u00e9p\u00e9ter simplement cette invocation : \u00ab \u00d4 mon Dieu, si Pape Malick Ndour a pris un seul franc sur les 2,7 milliards dont on l\u2019accuse, qu\u2019il ne b\u00e9n\u00e9ficie jamais de Ta mis\u00e9ricorde ni ici-bas ni dans l\u2019au-del\u00e0. Mais s\u2019il est innocent, accorde-lui la victoire face \u00e0 ses adversaires \u00bb.<\/p>\n\n\n\n<p>En avant pour d&rsquo;autres victoires&#8230;.\u00a0\u00bb<\/p>\n\n\n\n<p><\/p>\n","protected":false},"excerpt":{"rendered":"<p>iGFM (Dakar) Pape Malick Ndour, homme politique s\u00e9n\u00e9galais au sein de l&rsquo;APR (Alliance Pour la R\u00e9publique), a r\u00e9agi \u00e0 la<\/p>\n","protected":false},"author":1,"featured_media":63232,"comment_status":"open","ping_status":"open","sticky":false,"template":"","format":"standard","meta":{"footnotes":""},"categories":[26],"tags":[],"class_list":["post-71572","post","type-post","status-publish","format-standard","has-post-thumbnail","hentry","category-fait-divers"],"_links":{"self":[{"href":"https:\/\/dekkbi.com\/index.php?rest_route=\/wp\/v2\/posts\/71572","targetHints":{"allow":["GET"]}}],"collection":[{"href":"https:\/\/dekkbi.com\/index.php?rest_route=\/wp\/v2\/posts"}],"about":[{"href":"https:\/\/dekkbi.com\/index.php?rest_route=\/wp\/v2\/types\/post"}],"author":[{"embeddable":true,"href":"https:\/\/dekkbi.com\/index.php?rest_route=\/wp\/v2\/users\/1"}],"replies":[{"embeddable":true,"href":"https:\/\/dekkbi.com\/index.php?rest_route=%2Fwp%2Fv2%2Fcomments&post=71572"}],"version-history":[{"count":1,"href":"https:\/\/dekkbi.com\/index.php?rest_route=\/wp\/v2\/posts\/71572\/revisions"}],"predecessor-version":[{"id":71573,"href":"https:\/\/dekkbi.com\/index.php?rest_route=\/wp\/v2\/posts\/71572\/revisions\/71573"}],"wp:featuredmedia":[{"embeddable":true,"href":"https:\/\/dekkbi.com\/index.php?rest_route=\/wp\/v2\/media\/63232"}],"wp:attachment":[{"href":"https:\/\/dekkbi.com\/index.php?rest_route=%2Fwp%2Fv2%2Fmedia&parent=71572"}],"wp:term":[{"taxonomy":"category","embeddable":true,"href":"https:\/\/dekkbi.com\/index.php?rest_route=%2Fwp%2Fv2%2Fcategories&post=71572"},{"taxonomy":"post_tag","embeddable":true,"href":"https:\/\/dekkbi.com\/index.php?rest_route=%2Fwp%2Fv2%2Ftags&post=71572"}],"curies":[{"name":"wp","href":"https:\/\/api.w.org\/{rel}","templated":true}]}}