{"id":71557,"date":"2026-04-28T12:33:35","date_gmt":"2026-04-28T12:33:35","guid":{"rendered":"https:\/\/dekkbi.com\/?p=71557"},"modified":"2026-04-28T12:33:36","modified_gmt":"2026-04-28T12:33:36","slug":"moyen-orient-la-russie-fera-tout-pour-ramener-la-paix-assure-vladimir-poutine-au-chef-de-la-diplomatie-iranienne","status":"publish","type":"post","link":"https:\/\/dekkbi.com\/?p=71557","title":{"rendered":"Moyen-Orient: la Russie fera \u00abtout\u00bb pour ramener la paix, assure Vladimir Poutine au chef de la diplomatie iranienne"},"content":{"rendered":"\n<h2 class=\"wp-block-heading\">Ce qu&rsquo;il faut retenir<\/h2>\n\n\n\n<p>\u25ba Alors que\u00a0<strong>Donald Trump a annul\u00e9 le d\u00e9placement de ses \u00e9missaires \u00e0 Islamabad<\/strong>\u00a0samedi 25 avril,\u00a0<strong>le ministre iranien des Affaires \u00e9trang\u00e8res Abbas Araghchi<\/strong>\u00a0<strong>a effectu\u00e9 plusieurs d\u00e9placements ces derniers jours<\/strong>\u00a0dans le cadre des tractations pour relancer les n\u00e9gociations visant \u00e0\u00a0<strong>mettre fin \u00e0 la guerre au Moyen-Orient<\/strong>.<\/p>\n\n\n\n<p>\u25ba\u00a0Apr\u00e8s\u00a0<strong>un passage par Islamabad et Oman<\/strong>, Abbas Araghchi a rencontr\u00e9 lundi, \u00e0 Saint-P\u00e9tersbourg, le pr\u00e9sident russe Vladimir Poutine. Celui-ci a assur\u00e9 que\u00a0<strong>son pays fera \u00ab\u00a0<em>tout\u00a0<\/em>\u00bb<\/strong>\u00a0pour aider \u00e0 ramener la paix au Moyen-Orient afin qu\u2019elle soit obtenue\u00a0<strong>\u00ab\u00a0<em>le plus rapidement possible<\/em>\u00a0\u00bb<\/strong>. Il a \u00e9galement salu\u00e9 \u00ab\u00a0<em>la bravoure<\/em>\u00a0\u00bb et \u00ab\u00a0<em>l\u2019h\u00e9ro\u00efsme<\/em>\u00a0\u00bb du peuple iranien et affirm\u00e9 que Moscou entend\u00a0<strong>\u00ab\u00a0<em>continuer sa relation strat\u00e9gique<\/em>\u00a0\u00bb<\/strong>\u00a0avec T\u00e9h\u00e9ran.<\/p>\n\n\n\n<p>\u25ba Ce lundi 27 avril, l<strong>&lsquo;arm\u00e9e isra\u00e9lienne a annonc\u00e9 avoir frapp\u00e9 des positions du Hezbollah<\/strong>\u00a0libanais dans la r\u00e9gion de la Bekaa, malgr\u00e9 le cessez-le-feu en vigueur.\u00a0Selon un d\u00e9compte de l&rsquo;AFP, bas\u00e9 sur les chiffres du minist\u00e8re libanais de la Sant\u00e9,<strong>\u00a0les frappes isra\u00e9liennes ont tu\u00e9 au moins 40 personnes au Liban<\/strong>\u00a0depuis le d\u00e9but de la tr\u00eave fragile le 17 avril.<\/p>\n\n\n\n<h2 class=\"wp-block-heading\">Merci de nous avoir suivis<\/h2>\n\n\n\n<p>C&rsquo;est la fin de ce live consacr\u00e9 aux \u00e9v\u00e9nements de la journ\u00e9e du lundi 27 avril concernant le conflit au Moyen-Orient. RFI continuera de vous informer de l&rsquo;\u00e9volution de la situation dans la r\u00e9gion avec un nouveau live \u00e0 retrouver sur notre site internet, ce mardi 28 avril.<\/p>\n\n\n\n<h2 class=\"wp-block-heading\">Donald Trump \u00abn&rsquo;aime pas\u00bb la derni\u00e8re proposition transmise par l&rsquo;Iran pour mettre fin au conflit<\/h2>\n\n\n\n<p>Donald Trump est m\u00e9content de la derni\u00e8re proposition transmise par \u2060l&rsquo;Iran via l&rsquo;interm\u00e9diaire du \u200bPakistan<\/p>\n\n\n\n<p>parce que celle-ci n&rsquo;inclut pas la question du programme nucl\u00e9aire iranien, affirme un repr\u00e9sentant am\u00e9ricain. \u00ab<em>Il n&rsquo;aime pas la proposition<\/em>\u00bb, a-t-il dit \u00e0 propos du chef de la Maison Blanche.<\/p>\n\n\n\n<p>Ces commentaires ont \u00e9t\u00e9 effectu\u00e9s quelques heures apr\u00e8s que la porte-parole de la Maison blanche a d\u00e9clar\u00e9 que Donald Trump avait \u200bdiscut\u00e9 avec \u200cses principaux conseillers d&rsquo;une nouvelle proposition iranienne destin\u00e9e \u00e0 mettre fin au conflit.<\/p>\n\n\n\n<p>Karoline Leavitt a ajout\u00e9 que la proposition ne r\u00e9pondait pas aux \u200cattentes de Donald Trump.<\/p>\n\n\n\n<h2 class=\"wp-block-heading\">Le chef de la diplomatie iranienne se dit \u00abravi\u00bb d&rsquo;avoir pu dialoguer avec la Russie \u00abau plus haut niveau\u00bb<\/h2>\n\n\n\n<p>Dans un message post\u00e9 sur le r\u00e9seau social X, le ministre iranien des Affaires \u00e9trang\u00e8res, Abbas Araghchi, qui a rencontr\u00e9 lundi le pr\u00e9sident russe Vladimir Poutine \u00e0 Saint-P\u00e9tersbourg, d\u00e9clare \u00eatre \u00ab<em>ravi<\/em>\u00bb d&rsquo;avoir pu dialoguer avec la Russie \u00ab<em>au plus haut niveau<\/em>\u00bb alors que le Moyen-Orient \u00ab<em>est en pleine mutation<\/em>\u00bb.<\/p>\n\n\n\n<p>\u00ab<em>Notre relation continue de grandi<\/em>r [&#8230;].<em>&nbsp;Nous saluons le soutien de la Russie \u00e0 la diplomatie<\/em>\u00bb, \u00e9crit-il aussi, ajoutant \u00e0 propos des liens entre T\u00e9h\u00e9ran et Moscou : \u00ab<em>Les \u00e9v\u00e9nements r\u00e9cents ont \u2060d\u00e9montr\u00e9 l&rsquo;\u00e9tendue et la solidit\u00e9 de notre partenariat strat\u00e9gique<\/em>\u00bb.<\/p>\n\n\n\n<h2 class=\"wp-block-heading\">L&rsquo;Iran r\u00e9vise le bilan de la frappe contre l&rsquo;\u00e9cole de Minab \u00e0 155 morts<\/h2>\n\n\n\n<p>Selon un bilan r\u00e9vis\u00e9 \u00e0 la baisse diffus\u00e9 par la t\u00e9l\u00e9vision d&rsquo;\u00c9tat Irib, le bombardement de l&rsquo;\u00e9cole de Minab, dans le sud de l&rsquo;Iran, au premier jour de la guerre au Moyen-Orient le 28 f\u00e9vrier, a tu\u00e9 155 personnes dont 120 enfants. \u00c0 la fin mars, le ministre iranien des Affaires \u00e9trang\u00e8res, Abbas Araghchi, avait d\u00e9clar\u00e9 devant l&rsquo;ONU que \u00ab<em>plus de 175 \u00e9l\u00e8ves et enseignants<\/em>&nbsp;[y avaient]&nbsp;<em>\u00e9t\u00e9 massacr\u00e9s de sang-froid<\/em>\u00bb.<\/p>\n\n\n\n<p>&nbsp;Mais d&rsquo;apr\u00e8s un nouveau bilan publi\u00e9 par Irib et des m\u00e9dias locaux qui citent un responsable du pouvoir judiciaire iranien, \u00ab<em>73 gar\u00e7ons, 47 filles, 26 enseignants, sept parents, un conducteur de car scolaire et un pharmacien de la clinique pr\u00e8s de l&rsquo;\u00e9cole sont morts en martyrs dans l&rsquo;attaque de l&rsquo;\u00e9cole de Minab<\/em>\u00bb.<\/p>\n\n\n\n<h2 class=\"wp-block-heading\">La stabilit\u00e9 dans le Golfe passe par des \u00abgaranties cr\u00e9dibles\u00bb de s\u00e9curit\u00e9 pour l&rsquo;Iran, affirme l&rsquo;ambassadeur iranien \u00e0 l&rsquo;ONU<\/h2>\n\n\n\n<p>Le retour de la s\u00e9curit\u00e9 et la stabilit\u00e9 dans le Golfe passe par des \u00ab<em>garanties cr\u00e9dibles<\/em>\u00bb pour l&rsquo;Iran contre toute nouvelle attaque am\u00e9ricano-isra\u00e9lienne, a d\u00e9clar\u00e9 lundi l&rsquo;ambassadeur iranien aux Nations unies. \u00ab<em>Une stabilit\u00e9 et une s\u00e9curit\u00e9 durables dans le Golfe et dans la r\u00e9gion au sens large ne peuvent \u00eatre garanties que par une cessation durable et permanente de toute agression contre l&rsquo;Iran, accompagn\u00e9e de garanties cr\u00e9dibles de non-r\u00e9p\u00e9tition et du plein respect des droits et int\u00e9r\u00eats souverains l\u00e9gitimes de l&rsquo;Iran<\/em>\u00bb, a d\u00e9clar\u00e9 Amir Saeid Iravani lors d&rsquo;une session du Conseil de s\u00e9curit\u00e9.<\/p>\n\n\n\n<h2 class=\"wp-block-heading\">Liban: des frappes isra\u00e9liennes font 4 morts dans le sud, annonce le minist\u00e8re de la Sant\u00e9<\/h2>\n\n\n\n<p>Le minist\u00e8re libanais de la Sant\u00e9 a annonc\u00e9 que des frappes isra\u00e9liennes men\u00e9es lundi sur le sud du pays ont tu\u00e9 quatre personnes dont une femme et fait 51 bless\u00e9s, dont trois enfants, malgr\u00e9 le cessez-le-feu conclu entre Isra\u00ebl et le Liban. Selon un d\u00e9compte de l&rsquo;AFP bas\u00e9 sur les chiffres du minist\u00e8re de la Sant\u00e9, les frappes isra\u00e9liennes ont tu\u00e9 au moins 40 personnes au Liban depuis le d\u00e9but de la tr\u00eave fragile le 17 avril.<\/p>\n\n\n\n<h2 class=\"wp-block-heading\">Le p\u00e9trole grimpe faute d&rsquo;avanc\u00e9es sur la r\u00e9ouverture du d\u00e9troit d&rsquo;Ormuz<\/h2>\n\n\n\n<p>Les cours du p\u00e9trole ont progress\u00e9 lundi, apr\u00e8s un weekend marqu\u00e9 par l&rsquo;absence de progr\u00e8s sur le front des n\u00e9gociations entre les Etats-Unis et l&rsquo;Iran, qui fait craindre un blocage plus prolong\u00e9 encore du d\u00e9troit d&rsquo;Ormuz. Le prix du baril de Brent de la mer du Nord, pour livraison en juin, a pris 2,75% \u00e0 108,23 dollars. Son \u00e9quivalent am\u00e9ricain, le baril de West Texas Intermediate, pour livraison le m\u00eame mois, a gagn\u00e9 2,09% \u00e0 96,37 dollars.<\/p>\n\n\n\n<h2 class=\"wp-block-heading\">Quels int\u00e9r\u00eats la Russie poursuit-elle apr\u00e8s l\u2019impasse des n\u00e9gociations irano-am\u00e9ricaines?<\/h2>\n\n\n\n<p>Le ministre iranien des Affaires \u00e9trang\u00e8res Abbas Araghchi a accus\u00e9 lundi les \u00c9tats-Unis d\u2019avoir fait \u00e9chouer les pourparlers de paix, lors d\u2019une visite en Russie o\u00f9 il a \u00e9t\u00e9 re\u00e7u par le pr\u00e9sident Vladimir Putin.<\/p>\n\n\n\n<p>Les discussions men\u00e9es \u00e0 Islamabad sur un cessez-le-feu et la r\u00e9ouverture du d\u00e9troit d\u2019Ormuz sont actuellement dans l\u2019impasse. Dans ce contexte, T\u00e9h\u00e9ran se tourne vers Moscou, qui a assur\u00e9 vouloir contribuer \u00e0 mettre fin \u00e0 la guerre.<\/p>\n\n\n\n<p>Pour Cyrille Bret, expert \u00e0 l&rsquo;Institut Montaigne, cette implication s\u2019inscrit dans une strat\u00e9gie plus large de la Russie. \u00ab&nbsp;<em>C\u2019est toute la posture d\u00e9velopp\u00e9e par Vladimir Poutine ces trois derni\u00e8res d\u00e9cennies : appara\u00eetre comme une superpuissance et replacer la Russie dans la cat\u00e9gorie des grands, en premi\u00e8re division internationale<\/em>&nbsp;\u00bb, explique-t-il au micro de&nbsp;<strong>Murielle Paradon<\/strong>.<\/p>\n\n\n\n<p>L\u2019expert souligne \u00e9galement un enjeu r\u00e9gional. \u00ab&nbsp;<em>Le deuxi\u00e8me tr\u00e8s grand int\u00e9r\u00eat, c\u2019est de rassurer ses r\u00e9seaux d\u2019alliances au Moyen-Orient<\/em>&nbsp;\u00bb, indique-t-il, rappelant que les premi\u00e8res semaines du conflit entre l\u2019Iran, Isra\u00ebl et les \u00c9tats-Unis ont montr\u00e9 que \u00ab&nbsp;<em>l\u2019alliance russe n\u2019\u00e9tait pas forc\u00e9ment la meilleure assurance vie<\/em>&nbsp;\u00bb.<\/p>\n\n\n\n<p>Selon lui, Moscou dispose de r\u00e9seaux \u00ab\u00a0<em>extr\u00eamement denses et diversifi\u00e9s<\/em>\u00a0\u00bb dans la r\u00e9gion. \u00ab\u00a0<em>C\u2019est une fa\u00e7on pour la Russie de dire : nous comptons encore et nous comptons pour nos alli\u00e9s dans cette r\u00e9gion<\/em>\u00a0\u00bb, conclut-il<\/p>\n\n\n\n<h2 class=\"wp-block-heading\">Donald Trump s&rsquo;est r\u00e9uni avec ses conseillers de s\u00e9curit\u00e9 sur une proposition iranienne<\/h2>\n\n\n\n<p>Donald Trump a tenu lundi une r\u00e9union sur l&rsquo;Iran o\u00f9 une proposition iranienne a \u00e9t\u00e9 discut\u00e9e, a confirm\u00e9 la Maison Blanche, tandis que les n\u00e9gociations pi\u00e9tinent sur le cessez-le-feu et la r\u00e9ouverture \u00e0 la navigation du d\u00e9troit d&rsquo;Ormuz.<\/p>\n\n\n\n<p>Selon le site Axios, l&rsquo;Iran a transmis aux Etats-Unis une nouvelle proposition visant \u00e0 rouvrir le d\u00e9troit d&rsquo;Ormuz et mettre fin \u00e0 la guerre, et, \u00e0 une date ult\u00e9rieure seulement, n\u00e9gocier sur le dossier nucl\u00e9aire.<\/p>\n\n\n\n<p>\u00ab<em>Je peux confirmer que le pr\u00e9sident a rencontr\u00e9 son \u00e9quipe de s\u00e9curit\u00e9 nationale ce<\/em>&nbsp;(lundi)&nbsp;<em>matin<\/em>\u00bb et \u00ab<em>la proposition<\/em>&nbsp;(iranienne)&nbsp;<em>a \u00e9t\u00e9 discut\u00e9e<\/em>\u00bb, a d\u00e9clar\u00e9 la porte-parole de la Maison Blanche Karoline Leavitt, confirmant ces informations de presse.<\/p>\n\n\n\n<p>\u00ab<em>Les lignes rouges du pr\u00e9sident concernant l&rsquo;Iran ont \u00e9t\u00e9 tr\u00e8s clairement \u00e9tablies<\/em>\u00bb, a-t-elle ajout\u00e9 lors d&rsquo;un point presse. Interview\u00e9 lundi par Fox News, le secr\u00e9taire d&rsquo;Etat Marco Rubio a, lui, d\u00e9clar\u00e9 que les propositions iraniennes sur le d\u00e9troit d&rsquo;Ormuz ne r\u00e9pondaient pas aux demandes am\u00e9ricaines.<\/p>\n\n\n\n<p>\u00ab<em>Si ce qu&rsquo;ils<\/em>&nbsp;(les autorit\u00e9s iraniennes)&nbsp;<em>entendent par &lsquo;ouvrir le d\u00e9troit&rsquo;, c&rsquo;est: oui, le d\u00e9troit est ouvert \u00e0 condition que vous vous coordonniez avec l&rsquo;Iran, que vous obteniez notre autorisation, sinon nous vous ferons sauter et vous devrez nous payer, alors ce n&rsquo;est pas ouvrir le d\u00e9troit<\/em>\u00bb, a-t-il affirm\u00e9.<\/p>\n\n\n\n<p>\u00ab<em>Ils ne peuvent pas normaliser &#8211; et nous ne pouvons pas tol\u00e9rer qu&rsquo;ils tentent de normaliser &#8211; un syst\u00e8me dans lequel les Iraniens d\u00e9cident qui a le droit d&rsquo;utiliser une voie navigable internationale, et combien vous devez leur payer pour l&rsquo;utiliser<\/em>\u00bb, a ajout\u00e9 le chef de la diplomatie am\u00e9ricaine.<\/p>\n\n\n\n<p><\/p>\n\n\n\n<h2 class=\"wp-block-heading\">L\u2019Iran a soumis aux \u00c9tats-Unis une nouvelle proposition pour rouvrir le d\u00e9troit d\u2019Ormuz, selon Axios<\/h2>\n\n\n\n<p>L\u2019Iran a transmis aux \u00c9tats-Unis une nouvelle proposition visant \u00e0 rouvrir le d\u00e9troit d\u2019Ormuz et \u00e0 mettre fin \u00e0 la guerre, en reportant les n\u00e9gociations sur le nucl\u00e9aire \u00e0 une phase ult\u00e9rieure, a rapport\u00e9 lundi le m\u00e9dia\u00a0<strong>Axios<\/strong>, citant un responsable am\u00e9ricain et deux sources inform\u00e9es.<\/p>\n\n\n\n<p>Selon ces informations, cette initiative, soumise \u00e0 Washington par les m\u00e9diateurs pakistanais, pr\u00e9voirait une prolongation du cessez-le-feu ou un accord sur une fin durable des hostilit\u00e9s, les discussions sur le programme nucl\u00e9aire n\u2019intervenant que dans un second temps. Dans ce contexte, le pr\u00e9sident Donald Trump devrait r\u00e9unir lundi son \u00e9quipe de s\u00e9curit\u00e9 nationale pour discuter de \u00ab<em>&nbsp;l\u2019impasse dans les n\u00e9gociations<\/em>&nbsp;\u00bb et des \u00ab<em>&nbsp;prochaines \u00e9tapes possibles<\/em>&nbsp;\u00bb, toujours selon le m\u00e9dia am\u00e9ricain.<\/p>\n\n\n\n<p>Une porte-parole de la Maison Blanche, cit\u00e9e par Axios, a, par ailleurs, d\u00e9clar\u00e9 que les \u00c9tats-Unis \u00ab&nbsp;<em>ne n\u00e9gocieront pas par le biais de la presse<\/em>&nbsp;\u00bb et ne concluront qu\u2019un accord qui ne permettra \u00ab<em>&nbsp;jamais \u00e0 l\u2019Iran de se doter de l\u2019arme nucl\u00e9aire<\/em>&nbsp;\u00bb.<\/p>\n\n\n\n<p><\/p>\n\n\n\n<h2 class=\"wp-block-heading\">Le chef de l&rsquo;arm\u00e9e isra\u00e9lienne dit que 2026 \u00abpourrait encore \u00eatre une ann\u00e9e de combats\u00bb sur tous les fronts<\/h2>\n\n\n\n<p>Le chef d&rsquo;\u00e9tat-major de l&rsquo;arm\u00e9e isra\u00e9lienne, Eyal Zamir, a affirm\u00e9 lundi que 2026 \u00ab<em>pourrait encore \u00eatre une ann\u00e9e de combats<\/em>\u00bb sur tous les fronts, selon un communiqu\u00e9 militaire. \u00ab<em>Depuis le 7 octobre<\/em>&nbsp;(2023, NDLR),&nbsp;<em>l&rsquo;arm\u00e9e est engag\u00e9e dans une campagne continue sur plusieurs fronts. Nous demeurons pr\u00eats et en alerte face \u00e0 la possibilit\u00e9 d&rsquo;une reprise de combats intenses sur l&rsquo;ensemble de ces fronts &#8211; l&rsquo;ann\u00e9e 2026 pourrait encore \u00eatre une ann\u00e9e de combats sur chacun d&rsquo;entre eux<\/em>\u00bb, a d\u00e9clar\u00e9 le lieutenant-g\u00e9n\u00e9ral Eyal Zamir lors d&rsquo;une rencontre avec des officiers.<\/p>\n\n\n\n<h2 class=\"wp-block-heading\">Netanyahu dit que les roquettes et drones du Hezbollah imposent la poursuite de l&rsquo;action militaire<\/h2>\n\n\n\n<p>Le Premier ministre isra\u00e9lien, Benyamin Netanyahu, a affirm\u00e9 lundi que la double menace des roquettes et drones du Hezbollah pro-iranien imposait la poursuite de l&rsquo;action militaire au Liban, selon un communiqu\u00e9 de son bureau. \u00ab<em>Il reste encore deux menaces principales venant du Hezbollah: les roquettes de type 122 et les drones. Cela exige une combinaison d&rsquo;actions op\u00e9rationnelles et technologiques<\/em>\u00bb, a d\u00e9clar\u00e9 Benyamin Netanyahu.<\/p>\n\n\n\n<h2 class=\"wp-block-heading\">L&rsquo;Iran doit faire des \u00abconcessions majeures\u00bb pour mettre fin \u00e0 la guerre, estime le chef de la diplomatie fran\u00e7aise<\/h2>\n\n\n\n<p>Le chef de la diplomatie fran\u00e7aise, Jean-No\u00ebl Barrot, a estim\u00e9 lundi que l&rsquo;Iran devait faire des \u00ab<em>concessions majeures<\/em>\u00bb dans les pourparlers de paix en vue de mettre un terme \u00e0 la guerre au Moyen-Orient. \u00ab<em>ll n&rsquo;y aura pas de solution durable \u00e0 cette crise sans que le r\u00e9gime iranien ne consente \u00e0 des concessions majeures et un changement radical de posture<\/em>\u00bb, a-t-il d\u00e9clar\u00e9 lors d&rsquo;une r\u00e9union du Conseil de s\u00e9curit\u00e9 de l&rsquo;ONU.<\/p>\n\n\n\n<h2 class=\"wp-block-heading\">Les \u00c9mirats arabes unis critiquent la \u00abfaiblesse\u00bb de leurs voisins du Golfe face \u00e0 l\u2019Iran<\/h2>\n\n\n\n<p>Lors d\u2019une conf\u00e9rence \u00e0 Duba\u00ef lundi, le conseiller pr\u00e9sidentiel \u00e9mirati Anwar Gargash a critiqu\u00e9 la r\u00e9action de ses partenaires du Conseil de coop\u00e9ration du Golfe, qui regroupe notamment l\u2019Arabie saoudite, les \u00c9mirats arabes unis, Bahre\u00efn, le Qatar, le Kowe\u00eft et Oman. \u00ab<em>&nbsp;Il y a eu un soutien mutuel au niveau logistique<\/em>&nbsp;\u00bb, a-t-il reconnu, mais il dit ne pas s\u2019attendre \u00ab&nbsp;<em>\u00e0 une position politique et militaire aussi faible<\/em>&nbsp;\u00bb. Les \u00c9mirats arabes unis ont \u00e9t\u00e9 la principale cible des frappes iraniennes parmi les pays du Golfe. Ils sont \u00e9galement un alli\u00e9 cl\u00e9 d\u2019Isra\u00ebl dans la r\u00e9gion. Anwar Gargash multiplie les prises de parole, appelant \u00e0 une position plus ferme face \u00e0 l\u2019Iran et assumant un rapprochement accru avec Isra\u00ebl.<\/p>\n\n\n\n<h2 class=\"wp-block-heading\">Bahre\u00efn d\u00e9choit de leur nationalit\u00e9 des dizaines de personnes pour soutien \u00e0 l&rsquo;Iran<\/h2>\n\n\n\n<p>Le minist\u00e8re de l&rsquo;Int\u00e9rieur de Bahre\u00efn a annonc\u00e9 d\u00e9choir de leur nationalit\u00e9 69 personnes, accus\u00e9es d&rsquo;avoir soutenu l&rsquo;Iran malgr\u00e9 les attaques iraniennes r\u00e9p\u00e9t\u00e9es contre des infrastructures des pays du Golfe depuis le d\u00e9but de la guerre au Moyen-Orient. Dans un communiqu\u00e9, le minist\u00e8re a publi\u00e9 la liste des individus concern\u00e9s &#8211; pr\u00e9cisant que la mesure concernait \u00e9galement des personnes \u00e0 leur charge &#8211; leur imputant d&rsquo;avoir \u00ab<em>soutenu des actes iraniens hostiles, parfois en connivence avec des entit\u00e9s \u00e9trang\u00e8res<\/em>\u00bb.<\/p>\n\n\n\n<p>L&rsquo;Institut bahre\u00efni pour les droits et la d\u00e9mocratie (BIRD), une ONG bas\u00e9e au Royaume-Uni, a d\u00e9crit cette mesure comme \u00ab<em>la premi\u00e8re vague massive de d\u00e9ch\u00e9ances de nationalit\u00e9 depuis 2019<\/em>\u00bb. Elle a indiqu\u00e9 ne pas pouvoir sp\u00e9cifier si ces individus avaient \u00e9t\u00e9 arr\u00eat\u00e9s, s&rsquo;ils \u00e9taient encore \u00e0 Bahre\u00efn ou s&rsquo;ils disposaient \u00e9galement d&rsquo;autres nationalit\u00e9s. L&rsquo;ONG Human Rights Watch avait alert\u00e9 en mars sur l&rsquo;arrestation depuis le d\u00e9but de la guerre de \u00ab<em>dizaines de personnes<\/em>\u00bb, accus\u00e9es de trahison ou d&rsquo;avoir pris part \u00e0 des manifestations.<\/p>\n\n\n\n<h2 class=\"wp-block-heading\">Ormuz: Macron promet d&rsquo;\u00e9changer avec l&rsquo;Iran pour \u00abtraiter le probl\u00e8me \u00e0 sa racine\u00bb et rouvrir le d\u00e9troit<\/h2>\n\n\n\n<p>Le pr\u00e9sident fran\u00e7ais Emmanuel Macron a promis lundi d&rsquo;\u00e9changer avec les autorit\u00e9s iraniennes pour \u00ab<em>traiter le probl\u00e8me<\/em>\u00bb de la hausse des prix du carburant \u00ab<em>\u00e0 sa racine<\/em>\u00bb et tenter d&rsquo;obtenir la r\u00e9ouverture du d\u00e9troit d&rsquo;Ormuz. \u00ab<em>La cause du probl\u00e8me, c&rsquo;est qu&rsquo;aujourd&rsquo;hui il y a ce blocus et le d\u00e9troit d&rsquo;Ormuz qui est ferm\u00e9. Donc il faut traiter le probl\u00e8me \u00e0 la racine, permettre aux choses de repartir<\/em>\u00bb, a lanc\u00e9 le chef d&rsquo;Etat lors d&rsquo;une visite en Andorre.<\/p>\n\n\n\n<p>Il a indiqu\u00e9 qu&rsquo;il allait \u00e9changer \u00ab<em>avec les autorit\u00e9s iraniennes<\/em>\u00bb d\u00e8s la fin de cette visite, esp\u00e9rant \u00ab<em>convaincre<\/em>\u00bb les parties prenantes \u00ab<em>dans les prochains jours<\/em>\u00bb. \u00ab<em>C&rsquo;est important de pouvoir rouvrir de part et d&rsquo;autre le trafic pour permettre au gaz, au p\u00e9trole, aux engrais, aux marchandises de pouvoir passer ce d\u00e9troit parce que \u00e7a impacte l&rsquo;\u00e9conomie mondiale<\/em>\u00bb, a-t-il ajout\u00e9.<\/p>\n\n\n\n<p>Sur l&rsquo;impact de la guerre au Moyen-Orient sur le prix du carburant en France, il a estim\u00e9 que le gouvernement faisait \u00ab<em>le maximum<\/em>\u00bb, assurant que l&rsquo;Etat \u00e9tait \u00ab<em>aux c\u00f4t\u00e9s<\/em>\u00bb des Fran\u00e7ais touch\u00e9s par des prix qui \u00ab<em>p\u00e8sent<\/em>\u00bb.<\/p>\n\n\n\n<p>La question de la r\u00e9ouverture \u00e0 la navigation du d\u00e9troit d&rsquo;Ormuz -particuli\u00e8rement strat\u00e9gique pour les exportations d&rsquo;hydrocarbures des pays du Golfe vers le reste du monde- est au centre des tensions entre Washington et T\u00e9h\u00e9ran, alors qu&rsquo;un fragile cessez-le-feu tient encore et que le d\u00e9troit est quasiment paralys\u00e9.<\/p>\n\n\n\n<h2 class=\"wp-block-heading\">Le ministre isra\u00e9lien de la D\u00e9fense dit que le chef du Hezbollah \u00abjoue avec le feu\u00bb, ce qui va \u00abbr\u00fbler le Liban\u00bb<\/h2>\n\n\n\n<p>Le ministre isra\u00e9lien de la D\u00e9fense Isra\u00ebl Katz a affirm\u00e9 lundi que le Hezbollah allait conduire le Liban \u00e0 la catastrophe, apr\u00e8s l&rsquo;opposition du chef de ce mouvement pro-iranien aux n\u00e9gociations directes entre le Liban et Isra\u00ebl.&nbsp;<\/p>\n\n\n\n<p>\u00ab<em>Na\u00efm Qassem joue avec le feu, et ce feu br\u00fblera le Hezbollah et tout le Liban<\/em>&nbsp;(&#8230;)&nbsp;<em>Si le gouvernement libanais continue de se r\u00e9fugier sous l&rsquo;aile de l&rsquo;organisation terroriste Hezbollah, un feu \u00e9clatera et br\u00fblera les c\u00e8dres du Liban<\/em>\u00bb, a d\u00e9clar\u00e9 Isra\u00ebl Katz \u00e0 l&rsquo;envoy\u00e9e de l&rsquo;ONU au Liban, Jeanine Hennis-Plasschaert, selon un communiqu\u00e9 publi\u00e9 par son bureau.<\/p>\n\n\n\n<h2 class=\"wp-block-heading\">L&rsquo;agence maritime de l&rsquo;ONU fermement oppos\u00e9e \u00e0 un droit de passage \u00e0 Ormuz<\/h2>\n\n\n\n<p>Le chef de l&rsquo;agence maritime de l&rsquo;ONU a r\u00e9affirm\u00e9 lundi qu&rsquo;il n&rsquo;existait \u00ab<em>aucune base l\u00e9gale<\/em>\u00bb pour un droit de passage dans le d\u00e9troit d&rsquo;Ormuz, que l&rsquo;Iran dit vouloir instaurer. \u00ab<em>Il n&rsquo;existe aucun fondement juridique pour l&rsquo;introduction d&rsquo;aucune taxe, d&rsquo;aucun droit de douane ou d&rsquo;aucun frais sur les d\u00e9troits utilis\u00e9s pour la navigation internationale<\/em>\u00bb, a d\u00e9clar\u00e9 le secr\u00e9taire g\u00e9n\u00e9ral de l&rsquo;Organisation maritime internationale (OMI), Arsenio Dominguez, lors d&rsquo;une conf\u00e9rence de presse. Arsenio Dominguez, qui s&rsquo;exprimait en marge du Comit\u00e9 sur la protection du secteur maritime de l&rsquo;OMI, o\u00f9 ont lieu des discussions sur une mesure de d\u00e9carbonation du secteur maritime, affirme \u00eatre en contact avec \u00ab<em>tous les pays de la r\u00e9gion<\/em>\u00bb, dont l&rsquo;Iran. Il a confirm\u00e9 qu&rsquo;un plan d&rsquo;\u00e9vacuation (sur lequel l&rsquo;OMI s&rsquo;est engag\u00e9 \u00e0 travailler) des 20 000 marins bloqu\u00e9s, r\u00e9partis sur quelque 1 600 navires dans le Golfe, ne pourrait avoir lieu qu&rsquo;une fois le passage compl\u00e8tement s\u00e9curis\u00e9 et en aucun cas via le paiement d&rsquo;un droit de passage.<\/p>\n\n\n\n<h2 class=\"wp-block-heading\">La R\u00e9publique islamique d&rsquo;Iran est \u00abstable, robuste\u00bb, affirme son chef de la diplomatie \u00e0 Poutine<\/h2>\n\n\n\n<h2 class=\"wp-block-heading\">En Russie, le chef de la diplomatie iranienne accuse Washington d&rsquo;avoir fait \u00e9chouer les pourparlers<\/h2>\n\n\n\n<p>Le ministre iranien des Affaires \u00e9trang\u00e8res Abbas Araghchi a accus\u00e9 lundi Washington d&rsquo;avoir fait \u00e9chouer leurs pourparlers de paix, d\u00e8s son arriv\u00e9e en Russie, nouvelle \u00e9tape de sa tourn\u00e9e diplomatique.<\/p>\n\n\n\n<p>Les tentatives de relance des discussions sur le cessez-le-feu et la r\u00e9ouverture \u00e0 la navigation du d\u00e9troit d&rsquo;Ormuz &#8211; \u00e9bauch\u00e9es d\u00e9but avril \u00e0 Islamabad &#8211; ont jusqu&rsquo;ici \u00e9chou\u00e9 face \u00e0 la fermet\u00e9 affich\u00e9e par Washington et T\u00e9h\u00e9ran.<\/p>\n\n\n\n<p>\u00ab<em>Les approches am\u00e9ricaines ont fait que le pr\u00e9c\u00e9dent cycle de n\u00e9gociations, malgr\u00e9 des progr\u00e8s, n&rsquo;a pas atteint ses objectifs en raison d&rsquo;exigences excessives<\/em>\u00bb, a d\u00e9nonc\u00e9 Abbas Araghchi, \u00e0 son arriv\u00e9e \u00e0 Saint-P\u00e9tersbourg.<\/p>\n\n\n\n<p><\/p>\n","protected":false},"excerpt":{"rendered":"<p>Ce qu&rsquo;il faut retenir \u25ba Alors que\u00a0Donald Trump a annul\u00e9 le d\u00e9placement de ses \u00e9missaires \u00e0 Islamabad\u00a0samedi 25 avril,\u00a0le ministre<\/p>\n","protected":false},"author":1,"featured_media":71558,"comment_status":"open","ping_status":"open","sticky":false,"template":"","format":"standard","meta":{"footnotes":""},"categories":[51],"tags":[],"class_list":["post-71557","post","type-post","status-publish","format-standard","has-post-thumbnail","hentry","category-general"],"_links":{"self":[{"href":"https:\/\/dekkbi.com\/index.php?rest_route=\/wp\/v2\/posts\/71557","targetHints":{"allow":["GET"]}}],"collection":[{"href":"https:\/\/dekkbi.com\/index.php?rest_route=\/wp\/v2\/posts"}],"about":[{"href":"https:\/\/dekkbi.com\/index.php?rest_route=\/wp\/v2\/types\/post"}],"author":[{"embeddable":true,"href":"https:\/\/dekkbi.com\/index.php?rest_route=\/wp\/v2\/users\/1"}],"replies":[{"embeddable":true,"href":"https:\/\/dekkbi.com\/index.php?rest_route=%2Fwp%2Fv2%2Fcomments&post=71557"}],"version-history":[{"count":1,"href":"https:\/\/dekkbi.com\/index.php?rest_route=\/wp\/v2\/posts\/71557\/revisions"}],"predecessor-version":[{"id":71559,"href":"https:\/\/dekkbi.com\/index.php?rest_route=\/wp\/v2\/posts\/71557\/revisions\/71559"}],"wp:featuredmedia":[{"embeddable":true,"href":"https:\/\/dekkbi.com\/index.php?rest_route=\/wp\/v2\/media\/71558"}],"wp:attachment":[{"href":"https:\/\/dekkbi.com\/index.php?rest_route=%2Fwp%2Fv2%2Fmedia&parent=71557"}],"wp:term":[{"taxonomy":"category","embeddable":true,"href":"https:\/\/dekkbi.com\/index.php?rest_route=%2Fwp%2Fv2%2Fcategories&post=71557"},{"taxonomy":"post_tag","embeddable":true,"href":"https:\/\/dekkbi.com\/index.php?rest_route=%2Fwp%2Fv2%2Ftags&post=71557"}],"curies":[{"name":"wp","href":"https:\/\/api.w.org\/{rel}","templated":true}]}}