{"id":71552,"date":"2026-04-28T12:14:17","date_gmt":"2026-04-28T12:14:17","guid":{"rendered":"https:\/\/dekkbi.com\/?p=71552"},"modified":"2026-04-28T12:14:18","modified_gmt":"2026-04-28T12:14:18","slug":"une-autre-can-prevue-au-maroc-reportee-le-desordre-se-poursuit-au-sein-de-la-caf","status":"publish","type":"post","link":"https:\/\/dekkbi.com\/?p=71552","title":{"rendered":"Une autre CAN pr\u00e9vue au Maroc report\u00e9e : le d\u00e9sordre se poursuit au sein de la CAF"},"content":{"rendered":"\n<p>iGFM (Dakar) Apr\u00e8s la CAN f\u00e9minine, c\u2019est au tour de la CAN de futsal 2026, pr\u00e9vue au Maroc, d\u2019\u00eatre report\u00e9e\u2026 en pleine pr\u00e9paration des \u00e9quipes nationales.<\/p>\n\n\n\n<p>D\u00e9cid\u00e9ment, l\u2019organisation des comp\u00e9titions de la Conf\u00e9d\u00e9ration africaine de football (CAF) continue de poser question. Selon une note interne de la CAF, r\u00e9v\u00e9l\u00e9e par Sportnewsafrica cit\u00e9 par Afrikfoot, la CAN de futsal 2026 ne se tiendra finalement pas en avril comme initialement pr\u00e9vu.<\/p>\n\n\n\n<p><strong>Un nouveau report qui confirme l&rsquo;amateurisme de la CAF<\/strong><\/p>\n\n\n\n<p>La comp\u00e9tition est d\u00e9sormais reprogramm\u00e9e du 12 au 21 octobre\u2026 toujours au Maroc.<\/p>\n\n\n\n<p>Un report tardif, officialis\u00e9 alors que plusieurs s\u00e9lections nationales \u00e9taient d\u00e9j\u00e0 en pleine phase de pr\u00e9paration.<\/p>\n\n\n\n<p><strong>Des f\u00e9d\u00e9rations non respect\u00e9es<\/strong><\/p>\n\n\n\n<p>Ce timing pose probl\u00e8me. Car certaines f\u00e9d\u00e9rations avaient d\u00e9j\u00e0 engag\u00e9 des moyens financiers \u2013 souvent limit\u00e9s \u2013 pour pr\u00e9parer cette \u00e9ch\u00e9ance.<\/p>\n\n\n\n<p>Dans une discipline comme le futsal, o\u00f9 les budgets sont g\u00e9n\u00e9ralement restreints, ce type de changement de calendrier repr\u00e9sente un vrai coup dur.<\/p>\n\n\n\n<p><strong>CAN Futsal, CAN f\u00e9minine\u2026 Un sc\u00e9nario qui se r\u00e9p\u00e8te<\/strong><\/p>\n\n\n\n<p>Ce report rappelle fortement celui de la CAN f\u00e9minine 2026, \u00e9galement d\u00e9cal\u00e9e dans des conditions similaires.<\/p>\n\n\n\n<p>Une r\u00e9p\u00e9tition qui interroge sur la gestion globale du calendrier par la CAF, et sur l\u2019anticipation des comp\u00e9titions.<\/p>\n\n\n\n<p>D\u2019ailleurs, l\u2019organisation de cette CAN de futsal n\u2019avait d\u00e9j\u00e0 rien de classique. Triple tenant du titre, le Maroc avait r\u00e9cup\u00e9r\u00e9 l\u2019\u00e9v\u00e9nement \u00e0 la derni\u00e8re minute, via une d\u00e9cision act\u00e9e le 31 d\u00e9cembre 2025, faute de candidat.<\/p>\n\n\n\n<p>Un contexte particulier\u2026 qui n\u2019a visiblement pas suffi \u00e0 \u00e9viter ce nouveau couac.<\/p>\n","protected":false},"excerpt":{"rendered":"<p>iGFM (Dakar) Apr\u00e8s la CAN f\u00e9minine, c\u2019est au tour de la CAN de futsal 2026, pr\u00e9vue au Maroc, d\u2019\u00eatre report\u00e9e\u2026<\/p>\n","protected":false},"author":1,"featured_media":70562,"comment_status":"open","ping_status":"open","sticky":false,"template":"","format":"standard","meta":{"footnotes":""},"categories":[9],"tags":[],"class_list":["post-71552","post","type-post","status-publish","format-standard","has-post-thumbnail","hentry","category-sports"],"_links":{"self":[{"href":"https:\/\/dekkbi.com\/index.php?rest_route=\/wp\/v2\/posts\/71552","targetHints":{"allow":["GET"]}}],"collection":[{"href":"https:\/\/dekkbi.com\/index.php?rest_route=\/wp\/v2\/posts"}],"about":[{"href":"https:\/\/dekkbi.com\/index.php?rest_route=\/wp\/v2\/types\/post"}],"author":[{"embeddable":true,"href":"https:\/\/dekkbi.com\/index.php?rest_route=\/wp\/v2\/users\/1"}],"replies":[{"embeddable":true,"href":"https:\/\/dekkbi.com\/index.php?rest_route=%2Fwp%2Fv2%2Fcomments&post=71552"}],"version-history":[{"count":1,"href":"https:\/\/dekkbi.com\/index.php?rest_route=\/wp\/v2\/posts\/71552\/revisions"}],"predecessor-version":[{"id":71553,"href":"https:\/\/dekkbi.com\/index.php?rest_route=\/wp\/v2\/posts\/71552\/revisions\/71553"}],"wp:featuredmedia":[{"embeddable":true,"href":"https:\/\/dekkbi.com\/index.php?rest_route=\/wp\/v2\/media\/70562"}],"wp:attachment":[{"href":"https:\/\/dekkbi.com\/index.php?rest_route=%2Fwp%2Fv2%2Fmedia&parent=71552"}],"wp:term":[{"taxonomy":"category","embeddable":true,"href":"https:\/\/dekkbi.com\/index.php?rest_route=%2Fwp%2Fv2%2Fcategories&post=71552"},{"taxonomy":"post_tag","embeddable":true,"href":"https:\/\/dekkbi.com\/index.php?rest_route=%2Fwp%2Fv2%2Ftags&post=71552"}],"curies":[{"name":"wp","href":"https:\/\/api.w.org\/{rel}","templated":true}]}}