{"id":71543,"date":"2026-04-28T11:46:00","date_gmt":"2026-04-28T11:46:00","guid":{"rendered":"https:\/\/dekkbi.com\/?p=71543"},"modified":"2026-04-28T11:46:01","modified_gmt":"2026-04-28T11:46:01","slug":"attaques-au-mali-ce-que-propose-laurent-gbagbo","status":"publish","type":"post","link":"https:\/\/dekkbi.com\/?p=71543","title":{"rendered":"Attaques au Mali : ce que propose Laurent Gbagbo"},"content":{"rendered":"\n<p>L\u2019ancien pr\u00e9sident ivoirien\u00a0<strong>Laurent Gbagbo<\/strong>\u00a0condamne fermement les r\u00e9centes attaques au Mali. Dans une prise de position intervenue apr\u00e8s les attaques coordonn\u00e9es contre plusieurs villes du pays, le pr\u00e9sident du Parti des peuples africains \u2013\u00a0C\u00f4te d\u2019Ivoire (PPA-CI) fait une proposition pour arriver \u00e0 bout de la crise s\u00e9curitaire dans le Sahel<\/p>\n\n\n\n<p>Laurent Gbagbo est profond\u00e9ment constern\u00e9 par les attaques meurtri\u00e8res revendiqu\u00e9es au Mali par le FLA et le Jnim. Ces attaques ont fait des morts et des bless\u00e9s. Sadio Camara, ministre de la D\u00e9fense, l\u2019une des plus hautes personnalit\u00e9s militaires du pays, a \u00e9t\u00e9 tu\u00e9 dans ces attaques. Comme tous les autres acteurs ayant d\u00e9j\u00e0 condamn\u00e9 ces attaques, l\u2019ancien pr\u00e9sident ivoirien d\u00e9nonce des&nbsp;<em>\u00ab&nbsp;actes l\u00e2ches et barbares&nbsp;\u00bb<\/em>.<\/p>\n\n\n\n<p>Pour mettre fin \u00e0 cette crise s\u00e9curitaire qui vise toute la sous-r\u00e9gion, il propose\u00a0<em>\u00ab\u00a0la mise en place d\u2019une force africaine de lutte contre le terrorisme, sous commandement africain, dot\u00e9e de moyens financiers, logistiques et op\u00e9rationnels ad\u00e9quats, fournis par les \u00c9tats africains, pour garantir une r\u00e9ponse souveraine rapide, efficace et durable \u00e0 cette menace\u00a0\u00bb<\/em>. Pour Laurent Gbagbo, il est n\u00e9cessaire que tous les \u00c9tats de la sous-r\u00e9gion apportent une r\u00e9action \u00ab\u00a0collective, coordonn\u00e9e et souveraine\u00a0\u00bb.<a href=\"https:\/\/www.bing.com\/api\/v1\/mediation\/tracking?adUnit=1732768568&amp;auId=96994fd5-de04-4f26-b5fb-dc2b4f20c539&amp;bdc=qo&amp;bidId=4&amp;bidderId=4&amp;cmExpId=RSV&amp;impId=2&amp;impTy=1&amp;ldc=qooczr&amp;mkt=fr-sn&amp;oAdUnit=1732768568&amp;pId=1&amp;publisherId=17160724&amp;rId=3e5f55c5-a937-47b5-bbf7-78c39d0aead0&amp;region=emea&amp;rlink=https%3A%2F%2Fwww.bing.com%2Faclick%3Fld%3De8R6OWqg3e3EfbOvVjzVmlfDVUCUy122AvAZ2F0IPuwpECT3QkNPiEXhgwKb11ow_rIq9SJP_IyDUarEUwucHzfpTQNP8hOMwEPsAJnAykvwYdmVv547gaGw7tHe1eBL4G6WN4eXYSkn7IKPQ6Ayi0Y5zlaDxccL8nlUsdQx4UZL8kORItCG-ZXqNo_KlkIz4IsmmXIkGO0sFvthULWFuGz7nnqOU%26u%3DaHR0cHMlM2ElMmYlMmZ0ZWNoLmdyYXplaW5hLmNvbSUyZnByb2R1aXQlMmZzZWFnYXRlLWVudGVycHJpc2UtMTItdGItc3QxMjAwMG5tMDAzOC0zLTUtaGRkLXNhcyUyZiUzZm1zY2xraWQlM2Q2YzYwZjY0YTM0YjcxNDQ1ZTQxZDlmYmFhOWZhOTg2MQ%26rlid%3D6c60f64a34b71445e41d9fbaa9fa9861&amp;rtype=targetURL&amp;tagId=webcompar-inarticle-2&amp;trafficGroup=zfa_angvir&amp;trafficSubGroup=erfreir&amp;uberGroup=hore_1c&amp;uberSubGroup=erfreir\" target=\"_blank\" rel=\"noreferrer noopener\"><\/a><\/p>\n\n\n\n<h2 class=\"wp-block-heading\">Divis\u00e9e, une sous-r\u00e9gion fragile face aux groupes terroristes<\/h2>\n\n\n\n<p>Selon plusieurs experts, les conflits entre \u00c9tats et les divergences au sein de la Communaut\u00e9 \u00e9conomique des \u00c9tats de l\u2019Afrique de l\u2019Ouest ont fragilis\u00e9 la sous-r\u00e9gion. Avec la rupture des diff\u00e9rents accords militaires, chaque pays d\u00e9ploie sa strat\u00e9gie limit\u00e9e \u00e0 ses fronti\u00e8res. La proposition de Laurent Gbagbo vise \u00e0 casser cette barri\u00e8re. Le terrorisme n\u2019est pas l\u2019affaire d\u2019un seul pays et en r\u00e9alit\u00e9, lorsque les groupes terroristes frappent, ils ne ciblent pas uniquement un pays. Leur objectif \u00e0 terme, c\u2019est de&nbsp;<em>\u00ab&nbsp;d\u00e9stabiliser l\u2019ensemble de la sous-r\u00e9gion&nbsp;\u00bb<\/em>.<\/p>\n\n\n\n<p>Si Bamako tombe, tous les autres pays environnants sont menac\u00e9s. C\u2019est pourquoi l\u2019ancien pr\u00e9sident insiste sur la n\u00e9cessit\u00e9 de mettre en place une force africaine unifi\u00e9e pour faire face au terrorisme.<a href=\"https:\/\/www.bing.com\/api\/v1\/mediation\/tracking?adUnit=1732768568&amp;auId=1a578329-c740-461c-9164-f3e2f83519ce&amp;bdc=qo&amp;bidId=10&amp;bidderId=4&amp;cmExpId=RSV&amp;impId=3&amp;impTy=1&amp;ldc=qooczr&amp;mkt=fr-sn&amp;oAdUnit=1732768568&amp;pId=1&amp;publisherId=17160724&amp;rId=3e5f55c5-a937-47b5-bbf7-78c39d0aead0&amp;region=emea&amp;rlink=https%3A%2F%2Fwww.bing.com%2Faclick%3Fld%3De8zN2BMJXoJ-tOVynVNAZwkTVUCUxHSTTV-PVPvDoU3ms7eT_54RkEbptUBsivc-eTofVa8y1djd5CVnY_JdRT9o5Fyxi5ry_iiI7AZ57xmSBs_-98jf78U3BWW5P1HU6zBJ-AawY6LqiP_HZaYMl59zTok3CfzZAZ6aIzTcHUa4VAxMsYed-CcHVUfBIQT7g7EntpOXCNBMbhQyt7w006MtndAW8%26u%3DaHR0cHMlM2ElMmYlMmZibHVlZnVybi5jb20lMmZubCUyZnJvaGUtc3RpamwtbG91bmdlLXN0b2VsLWJhcmNlbG9uYS1wYXZpbGxpb24uaHRtbCUzZnV0bV9zb3VyY2UlM2RiaW5nJTI2dXRtX21lZGl1bSUzZGNwYyUyNnV0bV9jYW1wYWlnbiUzZG1zcy10ZXh0LWJmLW5sJTI2dXRtX2FkZ3JvdXAlM2RBZCUyNTIwZ3JvdXAlMjUyMCUyNTIzMSUyNnV0bV90ZXJtJTNkJTI2bXNjbGtpZCUzZGE5NmU3YjVlODIzOTExNDYwNWNiMTJhZTFmNzQwYWY3JTI2dXRtX2NvbnRlbnQlM2RBZCUyNTIwZ3JvdXAlMjUyMCUyNTIzMSUyMzM3NSUzZDg2NTc%26rlid%3Da96e7b5e8239114605cb12ae1f740af7&amp;rtype=targetURL&amp;tagId=webcompar-inarticle-3&amp;trafficGroup=zfa_angvir&amp;trafficSubGroup=erfreir&amp;uberGroup=hore_1c&amp;uberSubGroup=erfreir\" target=\"_blank\" rel=\"noreferrer noopener\"><\/a><\/p>\n\n\n\n<p>Pour Laurent Gbagbo, la r\u00e9p\u00e9tition de ces drames prouve que les r\u00e9ponses actuelles sont insuffisantes. Il appelle \u00e0 une r\u00e9action \u00ab collective, coordonn\u00e9e et souveraine \u00bb. L\u2019ex-pr\u00e9sident a profit\u00e9 de cette tribune pour r\u00e9it\u00e9rer une proposition qui lui tient \u00e0 c\u0153ur : la cr\u00e9ation d\u2019une Force africaine de lutte contre le terrorisme.<\/p>\n\n\n\n<p>Ce que propose Laurent Gbagbo rejoint parfaitement l\u2019id\u00e9e de cr\u00e9ation de la force unifi\u00e9e pour l\u2019Alliance des \u00c9tats du Sahel (AES) et la force d\u2019attente de la&nbsp;<strong><a href=\"https:\/\/www.wahooas.org\/web-ooas\/fr\" rel=\"noreferrer noopener\" target=\"_blank\">CEDEAO<\/a><\/strong>. Ces deux initiatives ont pris corps depuis, mais force est de constater qu\u2019elles ne sont pas encore v\u00e9ritablement actives. Le Mali a subi des attaques coordonn\u00e9es pendant 48 heures sans aucune r\u00e9action muscl\u00e9e de la Conf\u00e9rence de l\u2019Alliance des \u00c9tats du Sahel (AES) qui pouvait activer la Force unifi\u00e9e.<\/p>\n\n\n\n<p>Quant \u00e0 la Force d\u2019attente de la CEDEAO, son action dans la lutte contre le terrorisme dans la sous-r\u00e9gion est pratiquement sans bilan. Toutefois, il faut signaler que le 7 d\u00e9cembre 2025, elle avait \u00e9t\u00e9 d\u00e9ploy\u00e9e au B\u00e9nin pour mettre en d\u00e9route un groupe de militaires qui voulait renverser le r\u00e9gime du pr\u00e9sident Patrice Talon.<\/p>\n","protected":false},"excerpt":{"rendered":"<p>L\u2019ancien pr\u00e9sident ivoirien\u00a0Laurent Gbagbo\u00a0condamne fermement les r\u00e9centes attaques au Mali. Dans une prise de position intervenue apr\u00e8s les attaques coordonn\u00e9es<\/p>\n","protected":false},"author":1,"featured_media":13807,"comment_status":"open","ping_status":"open","sticky":false,"template":"","format":"standard","meta":{"footnotes":""},"categories":[51],"tags":[],"class_list":["post-71543","post","type-post","status-publish","format-standard","has-post-thumbnail","hentry","category-general"],"_links":{"self":[{"href":"https:\/\/dekkbi.com\/index.php?rest_route=\/wp\/v2\/posts\/71543","targetHints":{"allow":["GET"]}}],"collection":[{"href":"https:\/\/dekkbi.com\/index.php?rest_route=\/wp\/v2\/posts"}],"about":[{"href":"https:\/\/dekkbi.com\/index.php?rest_route=\/wp\/v2\/types\/post"}],"author":[{"embeddable":true,"href":"https:\/\/dekkbi.com\/index.php?rest_route=\/wp\/v2\/users\/1"}],"replies":[{"embeddable":true,"href":"https:\/\/dekkbi.com\/index.php?rest_route=%2Fwp%2Fv2%2Fcomments&post=71543"}],"version-history":[{"count":1,"href":"https:\/\/dekkbi.com\/index.php?rest_route=\/wp\/v2\/posts\/71543\/revisions"}],"predecessor-version":[{"id":71544,"href":"https:\/\/dekkbi.com\/index.php?rest_route=\/wp\/v2\/posts\/71543\/revisions\/71544"}],"wp:featuredmedia":[{"embeddable":true,"href":"https:\/\/dekkbi.com\/index.php?rest_route=\/wp\/v2\/media\/13807"}],"wp:attachment":[{"href":"https:\/\/dekkbi.com\/index.php?rest_route=%2Fwp%2Fv2%2Fmedia&parent=71543"}],"wp:term":[{"taxonomy":"category","embeddable":true,"href":"https:\/\/dekkbi.com\/index.php?rest_route=%2Fwp%2Fv2%2Fcategories&post=71543"},{"taxonomy":"post_tag","embeddable":true,"href":"https:\/\/dekkbi.com\/index.php?rest_route=%2Fwp%2Fv2%2Ftags&post=71543"}],"curies":[{"name":"wp","href":"https:\/\/api.w.org\/{rel}","templated":true}]}}