{"id":71518,"date":"2026-04-28T09:21:56","date_gmt":"2026-04-28T09:21:56","guid":{"rendered":"https:\/\/dekkbi.com\/?p=71518"},"modified":"2026-04-28T09:22:20","modified_gmt":"2026-04-28T09:22:20","slug":"reequilibrage-des-pouvoirs-au-sein-de-lexecutif-ce-que-dit-lavant-projet-de-revision-constitutionnelle","status":"publish","type":"post","link":"https:\/\/dekkbi.com\/?p=71518","title":{"rendered":"R\u00e9\u00e9quilibrage des pouvoirs au sein de l\u2019Ex\u00e9cutif : Ce que dit l\u2019avant-projet de r\u00e9vision constitutionnelle"},"content":{"rendered":"\n<p>Le S\u00e9n\u00e9gal s\u2019appr\u00eate \u00e0 revoir en profondeur les r\u00e8gles qui r\u00e9gissent l\u2019exercice du pouvoir. L\u2019avant-projet de loi portant r\u00e9vision de la Constitution introduit une s\u00e9rie de dispositions destin\u00e9es \u00e0 redistribuer les pr\u00e9rogatives au sein de l\u2019Ex\u00e9cutif et \u00e0 renforcer les contre-pouvoirs institutionnels.<\/p>\n\n\n\n<p>Sur le statut du Pr\u00e9sident de la R\u00e9publique, les changements sont substantiels. Le chef de l\u2019\u00c9tat ne pourra plus exercer la direction effective d\u2019un parti politique ou d\u2019une coalition, ni participer \u00e0 une campagne \u00e9lectorale, sauf s\u2019il est lui-m\u00eame candidat \u00e0 sa propre r\u00e9\u00e9lection. Autre nouveaut\u00e9 : la politique de la Nation ne sera plus d\u00e9termin\u00e9e par le seul Pr\u00e9sident, mais d\u00e9sormais en concertation avec le Premier ministre. Enfin, entre la tenue du scrutin pr\u00e9sidentiel et l\u2019entr\u00e9e en fonction de son successeur, le Pr\u00e9sident sortant sera limit\u00e9 \u00e0 l\u2019exp\u00e9dition des affaires courantes, sans pouvoir engager substantiellement l\u2019\u00c9tat.<\/p>\n\n\n\n<p>Le Premier ministre sort lui aussi renforc\u00e9 du texte. Explicitement consacr\u00e9 chef du Gouvernement, il acquiert le droit de co-initier les projets de loi et de saisir la Cour constitutionnelle. Une mont\u00e9e en puissance institutionnelle qui traduit la volont\u00e9 des r\u00e9dacteurs de mettre fin au d\u00e9s\u00e9quilibre longtemps d\u00e9nonc\u00e9 au sein de l\u2019Ex\u00e9cutif.<\/p>\n\n\n\n<p>Sur le plan institutionnel, le Conseil constitutionnel est rebaptis\u00e9 Cour constitutionnelle et voit ses comp\u00e9tences \u00e9largies. L\u2019Assembl\u00e9e nationale gagne quant \u00e0 elle le pouvoir d\u2019entendre toute personne jug\u00e9e utile dans le cadre de ses commissions d\u2019enqu\u00eate ou d\u2019information.<\/p>\n\n\n\n<p>Le texte comporte \u00e9galement d\u2019autres dispositions notables : incompatibilit\u00e9 entre la fonction minist\u00e9rielle et un mandat de chef d\u2019ex\u00e9cutif territorial, cons\u00e9cration du droit \u00e0 l\u2019inclusion num\u00e9rique, r\u00e9\u00e9criture du serment pr\u00e9sidentiel, et verrouillage constitutionnel explicite de la limitation du nombre et de la dur\u00e9e des mandats pr\u00e9sidentiels.<br>DAKARACTU<\/p>\n","protected":false},"excerpt":{"rendered":"<p>Le S\u00e9n\u00e9gal s\u2019appr\u00eate \u00e0 revoir en profondeur les r\u00e8gles qui r\u00e9gissent l\u2019exercice du pouvoir. L\u2019avant-projet de loi portant r\u00e9vision de<\/p>\n","protected":false},"author":1,"featured_media":63851,"comment_status":"open","ping_status":"open","sticky":false,"template":"","format":"standard","meta":{"footnotes":""},"categories":[6],"tags":[],"class_list":["post-71518","post","type-post","status-publish","format-standard","has-post-thumbnail","hentry","category-politics"],"_links":{"self":[{"href":"https:\/\/dekkbi.com\/index.php?rest_route=\/wp\/v2\/posts\/71518","targetHints":{"allow":["GET"]}}],"collection":[{"href":"https:\/\/dekkbi.com\/index.php?rest_route=\/wp\/v2\/posts"}],"about":[{"href":"https:\/\/dekkbi.com\/index.php?rest_route=\/wp\/v2\/types\/post"}],"author":[{"embeddable":true,"href":"https:\/\/dekkbi.com\/index.php?rest_route=\/wp\/v2\/users\/1"}],"replies":[{"embeddable":true,"href":"https:\/\/dekkbi.com\/index.php?rest_route=%2Fwp%2Fv2%2Fcomments&post=71518"}],"version-history":[{"count":1,"href":"https:\/\/dekkbi.com\/index.php?rest_route=\/wp\/v2\/posts\/71518\/revisions"}],"predecessor-version":[{"id":71519,"href":"https:\/\/dekkbi.com\/index.php?rest_route=\/wp\/v2\/posts\/71518\/revisions\/71519"}],"wp:featuredmedia":[{"embeddable":true,"href":"https:\/\/dekkbi.com\/index.php?rest_route=\/wp\/v2\/media\/63851"}],"wp:attachment":[{"href":"https:\/\/dekkbi.com\/index.php?rest_route=%2Fwp%2Fv2%2Fmedia&parent=71518"}],"wp:term":[{"taxonomy":"category","embeddable":true,"href":"https:\/\/dekkbi.com\/index.php?rest_route=%2Fwp%2Fv2%2Fcategories&post=71518"},{"taxonomy":"post_tag","embeddable":true,"href":"https:\/\/dekkbi.com\/index.php?rest_route=%2Fwp%2Fv2%2Ftags&post=71518"}],"curies":[{"name":"wp","href":"https:\/\/api.w.org\/{rel}","templated":true}]}}