{"id":71511,"date":"2026-04-28T09:09:08","date_gmt":"2026-04-28T09:09:08","guid":{"rendered":"https:\/\/dekkbi.com\/?p=71511"},"modified":"2026-04-28T09:12:12","modified_gmt":"2026-04-28T09:12:12","slug":"le-fdr-boycotte-la-rencontre-du-ministre-de-linterieur-avec-les-leaders-des-partis-politiques","status":"publish","type":"post","link":"https:\/\/dekkbi.com\/?p=71511","title":{"rendered":"Le FDR boycotte la rencontre du ministre de l\u2019Int\u00e9rieur avec les leaders des partis politiques"},"content":{"rendered":"\n<p>Dakar,  (APS) \u2013 Le Front pour la d\u00e9fense de la d\u00e9mocratie et de la R\u00e9publique (FDR, opposition) a d\u00e9cid\u00e9 de ne pas participer \u00e0 la rencontre pr\u00e9vue jeudi 30 avril entre le ministre de l\u2019Int\u00e9rieur, Mouhamadou Bamba Ciss\u00e9, et les leaders des partis politiques.<\/p>\n\n\n\n<p>Le FDR \u2018\u2019exige que les documents issus du \u2018comit\u00e9 de relecture\u2019 [des conclusions du dialogue national de mai 2025] soient soumis \u00e0 la discussion\u2019\u2019 d\u2019abord.<\/p>\n\n\n\n<p>Dans un communiqu\u00e9 parvenu \u00e0 l\u2019APS, cette coalition de partis d\u2019opposition exige \u2018\u2019que soient prises en compte les observations de l\u2019opposition [\u2026] exclue de [la] r\u00e9daction\u2019\u2019 des conclusions de la concertation tenue en mai dernier.<\/p>\n\n\n\n<p>\u2018\u2019Le FDR rappelle que les partis d\u2019opposition ayant particip\u00e9 au dialogue national avaient d\u00e9nonc\u00e9 [\u2026] leur exclusion dudit comit\u00e9 et d\u00e9clin\u00e9 toute responsabilit\u00e9 quant \u00e0 ses conclusions\u2019\u2019, affirment ses leaders, ajoutant : \u2018\u2019Ceux qui n\u2019avaient pas particip\u00e9 au dialogue avaient rejet\u00e9 [ses] r\u00e9sultats\u201d.<\/p>\n\n\n\n<p>Le Front pour la d\u00e9fense de la d\u00e9mocratie et de la R\u00e9publique&nbsp;annonce aussi qu\u2019il \u2018\u2019convie tous les partis d\u2019opposition \u00e0 une rencontre d\u2019urgence, afin de mettre en place les&nbsp;actions de riposte d\u00e9mocratique devenues indispensables\u2019\u2019.<\/p>\n\n\n\n<p>Mouhamadou Bamba Ciss\u00e9 va pr\u00e9sider, jeudi 30 avril, une r\u00e9union des leaders des partis politiques l\u00e9galement constitu\u00e9s.<\/p>\n\n\n\n<p>Il s\u2019agira d\u2019\u2018\u2019une prise de contact\u2019\u2019 avec les leaders politiques d\u2019un \u2018\u2019partage d\u2019informations relatives au processus \u00e9lectoral\u2019\u2019, selon un communiqu\u00e9 de M. Ciss\u00e9.<\/p>\n\n\n\n<p>ESF\/MTN<\/p>\n","protected":false},"excerpt":{"rendered":"<p>Dakar, (APS) \u2013 Le Front pour la d\u00e9fense de la d\u00e9mocratie et de la R\u00e9publique (FDR, opposition) a d\u00e9cid\u00e9 de<\/p>\n","protected":false},"author":1,"featured_media":71512,"comment_status":"open","ping_status":"open","sticky":false,"template":"","format":"standard","meta":{"footnotes":""},"categories":[6],"tags":[],"class_list":["post-71511","post","type-post","status-publish","format-standard","has-post-thumbnail","hentry","category-politics"],"_links":{"self":[{"href":"https:\/\/dekkbi.com\/index.php?rest_route=\/wp\/v2\/posts\/71511","targetHints":{"allow":["GET"]}}],"collection":[{"href":"https:\/\/dekkbi.com\/index.php?rest_route=\/wp\/v2\/posts"}],"about":[{"href":"https:\/\/dekkbi.com\/index.php?rest_route=\/wp\/v2\/types\/post"}],"author":[{"embeddable":true,"href":"https:\/\/dekkbi.com\/index.php?rest_route=\/wp\/v2\/users\/1"}],"replies":[{"embeddable":true,"href":"https:\/\/dekkbi.com\/index.php?rest_route=%2Fwp%2Fv2%2Fcomments&post=71511"}],"version-history":[{"count":1,"href":"https:\/\/dekkbi.com\/index.php?rest_route=\/wp\/v2\/posts\/71511\/revisions"}],"predecessor-version":[{"id":71513,"href":"https:\/\/dekkbi.com\/index.php?rest_route=\/wp\/v2\/posts\/71511\/revisions\/71513"}],"wp:featuredmedia":[{"embeddable":true,"href":"https:\/\/dekkbi.com\/index.php?rest_route=\/wp\/v2\/media\/71512"}],"wp:attachment":[{"href":"https:\/\/dekkbi.com\/index.php?rest_route=%2Fwp%2Fv2%2Fmedia&parent=71511"}],"wp:term":[{"taxonomy":"category","embeddable":true,"href":"https:\/\/dekkbi.com\/index.php?rest_route=%2Fwp%2Fv2%2Fcategories&post=71511"},{"taxonomy":"post_tag","embeddable":true,"href":"https:\/\/dekkbi.com\/index.php?rest_route=%2Fwp%2Fv2%2Ftags&post=71511"}],"curies":[{"name":"wp","href":"https:\/\/api.w.org\/{rel}","templated":true}]}}