{"id":71491,"date":"2026-04-27T12:31:16","date_gmt":"2026-04-27T12:31:16","guid":{"rendered":"https:\/\/dekkbi.com\/?p=71491"},"modified":"2026-04-27T13:06:06","modified_gmt":"2026-04-27T13:06:06","slug":"israel-le-president-herzog-privilegie-la-mediation-a-la-grace-pour-netanyahu-de-retour-face-a-la-justice","status":"publish","type":"post","link":"https:\/\/dekkbi.com\/?p=71491","title":{"rendered":"Isra\u00ebl: le pr\u00e9sident Herzog privil\u00e9gie la m\u00e9diation \u00e0 la gr\u00e2ce pour Netanyahu"},"content":{"rendered":"\n<p>C&rsquo;est un dossier br\u00fblant qui place la pr\u00e9sidence isra\u00e9lienne sur une ligne de cr\u00eate. Benyamin Netanyahu doit faire face \u00e0 ses juges, lundi 27 avril, dans le cadre de son proc\u00e8s pour fraude, abus de confiance et corruption. Le pr\u00e9sident Isaac Herzog, lui, se retrouve au c\u0153ur d&rsquo;une intense bataille politique. Certains l&rsquo;incitent \u00e0 accorder une gr\u00e2ce pr\u00e9sidentielle au Premier ministre. Mais le\u00a0chef de l&rsquo;\u00c9tat tente d&rsquo;imposer sa propre partition. Il serait plus enclin \u00e0 un compromis.Par :<a href=\"https:\/\/www.rfi.fr\/fr\/auteur\/rfi\/\">RFI<\/a><\/p>\n\n\n\n<p><em>Avec \u00a0<strong>Michel Paul<\/strong><\/em> <em>correspondant RFI \u00e0 J\u00e9rusalem<\/em>,<\/p>\n\n\n\n<p>Que va d\u00e9cider\u00a0<strong>Isaac Herzog<\/strong>\u00a0? Ses soutiens locaux le pressent d&rsquo;accorder une gr\u00e2ce pr\u00e9sidentielle \u00e0 Benyamin Netanyahu, emp\u00eatr\u00e9 dans des affaires judiciaires.\u00a0<strong>Donald Trump<\/strong>, le pr\u00e9sident am\u00e9ricain et grand alli\u00e9 d&rsquo;<strong>Isra\u00ebl<\/strong>, n&rsquo;h\u00e9site, lui, pas \u00e0 demander directement que le Premier ministre puisse b\u00e9n\u00e9ficier d&rsquo;une telle gr\u00e2ce.<\/p>\n\n\n\n<p>Mais alors que le chef du gouvernement est attendu ce 27 avril \u00e0 la barre \u2013\u00a0une premi\u00e8re depuis le d\u00e9but de la\u00a0<strong>guerre avec l&rsquo;Iran<\/strong>\u00a0\u2013 pour t\u00e9moigner dans son proc\u00e8s pour fraude, abus de confiance et corruption, la pr\u00e9sidence isra\u00e9lienne confirme qu&rsquo;aucune d\u00e9cision imm\u00e9diate ne sera prise sur une \u00e9ventuelle gr\u00e2ce.<\/p>\n\n\n\n<p>Isaac Herzog tente d&rsquo;imposer sa propre ligne. Sa strat\u00e9gie\u00a0consiste \u00e0 privil\u00e9gier un compromis n\u00e9goci\u00e9 plut\u00f4t qu&rsquo;une d\u00e9cision de gr\u00e2ce qui risquerait de diviser davantage le pays. Le pr\u00e9sident va donc forcer le destin.\u00a0Dans les prochains jours, il doit appeler officiellement les avocats de\u00a0<strong>Benyamin Netanyahu<\/strong>\u00a0et la procureure g\u00e9n\u00e9rale \u00e0 engager une m\u00e9diation intensive. Cette voie est, selon lui, la seule \u00ab\u00a0<em>juste<\/em>\u00a0\u00bb pour refermer une crise ouverte depuis sept ans.<\/p>\n\n\n\n<p>De son c\u00f4t\u00e9, la\u00a0<strong>justice<\/strong>\u00a0rappelle que le Premier ministre, qui n&rsquo;a pas \u00e9t\u00e9 condamn\u00e9, ne remplit pas les crit\u00e8res l\u00e9gaux pour b\u00e9n\u00e9ficier d&rsquo;une gr\u00e2ce. En poussant vers un accord de plaider-coupable en dehors des tribunaux, le pr\u00e9sident cherche \u00e0 \u00e9viter un affrontement direct avec la Cour supr\u00eame.<\/p>\n\n\n\n<p>Isaac Herzog peut d\u00e9sormais s&rsquo;attendre \u00e0 une nouvelle vague de pressions, notamment en provenance de la\u00a0<strong>Maison Blanche<\/strong>. Dans l&rsquo;attente des prochaines \u00e9lections l\u00e9gislatives pr\u00e9vues en octobre 2026, il fait le pari de la n\u00e9gociation plut\u00f4t que celui d&rsquo;une absolution imm\u00e9diate.<\/p>\n","protected":false},"excerpt":{"rendered":"<p>C&rsquo;est un dossier br\u00fblant qui place la pr\u00e9sidence isra\u00e9lienne sur une ligne de cr\u00eate. Benyamin Netanyahu doit faire face \u00e0<\/p>\n","protected":false},"author":1,"featured_media":71492,"comment_status":"open","ping_status":"open","sticky":false,"template":"","format":"standard","meta":{"footnotes":""},"categories":[51],"tags":[],"class_list":["post-71491","post","type-post","status-publish","format-standard","has-post-thumbnail","hentry","category-general"],"_links":{"self":[{"href":"https:\/\/dekkbi.com\/index.php?rest_route=\/wp\/v2\/posts\/71491","targetHints":{"allow":["GET"]}}],"collection":[{"href":"https:\/\/dekkbi.com\/index.php?rest_route=\/wp\/v2\/posts"}],"about":[{"href":"https:\/\/dekkbi.com\/index.php?rest_route=\/wp\/v2\/types\/post"}],"author":[{"embeddable":true,"href":"https:\/\/dekkbi.com\/index.php?rest_route=\/wp\/v2\/users\/1"}],"replies":[{"embeddable":true,"href":"https:\/\/dekkbi.com\/index.php?rest_route=%2Fwp%2Fv2%2Fcomments&post=71491"}],"version-history":[{"count":2,"href":"https:\/\/dekkbi.com\/index.php?rest_route=\/wp\/v2\/posts\/71491\/revisions"}],"predecessor-version":[{"id":71499,"href":"https:\/\/dekkbi.com\/index.php?rest_route=\/wp\/v2\/posts\/71491\/revisions\/71499"}],"wp:featuredmedia":[{"embeddable":true,"href":"https:\/\/dekkbi.com\/index.php?rest_route=\/wp\/v2\/media\/71492"}],"wp:attachment":[{"href":"https:\/\/dekkbi.com\/index.php?rest_route=%2Fwp%2Fv2%2Fmedia&parent=71491"}],"wp:term":[{"taxonomy":"category","embeddable":true,"href":"https:\/\/dekkbi.com\/index.php?rest_route=%2Fwp%2Fv2%2Fcategories&post=71491"},{"taxonomy":"post_tag","embeddable":true,"href":"https:\/\/dekkbi.com\/index.php?rest_route=%2Fwp%2Fv2%2Ftags&post=71491"}],"curies":[{"name":"wp","href":"https:\/\/api.w.org\/{rel}","templated":true}]}}