{"id":71474,"date":"2026-04-27T11:37:55","date_gmt":"2026-04-27T11:37:55","guid":{"rendered":"https:\/\/dekkbi.com\/?p=71474"},"modified":"2026-04-27T11:37:55","modified_gmt":"2026-04-27T11:37:55","slug":"medina-gounass-construction-dune-residence-pour-le-khalife-la-promesse-de-diomaye-au-daaka","status":"publish","type":"post","link":"https:\/\/dekkbi.com\/?p=71474","title":{"rendered":"M\u00e8dina Gounass \u2013 Construction d\u2019une r\u00e9sidence pour le khalife : La promesse de Diomaye au Daaka"},"content":{"rendered":"\n<p><strong>Le pr\u00e9sident de la R\u00e9publique Bassirou Diomaye Faye a boucl\u00e9 son p\u00e9riple de 3 jours au Fouladou par une immersion dans la vie spirituelle du Daaka de M\u00e9dina Gounass. Samedi pass\u00e9, assis devant le Khalife g\u00e9n\u00e9ral de la localit\u00e9, le chef de l\u2019Etat a promis de mettre la main \u00e0 la poche pour parachever le projet de construction de la r\u00e9sidence du khalife sur le site du Daaka.<\/strong><\/p>\n\n\n\n<p>Par Abdoulaye KAMARA&nbsp; \u2013&nbsp;C\u2019est sous une forte chaleur que le chef de l\u2019Etat a foul\u00e9 le sol du Daaka de M\u00e9dina Gounass, samedi, en compagnie d\u2019une forte d\u00e9l\u00e9gation compos\u00e9e d\u2019une demi-douzaine de ministres, en plus des autorit\u00e9s administratives de la r\u00e9gion de Kolda. Le thermom\u00e8tre qui affichait pr\u00e8s de 40 degr\u00e9s apr\u00e8s 14 heures, n\u2019a pas suffi \u00e0 vaincre l\u2019humilit\u00e9 et le calme du chef de l\u2019Etat, qui a pass\u00e9 pr\u00e8s de 3 heures d\u2019horloge aupr\u00e8s du khalife Thierno Amadou Tidiane B\u00e2 et des centaines de milliers de p\u00e8lerins qui, pour la plupart, sont l\u00e0 depuis une semaine. Le Pr\u00e9sident Diomaye Faye et sa d\u00e9l\u00e9gation y ont fait l\u2019office des pri\u00e8res de 14 heures et 17 heures. Apr\u00e8s quoi, dans son discours, son Excellence a tenu cette promesse&nbsp;:&nbsp;\u00abdans les plus brefs d\u00e9lais, nous allons apporter notre contribution pour la construction de la R\u00e9sidence de Thierno, qui est un projet qui tient \u00e0 c\u0153ur le Dental\u00bb, a-t-il dit fermement. Il a d\u00e9clar\u00e9 le faire et \u00eatre pr\u00e9sent en ces lieux en sa triple qualit\u00e9 de pr\u00e9sident de la R\u00e9publique du S\u00e9n\u00e9gal, de fils, mais aussi de disciple qui a une forte estime pour le khalife et sa famille.<\/p>\n\n\n\n<p>Le projet de construction dudit site date de l\u2019\u00e9poque du premier khalife et initiateur du Daaka, Thierno Mahamadou Sa\u00efd B\u00e2, qui l\u2019a baptis\u00e9 \u00abDarou Tafassihi\u00bb, qui est d\u2019ailleurs mat\u00e9rialis\u00e9 par une cl\u00f4ture r\u00e9alis\u00e9e par le Dental Daaka, \u00e0 l\u2019entr\u00e9e sud-ouest de cet espace grande de 510 ha. Poursuivant son speech, le chef de l\u2019Etat a sollicit\u00e9 les pri\u00e8res du khalife pour un S\u00e9n\u00e9gal de paix, stable et prosp\u00e8re, non sans prier, \u00e0 son tour, pour une bonne sant\u00e9 et une long\u00e9vit\u00e9 du khalife.<\/p>\n\n\n\n<p>En r\u00e9ponse, le v\u00e9n\u00e9r\u00e9 Thierno Ibn Omar B\u00e2, jeune fr\u00e8re du khalife, par ailleurs porte-parole de la famille, s\u2019est r\u00e9joui de la pr\u00e9sence au Daaka du chef de l\u2019Etat, qu\u2019il a qualifi\u00e9e de marque de consid\u00e9ration pour le khalife et pour tous les disciples. Il a remerci\u00e9 tous les services de l\u2019Etat qui se sont impliqu\u00e9s pour mettre \u00e0 l\u2019aise les p\u00e8lerins et le comit\u00e9 d\u2019organisation en termes de s\u00e9curit\u00e9, de sant\u00e9, d\u2019acc\u00e8s \u00e0 l\u2019eau, \u00e0 l\u2019\u00e9lectricit\u00e9 et \u00e0 la t\u00e9l\u00e9phonie. Et puis de se f\u00e9liciter que le S\u00e9n\u00e9gal ait un gouvernement qui se fait un devoir d\u2019\u00eatre aux c\u00f4t\u00e9s de tous les foyers religieux pour chacune de leurs manifestations, malgr\u00e9 leur fr\u00e9quence et leur nombre important.<\/p>\n\n\n\n<p>C\u2019est aujourd\u2019hui, lundi, que la retraite spirituelle de la famille B\u00e2 de M\u00e9dina Gounass ou Daaka va prendre fin. Elle a d\u00e9marr\u00e9 le 18 avril courant et a constitu\u00e9 en la recommandation pour les p\u00e8lerins de s\u2019organiser, chaque jour, pour \u00eatre pr\u00e9sents \u00e0 toutes les 5 pri\u00e8res en commun, de se donner la peine de faire beaucoup de pri\u00e8res sur\u00e9rogatoires, beaucoup d\u2019invocations et de lecture du Saint Coran.<\/p>\n\n\n\n<p><strong>L\u2019Etat r\u00e9affirme son soutien ind\u00e9fectible aux foyers religieux<\/strong><\/p>\n\n\n\n<p>En visite \u00e0 M\u00e9dina Gounass pour la c\u00e9r\u00e9monie officielle de la retraite spirituelle annuelle du Daaka, le ministre de l\u2019Int\u00e9rieur, Mouhamadou Bamba Ciss\u00e9, a soulign\u00e9 la volont\u00e9 du gouvernement d\u2019accompagner les communaut\u00e9s religieuses dans leur mission \u00e9ducative. Entre bilan s\u00e9curitaire satisfaisant et pri\u00e8res pour la Nation, l\u2019\u00e9dition 2026 marque un nouveau jalon dans la coop\u00e9ration entre l\u2019Etat et les foyers religieux.<\/p>\n\n\n\n<p>La ferveur \u00e9tait au rendez-vous ce dimanche, dans le Sud du pays. A la t\u00eate d\u2019une importante d\u00e9l\u00e9gation gouvernementale, le ministre de l\u2019Int\u00e9rieur et de la s\u00e9curit\u00e9 publique, Mouhamadou Bamba Ciss\u00e9, a pris part \u00e0 la c\u00e9r\u00e9monie officielle du Daaka 2026. S\u2019exprimant en wolof pour marquer sa proximit\u00e9 avec les fid\u00e8les, le ministre a d\u00e9livr\u00e9 un message de gratitude et de soutien au nom du chef de l\u2019Etat.<\/p>\n\n\n\n<p>Pour le gouvernement, la r\u00e9ussite de cet \u00e9v\u00e9nement, qui rassemble des milliers de p\u00e8lerins pour dix jours de pri\u00e8res et de recueillement, \u00e9tait une priorit\u00e9 absolue. \u00abLe pr\u00e9sident de la R\u00e9publique m\u2019avait instruit de veiller personnellement \u00e0 l\u2019organisation pour garantir une r\u00e9ussite totale\u00bb, a r\u00e9v\u00e9l\u00e9 Mouhamadou Bamba Ciss\u00e9. Gr\u00e2ce \u00e0 une coordination permanente entre les diff\u00e9rents services de l\u2019Etat, le ministre a pu se f\u00e9liciter d\u2019un d\u00e9roulement sans incident majeur. \u00abAlhamdoulilah, je pense que tout s\u2019est d\u00e9roul\u00e9 selon les r\u00e8gles\u00bb, a-t-il affirm\u00e9, en pr\u00e9sence du D\u00e9l\u00e9gu\u00e9 g\u00e9n\u00e9ral aux affaires religieuses, Djim Ousmane Dram\u00e9.<\/p>\n\n\n\n<p><strong>Le Daaka, un pilier national<\/strong><\/p>\n\n\n\n<p>Le ministre a insist\u00e9 sur l\u2019importance capitale que rev\u00eat le Daaka pour les autorit\u00e9s s\u00e9n\u00e9galaises, le qualifiant de l\u2019un des \u00e9v\u00e9nements religieux les plus significatifs du pays. Au-del\u00e0 de l\u2019aspect spirituel, l\u2019Etat s\u2019engage \u00e0 soutenir la mission d\u2019\u00e9ducation et d\u2019enseignement port\u00e9e par les foyers religieux.<br>Transmettant les remerciements du chef du gouvernement, le ministre a sollicit\u00e9 les pri\u00e8res du Khalife g\u00e9n\u00e9ral, Thierno Amadou Tidiane Ba, pour la r\u00e9alisation des \u00abnobles ambitions\u00bb de l\u2019Ex\u00e9cutif et pour une prosp\u00e9rit\u00e9 durable au S\u00e9n\u00e9gal. Alors que la cl\u00f4ture de la retraite spirituelle est pr\u00e9vue ce lundi, Mouhamadou Bamba Ciss\u00e9 n\u2019a pas manqu\u00e9 de sensibiliser les participants sur les risques li\u00e9s au voyage. Il a ainsi invit\u00e9 les chauffeurs \u00e0 la plus grande prudence sur les routes pour assurer un retour des p\u00e8lerins en toute s\u00e9curit\u00e9.<\/p>\n\n\n\n<p>En r\u00e9ponse, le porte-parole du khalife, Thierno Ibnou Oumar Ba, a exprim\u00e9 la profonde gratitude de la communaut\u00e9. Il a soulign\u00e9 que la visite du pr\u00e9sident de la R\u00e9publique, effectu\u00e9e le samedi, a \u00e9t\u00e9 v\u00e9cue comme un \u00abgrand honneur\u00bb. La c\u00e9r\u00e9monie s\u2019est conclue par des pri\u00e8res ferventes formul\u00e9es par le guide religieux pour la paix, la coh\u00e9sion sociale et la r\u00e9ussite des autorit\u00e9s \u00e0 la t\u00eate du pays.<\/p>\n\n\n\n<p><strong>akamara@lequotidien.sn<\/strong><\/p>\n\n\n\n<p><\/p>\n","protected":false},"excerpt":{"rendered":"<p>Le pr\u00e9sident de la R\u00e9publique Bassirou Diomaye Faye a boucl\u00e9 son p\u00e9riple de 3 jours au Fouladou par une immersion<\/p>\n","protected":false},"author":1,"featured_media":71475,"comment_status":"open","ping_status":"open","sticky":false,"template":"","format":"standard","meta":{"footnotes":""},"categories":[21],"tags":[],"class_list":["post-71474","post","type-post","status-publish","format-standard","has-post-thumbnail","hentry","category-societe"],"_links":{"self":[{"href":"https:\/\/dekkbi.com\/index.php?rest_route=\/wp\/v2\/posts\/71474","targetHints":{"allow":["GET"]}}],"collection":[{"href":"https:\/\/dekkbi.com\/index.php?rest_route=\/wp\/v2\/posts"}],"about":[{"href":"https:\/\/dekkbi.com\/index.php?rest_route=\/wp\/v2\/types\/post"}],"author":[{"embeddable":true,"href":"https:\/\/dekkbi.com\/index.php?rest_route=\/wp\/v2\/users\/1"}],"replies":[{"embeddable":true,"href":"https:\/\/dekkbi.com\/index.php?rest_route=%2Fwp%2Fv2%2Fcomments&post=71474"}],"version-history":[{"count":1,"href":"https:\/\/dekkbi.com\/index.php?rest_route=\/wp\/v2\/posts\/71474\/revisions"}],"predecessor-version":[{"id":71476,"href":"https:\/\/dekkbi.com\/index.php?rest_route=\/wp\/v2\/posts\/71474\/revisions\/71476"}],"wp:featuredmedia":[{"embeddable":true,"href":"https:\/\/dekkbi.com\/index.php?rest_route=\/wp\/v2\/media\/71475"}],"wp:attachment":[{"href":"https:\/\/dekkbi.com\/index.php?rest_route=%2Fwp%2Fv2%2Fmedia&parent=71474"}],"wp:term":[{"taxonomy":"category","embeddable":true,"href":"https:\/\/dekkbi.com\/index.php?rest_route=%2Fwp%2Fv2%2Fcategories&post=71474"},{"taxonomy":"post_tag","embeddable":true,"href":"https:\/\/dekkbi.com\/index.php?rest_route=%2Fwp%2Fv2%2Ftags&post=71474"}],"curies":[{"name":"wp","href":"https:\/\/api.w.org\/{rel}","templated":true}]}}