{"id":71471,"date":"2026-04-27T11:33:52","date_gmt":"2026-04-27T11:33:52","guid":{"rendered":"https:\/\/dekkbi.com\/?p=71471"},"modified":"2026-04-27T11:33:53","modified_gmt":"2026-04-27T11:33:53","slug":"blaspheme-reseaux-sociaux-et-colere-des-fideles-laffaire-masseck-sarr-ismaila-diallo-prend-une-tournure-explosive","status":"publish","type":"post","link":"https:\/\/dekkbi.com\/?p=71471","title":{"rendered":"Blasph\u00e8me, r\u00e9seaux sociaux et col\u00e8re des fid\u00e8les : l\u2019affaire Masseck Sarr\u2013Ismaila Diallo prend une tournure explosive"},"content":{"rendered":"\n<p>\u00c0 Saint-Louis, une affaire sensible m\u00ealant religion, r\u00e9seaux sociaux et justice est en train de prendre une ampleur inattendue. Selon les r\u00e9v\u00e9lations du quotidien\u00a0Lib\u00e9ration, le dossier impliquant Masseck Sarr et Ismaila Diallo s\u2019enfonce dans une spirale judiciaire complexe, sur fond d\u2019accusations graves et de tensions religieuses latentes.<br>\u00a0<br><strong>Une proc\u00e9dure judiciaire aux ramifications multiples<\/strong><br>\u00a0<br>Tout est parti d\u2019un r\u00e9quisitoire introductif du parquet de Saint-Louis visant non seulement les deux hommes, mais \u00e9galement X, ouvrant ainsi la voie \u00e0 une information judiciaire plus large. D\u00e9j\u00e0 incarc\u00e9r\u00e9, Masseck Sarr a \u00e9t\u00e9 rejoint dans la tourmente par Ismaila Diallo (58 ans), agent des Imp\u00f4ts et Domaines, interpell\u00e9 puis plac\u00e9 en garde \u00e0 vue vendredi par la Brigade de recherches.<br>\u00a0<br>Les chefs d\u2019accusation sont lourds : association de malfaiteurs, diffusion de fausses nouvelles, injures via support informatique, outrage \u00e0 des minist\u00e8res de culte, diffamation envers la m\u00e9moire des morts. Une liste qui traduit, selon\u00a0<em>Lib\u00e9ration<\/em>, la gravit\u00e9 des faits reproch\u00e9s.<br>\u00a0<br><strong>Des propos jug\u00e9s offensants envers des figures religieuses majeures<\/strong><br>\u00a0<br>Au c\u0153ur de l\u2019affaire, des propos jug\u00e9s blasph\u00e9matoires tenus sur les r\u00e9seaux sociaux, notamment lors de lives et publications. Les plaignants \u2013 issus de diff\u00e9rentes confr\u00e9ries et groupes de descendants de marabouts \u2013 accusent les mis en cause d\u2019avoir port\u00e9 atteinte \u00e0 l\u2019honneur de figures embl\u00e9matiques de l\u2019islam s\u00e9n\u00e9galais, notamment\u00a0Cheikh Ahmadou Bamba\u00a0et\u00a0Cheikh Ibrahima Niasse, plus connu sous le nom de Baye Niasse.<br>\u00a0<br>Selon les m\u00eames sources, Masseck Sarr aurait \u00e9galement tenu des propos visant les fondateurs des confr\u00e9ries mouride et layenne.<br>\u00a0<br><strong>Ligne de d\u00e9fense : \u201cmontages vid\u00e9os\u201d et d\u00e9n\u00e9gations<\/strong><br>\u00a0<br>Face aux accusations, les deux hommes ont adopt\u00e9 une strat\u00e9gie similaire. Lors de leurs auditions respectives, ils ont ni\u00e9 les faits, \u00e9voquant des vid\u00e9os manipul\u00e9es ou sorties de leur contexte. Ismaila Diallo a ainsi affirm\u00e9 qu\u2019il n\u2019\u00e9tait pas l\u2019auteur des propos incrimin\u00e9s, tandis que Masseck Sarr a soutenu que ses d\u00e9clarations avaient \u00e9t\u00e9 tronqu\u00e9es pour en alt\u00e9rer le sens.<br>\u00a0<br><strong>Une nouvelle plainte qui relance tout<\/strong><br>\u00a0<br>Alors que les deux pr\u00e9venus devaient compara\u00eetre prochainement \u2013 le 11 mai 2026 pour Ismaila Diallo et le 8 juin 2026 pour Masseck Sarr \u2013 un nouveau rebondissement est venu compliquer la situation.<br>\u00a0<br>Le 12 avril 2026, une nouvelle plainte a \u00e9t\u00e9 d\u00e9pos\u00e9e par un groupe de petits-fils de marabouts, accompagn\u00e9e d\u2019une vid\u00e9o suppl\u00e9mentaire jug\u00e9e offensante envers le fondateur du mouridisme. Dans cette plainte, Serigne Fallou Mourtada Mback\u00e9 alerte sur la persistance des propos incrimin\u00e9s sur TikTok et met en garde contre une mont\u00e9e de la col\u00e8re chez les fid\u00e8les, \u00e9voquant m\u00eame des risques de repr\u00e9sailles.<br>\u00a0<br><strong>Des aveux partiels et une arrestation tardive<\/strong><br>\u00a0<br>Entendu par les enqu\u00eateurs, Masseck Sarr a reconnu une partie des faits, tout en niant les injures visant sp\u00e9cifiquement le fondateur du mouridisme. Il a \u00e9galement sollicit\u00e9 la cl\u00e9mence, tout en confirmant la participation active d\u2019Ismaila Diallo dans les d\u00e9bats en ligne.<br>\u00a0<br>Ce dernier, qui avait ignor\u00e9 une pr\u00e9c\u00e9dente convocation, a finalement \u00e9t\u00e9 interpell\u00e9 vendredi. Une arrestation qui pourrait marquer un tournant d\u00e9cisif dans l\u2019enqu\u00eate.<\/p>\n","protected":false},"excerpt":{"rendered":"<p>\u00c0 Saint-Louis, une affaire sensible m\u00ealant religion, r\u00e9seaux sociaux et justice est en train de prendre une ampleur inattendue. Selon<\/p>\n","protected":false},"author":1,"featured_media":71472,"comment_status":"open","ping_status":"open","sticky":false,"template":"","format":"standard","meta":{"footnotes":""},"categories":[26],"tags":[],"class_list":["post-71471","post","type-post","status-publish","format-standard","has-post-thumbnail","hentry","category-fait-divers"],"_links":{"self":[{"href":"https:\/\/dekkbi.com\/index.php?rest_route=\/wp\/v2\/posts\/71471","targetHints":{"allow":["GET"]}}],"collection":[{"href":"https:\/\/dekkbi.com\/index.php?rest_route=\/wp\/v2\/posts"}],"about":[{"href":"https:\/\/dekkbi.com\/index.php?rest_route=\/wp\/v2\/types\/post"}],"author":[{"embeddable":true,"href":"https:\/\/dekkbi.com\/index.php?rest_route=\/wp\/v2\/users\/1"}],"replies":[{"embeddable":true,"href":"https:\/\/dekkbi.com\/index.php?rest_route=%2Fwp%2Fv2%2Fcomments&post=71471"}],"version-history":[{"count":1,"href":"https:\/\/dekkbi.com\/index.php?rest_route=\/wp\/v2\/posts\/71471\/revisions"}],"predecessor-version":[{"id":71473,"href":"https:\/\/dekkbi.com\/index.php?rest_route=\/wp\/v2\/posts\/71471\/revisions\/71473"}],"wp:featuredmedia":[{"embeddable":true,"href":"https:\/\/dekkbi.com\/index.php?rest_route=\/wp\/v2\/media\/71472"}],"wp:attachment":[{"href":"https:\/\/dekkbi.com\/index.php?rest_route=%2Fwp%2Fv2%2Fmedia&parent=71471"}],"wp:term":[{"taxonomy":"category","embeddable":true,"href":"https:\/\/dekkbi.com\/index.php?rest_route=%2Fwp%2Fv2%2Fcategories&post=71471"},{"taxonomy":"post_tag","embeddable":true,"href":"https:\/\/dekkbi.com\/index.php?rest_route=%2Fwp%2Fv2%2Ftags&post=71471"}],"curies":[{"name":"wp","href":"https:\/\/api.w.org\/{rel}","templated":true}]}}