{"id":71468,"date":"2026-04-27T11:26:55","date_gmt":"2026-04-27T11:26:55","guid":{"rendered":"https:\/\/dekkbi.com\/?p=71468"},"modified":"2026-04-27T11:26:56","modified_gmt":"2026-04-27T11:26:56","slug":"affaire-pape-cheikh-diallo-la-br-de-keur-massar-franchit-la-barre-des-80-arrestations","status":"publish","type":"post","link":"https:\/\/dekkbi.com\/?p=71468","title":{"rendered":"Affaire Pape Cheikh Diallo : la BR de Keur Massar franchit la barre des 80 arrestations"},"content":{"rendered":"\n<p>Trois nouveaux suspects ont \u00e9t\u00e9 interpell\u00e9s ce samedi dans le cadre de l\u2019affaire Pape Cheikh Diallo, portant \u00e0 plus de 80 le nombre total d\u2019arrestations men\u00e9es par la Brigade de Recherches de Keur Massar.<\/p>\n\n\n\n<p>L\u2019enqu\u00eate autour de l\u2019affaire Pape Cheikh Diallo continue de prendre de l\u2019ampleur. La Brigade de Recherches de la compagnie de gendarmerie de Keur Massar a franchi un cap symbolique en d\u00e9passant les 80 arrestations.<\/p>\n\n\n\n<p>Ce samedi 25 avril 2026, trois nouveaux individus ont \u00e9t\u00e9 interpell\u00e9s lors d\u2019une op\u00e9ration men\u00e9e par des gendarmes en civil, circulant \u00e0 bord d\u2019un v\u00e9hicule banalis\u00e9. Cette intervention s\u2019inscrit dans le cadre de l\u2019ex\u00e9cution d\u2019une d\u00e9l\u00e9gation judiciaire \u00e9mise par le juge d\u2019instruction du premier cabinet pr\u00e8s le Tribunal de Grande Instance de Pikine-Gu\u00e9diawaye.<\/p>\n\n\n\n<p>Selon les \u00e9l\u00e9ments de l\u2019enqu\u00eate, les personnes arr\u00eat\u00e9es seraient impliqu\u00e9es dans le r\u00e9seau vis\u00e9 par les investigations. Apr\u00e8s leur interpellation, elles ont \u00e9t\u00e9 plac\u00e9es en garde \u00e0 vue, sur instruction du magistrat en charge du dossier.<\/p>\n\n\n\n<p>Le procureur de la R\u00e9publique, Saliou Dicko, a \u00e9t\u00e9 inform\u00e9 de l\u2019\u00e9volution de la proc\u00e9dure.<\/p>\n\n\n\n<p><\/p>\n\n\n\n<p>D\u2019apr\u00e8s les informations disponibles, les derniers suspects interpell\u00e9s ne sont pas des personnalit\u00e9s publiques. L\u2019enqu\u00eate se poursuit afin d\u2019identifier d\u2019\u00e9ventuels autres protagonistes et de faire toute la lumi\u00e8re sur cette affaire.<\/p>\n\n\n\n<p>LERAL NET<\/p>\n\n\n\n<p><\/p>\n","protected":false},"excerpt":{"rendered":"<p>Trois nouveaux suspects ont \u00e9t\u00e9 interpell\u00e9s ce samedi dans le cadre de l\u2019affaire Pape Cheikh Diallo, portant \u00e0 plus de<\/p>\n","protected":false},"author":1,"featured_media":71469,"comment_status":"open","ping_status":"open","sticky":false,"template":"","format":"standard","meta":{"footnotes":""},"categories":[26],"tags":[],"class_list":["post-71468","post","type-post","status-publish","format-standard","has-post-thumbnail","hentry","category-fait-divers"],"_links":{"self":[{"href":"https:\/\/dekkbi.com\/index.php?rest_route=\/wp\/v2\/posts\/71468","targetHints":{"allow":["GET"]}}],"collection":[{"href":"https:\/\/dekkbi.com\/index.php?rest_route=\/wp\/v2\/posts"}],"about":[{"href":"https:\/\/dekkbi.com\/index.php?rest_route=\/wp\/v2\/types\/post"}],"author":[{"embeddable":true,"href":"https:\/\/dekkbi.com\/index.php?rest_route=\/wp\/v2\/users\/1"}],"replies":[{"embeddable":true,"href":"https:\/\/dekkbi.com\/index.php?rest_route=%2Fwp%2Fv2%2Fcomments&post=71468"}],"version-history":[{"count":1,"href":"https:\/\/dekkbi.com\/index.php?rest_route=\/wp\/v2\/posts\/71468\/revisions"}],"predecessor-version":[{"id":71470,"href":"https:\/\/dekkbi.com\/index.php?rest_route=\/wp\/v2\/posts\/71468\/revisions\/71470"}],"wp:featuredmedia":[{"embeddable":true,"href":"https:\/\/dekkbi.com\/index.php?rest_route=\/wp\/v2\/media\/71469"}],"wp:attachment":[{"href":"https:\/\/dekkbi.com\/index.php?rest_route=%2Fwp%2Fv2%2Fmedia&parent=71468"}],"wp:term":[{"taxonomy":"category","embeddable":true,"href":"https:\/\/dekkbi.com\/index.php?rest_route=%2Fwp%2Fv2%2Fcategories&post=71468"},{"taxonomy":"post_tag","embeddable":true,"href":"https:\/\/dekkbi.com\/index.php?rest_route=%2Fwp%2Fv2%2Ftags&post=71468"}],"curies":[{"name":"wp","href":"https:\/\/api.w.org\/{rel}","templated":true}]}}