{"id":71465,"date":"2026-04-27T11:22:27","date_gmt":"2026-04-27T11:22:27","guid":{"rendered":"https:\/\/dekkbi.com\/?p=71465"},"modified":"2026-04-27T11:22:27","modified_gmt":"2026-04-27T11:22:27","slug":"taniere-mendy-champion-dasie-chef-doeuvre-de-lamine-camara-jackson-buteur-les-lions-rayonnent-avant-le-mondial","status":"publish","type":"post","link":"https:\/\/dekkbi.com\/?p=71465","title":{"rendered":"Tani\u00e8re \u2013 Mendy champion d\u2019Asie, chef-d\u2019\u0153uvre de Lamine Camara, Jackson buteur\u2026 : Les Lions rayonnent avant le Mondial"},"content":{"rendered":"\n<p><strong>A moins de deux mois du Mondial 2026 aux Etats-Unis, au Canada et au Mexique, les internationaux s\u00e9n\u00e9galais continuent de briller sur les pelouses europ\u00e9ennes, mais aussi en Arabie saoudite. Un titre de champion d\u2019Asie pour Edouard Mendy, le chef-d\u2019\u0153uvre de Lamine Camara ou encore le 10e but de Nicolas Jackson. Une bonne nouvelle pour le s\u00e9lectionneur Pape Thiaw, qui devra publier la liste des joueurs retenus pour le Mondial fin mai.&nbsp;<\/strong><\/p>\n\n\n\n<p>Par Woury DIALLO \u2013\u00a0La performance du week-end restera certainement le titre remport\u00e9 par le gardien de l\u2019Equipe nationale, Edouard Mendy, avec Al-Ahli Sc en Ligue des Champions d\u2019Asie, apr\u00e8s une victoire en prolongations (1-0) face \u00e0 Machida Zelvia, samedi \u00e0 Djeddah, en Arabie saoudite.<br>Les deux \u00e9quipes \u00e9taient \u00e0 \u00e9galit\u00e9 (0-0) \u00e0 l\u2019issue du temps r\u00e9glementaire. Al-Ahli Sc a \u00e9volu\u00e9 \u00e0 dix \u00e0 partir de la 68e minute, suite \u00e0 l\u2019expulsion de Zakaria Al Hawsawi. L\u2019unique but de la rencontre est inscrit par Firas Al Bouraikan. Le club saoudien remporte ainsi sa deuxi\u00e8me Ligue des Cham\u00adpions d\u2019Asie cons\u00e9cutive.<br>Titulaire lors de la finale, Edouard Mendy portait \u00e9galement le brassard de capitaine. Le champion d\u2019Afrique en titre faisait d\u00e9j\u00e0 partie de l\u2019\u00e9quipe victorieuse en 2025 et avait \u00e9t\u00e9 \u00e9lu meilleur gardien de la comp\u00e9tition. Ag\u00e9 de 34 ans, Mendy enrichit encore son palmar\u00e8s, devenant le seul footballeur s\u00e9n\u00e9galais \u00e0 avoir remport\u00e9 des titres continentaux majeurs sur trois continents.<\/p>\n\n\n\n<p>Il est \u00e9galement vainqueur de la Ligue des Champions d\u2019Europe avec Chelsea Fc en 2021, ainsi que de la Coupe d\u2019Afrique des nations avec le S\u00e9n\u00e9gal (2021 et 2025).<\/p>\n\n\n\n<p>Ancien gardien du Stade de Reims et du Stade Rennais Fc, il a \u00e9t\u00e9 \u00e9lu meilleur gardien dans toutes les comp\u00e9titions qu\u2019il a remport\u00e9es. Il a notamment \u00e9t\u00e9 sacr\u00e9 meilleur gardien de la Ligue des Champions 2021, de la Can 2021, ainsi que lors des The Best Fifa Football Awards 2022.<\/p>\n\n\n\n<p>Un autre S\u00e9n\u00e9galais a \u00e9galement brill\u00e9 durant le week-end. Auteur d\u2019une excellente saison, le milieu de terrain de l\u2019As Monaco, Lamine Camara, continue de multiplier les bonnes performances. Sur la pelouse de Toulouse, le champion d\u2019Afrique a inscrit son premier but de la saison.<\/p>\n\n\n\n<p>Servi \u00e0 la 18e minute, \u00e0 l\u2019entr\u00e9e de la surface, alors que Monaco menait 1-0, le joueur form\u00e9 \u00e0 l\u2019Acad\u00e9mie G\u00e9n\u00e9ration Foot a arm\u00e9 une frappe du plat du pied des 20 m\u00e8tres. Le ballon, parfaitement fouett\u00e9, a fil\u00e9 en pleine lucarne. Un chef-d\u2019\u0153uvre pour le joueur de 22 ans, qui confirme son statut de sp\u00e9cialiste des frappes lointaines.<\/p>\n\n\n\n<p>Malheureusement, malgr\u00e9 une avance de deux buts \u00e0 la pause, les Mon\u00e9gasques vont conc\u00e9der le nul (2-2). Apr\u00e8s deux contre-performances en Ligue 1 face au Paris Fc et Auxerre, le club de la Prin\u00adcipaut\u00e9 devra renouer avec le succ\u00e8s pour entretenir ses es\u00adpoirs de Ligue des Cham\u00adpions.<\/p>\n\n\n\n<p>En Allemagne, Nicolas Jackson a inscrit son dixi\u00e8me but de la saison pour quatre passes d\u00e9cisives en vingt-neuf rencontres officielles. De bonnes performances pour sa premi\u00e8re saison en Bundesliga. Malheureusement, cela n\u2019aura pas suffi \u00e0 convaincre les dirigeants du Bayern Munich, qui ont d\u00e9cid\u00e9 de ne pas lever l\u2019option d\u2019achat. Du coup, Nicolas Jackson devra retourner \u00e0 Chelsea \u00e0 l\u2019issue de la saison.<\/p>\n\n\n\n<p>Malgr\u00e9 un investissement initial de seize millions d\u2019euros pour son pr\u00eat, le club bavarois refuse de d\u00e9bourser les 65 millions d\u2019euros n\u00e9cessaires \u00e0 son transfert d\u00e9finitif. Le Directeur sportif Max Eberl a confirm\u00e9 sur la cha\u00eene Zdf qu\u2019un nouveau pr\u00eat n\u2019\u00e9tait pas non plus envisag\u00e9 pour l\u2019attaquant s\u00e9n\u00e9galais. Cette d\u00e9cision marque la fin d\u2019une collaboration d\u2019un an durant laquelle le joueur de 24 ans devait pallier l\u2019absence de Harry Kane.<\/p>\n\n\n\n<p>En Italie, Como a pu compter sur le jeune international s\u00e9n\u00e9galais Assane Diao. Titulaire sur l\u2019aile droite, il a fait le break pour les siens et permis \u00e0 son \u00e9quipe de l\u2019emporter sur la pelouse du Genoa dans le cadre de la 34e journ\u00e9e de Serie A. Une victoire qui leur permet de revenir dans la course pour une qualification en Ligue des Champions.<\/p>\n\n\n\n<p>Autant de bonnes nouvelles pour le s\u00e9lectionneur national Pape Thiaw, \u00e0 moins de deux mois du Mondial 2026.<\/p>\n\n\n\n<p><strong>wdiallo@lequotidien.sn<\/strong><\/p>\n","protected":false},"excerpt":{"rendered":"<p>A moins de deux mois du Mondial 2026 aux Etats-Unis, au Canada et au Mexique, les internationaux s\u00e9n\u00e9galais continuent de<\/p>\n","protected":false},"author":1,"featured_media":71466,"comment_status":"open","ping_status":"open","sticky":false,"template":"","format":"standard","meta":{"footnotes":""},"categories":[9],"tags":[],"class_list":["post-71465","post","type-post","status-publish","format-standard","has-post-thumbnail","hentry","category-sports"],"_links":{"self":[{"href":"https:\/\/dekkbi.com\/index.php?rest_route=\/wp\/v2\/posts\/71465","targetHints":{"allow":["GET"]}}],"collection":[{"href":"https:\/\/dekkbi.com\/index.php?rest_route=\/wp\/v2\/posts"}],"about":[{"href":"https:\/\/dekkbi.com\/index.php?rest_route=\/wp\/v2\/types\/post"}],"author":[{"embeddable":true,"href":"https:\/\/dekkbi.com\/index.php?rest_route=\/wp\/v2\/users\/1"}],"replies":[{"embeddable":true,"href":"https:\/\/dekkbi.com\/index.php?rest_route=%2Fwp%2Fv2%2Fcomments&post=71465"}],"version-history":[{"count":1,"href":"https:\/\/dekkbi.com\/index.php?rest_route=\/wp\/v2\/posts\/71465\/revisions"}],"predecessor-version":[{"id":71467,"href":"https:\/\/dekkbi.com\/index.php?rest_route=\/wp\/v2\/posts\/71465\/revisions\/71467"}],"wp:featuredmedia":[{"embeddable":true,"href":"https:\/\/dekkbi.com\/index.php?rest_route=\/wp\/v2\/media\/71466"}],"wp:attachment":[{"href":"https:\/\/dekkbi.com\/index.php?rest_route=%2Fwp%2Fv2%2Fmedia&parent=71465"}],"wp:term":[{"taxonomy":"category","embeddable":true,"href":"https:\/\/dekkbi.com\/index.php?rest_route=%2Fwp%2Fv2%2Fcategories&post=71465"},{"taxonomy":"post_tag","embeddable":true,"href":"https:\/\/dekkbi.com\/index.php?rest_route=%2Fwp%2Fv2%2Ftags&post=71465"}],"curies":[{"name":"wp","href":"https:\/\/api.w.org\/{rel}","templated":true}]}}