{"id":71462,"date":"2026-04-27T11:17:08","date_gmt":"2026-04-27T11:17:08","guid":{"rendered":"https:\/\/dekkbi.com\/?p=71462"},"modified":"2026-04-27T11:17:09","modified_gmt":"2026-04-27T11:17:09","slug":"mariage-lamine-camara-celebre-une-union-discrete-a-dakar","status":"publish","type":"post","link":"https:\/\/dekkbi.com\/?p=71462","title":{"rendered":"Mariage : Lamine Camara c\u00e9l\u00e8bre une union discr\u00e8te \u00e0 Dakar"},"content":{"rendered":"\n<p>R\u00e9dig\u00e9 par leral.net le Lundi 27 Avril 2026 \u00e0 10:51 | |&nbsp;<a href=\"https:\/\/www.leral.net\/Mariage-Lamine-Camara-celebre-une-union-discrete-a-Dakar_a398224.html?com#comments\">0<\/a>&nbsp;commentaire(s)|<\/p>\n\n\n\n<h3 class=\"wp-block-heading\">L\u2019international s\u00e9n\u00e9galais Lamine Camara a c\u00e9l\u00e9br\u00e9 son mariage ce dimanche \u00e0 Sacr\u00e9-C\u0153ur, dans une c\u00e9r\u00e9monie marqu\u00e9e par la discr\u00e9tion, mais largement relay\u00e9e sur les r\u00e9seaux sociaux.<\/h3>\n\n\n\n<p>Le milieu de terrain des Lions de la T\u00e9ranga, Lamine Camara, a franchi une \u00e9tape importante de sa vie personnelle en c\u00e9l\u00e9brant son mariage ce dimanche \u00e0 Sacr\u00e9-C\u0153ur, \u00e0 Dakar.<\/p>\n\n\n\n<p>Organis\u00e9e dans la plus grande discr\u00e9tion, la c\u00e9r\u00e9monie n\u2019a pas emp\u00each\u00e9 l\u2019\u00e9v\u00e9nement de susciter un vif int\u00e9r\u00eat sur les r\u00e9seaux sociaux. Images et vid\u00e9os de la c\u00e9l\u00e9bration ont rapidement circul\u00e9, attirant l\u2019attention des fans et du grand public.<\/p>\n\n\n\n<p>Form\u00e9 \u00e0 G\u00e9n\u00e9ration Foot et \u00e9voluant aujourd\u2019hui sous les couleurs de AS Monaco, le jeune international s\u00e9n\u00e9galais poursuit ainsi son ascension, tant sur le plan professionnel que personnel.<\/p>\n\n\n\n<p>Si peu d\u2019informations ont filtr\u00e9 sur l\u2019identit\u00e9 de son \u00e9pouse, plusieurs sources \u00e9voquent une c\u00e9r\u00e9monie sobre et \u00e9l\u00e9gante, \u00e0 l\u2019image du joueur, reconnu pour sa discr\u00e9tion en dehors des terrains.<\/p>\n\n\n\n<p>Ce mariage intervient dans une p\u00e9riode particuli\u00e8rement favorable pour Lamine Camara, devenu en peu de temps un \u00e9l\u00e9ment cl\u00e9 de la s\u00e9lection nationale. Entre performances sportives et stabilit\u00e9 personnelle, le milieu de terrain semble aborder une nouvelle phase de sa carri\u00e8re avec s\u00e9r\u00e9nit\u00e9.<\/p>\n\n\n\n<figure class=\"wp-block-image\"><a href=\"http:\/\/www.facebook.com\/share.php?u=https%3A%2F%2Fwww.leral.net%2FMariage-Lamine-Camara-celebre-une-union-discrete-a-Dakar_a398224.html\" target=\"_blank\" rel=\"noreferrer noopener\"><img decoding=\"async\" src=\"https:\/\/www.leral.net\/_images\/addto\/facebook.png?v=1732287175\" alt=\"Facebook\" title=\"Facebook\"\/><\/a><\/figure>\n","protected":false},"excerpt":{"rendered":"<p>R\u00e9dig\u00e9 par leral.net le Lundi 27 Avril 2026 \u00e0 10:51 | |&nbsp;0&nbsp;commentaire(s)| L\u2019international s\u00e9n\u00e9galais Lamine Camara a c\u00e9l\u00e9br\u00e9 son mariage<\/p>\n","protected":false},"author":1,"featured_media":71463,"comment_status":"open","ping_status":"open","sticky":false,"template":"","format":"standard","meta":{"footnotes":""},"categories":[26],"tags":[],"class_list":["post-71462","post","type-post","status-publish","format-standard","has-post-thumbnail","hentry","category-fait-divers"],"_links":{"self":[{"href":"https:\/\/dekkbi.com\/index.php?rest_route=\/wp\/v2\/posts\/71462","targetHints":{"allow":["GET"]}}],"collection":[{"href":"https:\/\/dekkbi.com\/index.php?rest_route=\/wp\/v2\/posts"}],"about":[{"href":"https:\/\/dekkbi.com\/index.php?rest_route=\/wp\/v2\/types\/post"}],"author":[{"embeddable":true,"href":"https:\/\/dekkbi.com\/index.php?rest_route=\/wp\/v2\/users\/1"}],"replies":[{"embeddable":true,"href":"https:\/\/dekkbi.com\/index.php?rest_route=%2Fwp%2Fv2%2Fcomments&post=71462"}],"version-history":[{"count":1,"href":"https:\/\/dekkbi.com\/index.php?rest_route=\/wp\/v2\/posts\/71462\/revisions"}],"predecessor-version":[{"id":71464,"href":"https:\/\/dekkbi.com\/index.php?rest_route=\/wp\/v2\/posts\/71462\/revisions\/71464"}],"wp:featuredmedia":[{"embeddable":true,"href":"https:\/\/dekkbi.com\/index.php?rest_route=\/wp\/v2\/media\/71463"}],"wp:attachment":[{"href":"https:\/\/dekkbi.com\/index.php?rest_route=%2Fwp%2Fv2%2Fmedia&parent=71462"}],"wp:term":[{"taxonomy":"category","embeddable":true,"href":"https:\/\/dekkbi.com\/index.php?rest_route=%2Fwp%2Fv2%2Fcategories&post=71462"},{"taxonomy":"post_tag","embeddable":true,"href":"https:\/\/dekkbi.com\/index.php?rest_route=%2Fwp%2Fv2%2Ftags&post=71462"}],"curies":[{"name":"wp","href":"https:\/\/api.w.org\/{rel}","templated":true}]}}