{"id":71456,"date":"2026-04-27T10:45:23","date_gmt":"2026-04-27T10:45:23","guid":{"rendered":"https:\/\/dekkbi.com\/?p=71456"},"modified":"2026-04-27T10:45:24","modified_gmt":"2026-04-27T10:45:24","slug":"revolution-agricole-integree-sonko-trace-la-voie","status":"publish","type":"post","link":"https:\/\/dekkbi.com\/?p=71456","title":{"rendered":"R\u00e9volution agricole int\u00e9gr\u00e9e: Sonko trace la voie"},"content":{"rendered":"\n<p><strong>En cl\u00f4turant la Foire internationale de l\u2019agriculture et des ressources animales (FIARA), le Premier ministre Ousmane Sonko a d\u00e9voil\u00e9 les contours d\u2019une politique agricole de rupture. Objectif : structurer une \u00e9conomie endog\u00e8ne, r\u00e9duire la d\u00e9pendance alimentaire et acc\u00e9l\u00e9rer l\u2019industrialisation des fili\u00e8res locales.<\/strong><\/p>\n\n\n\n<p>La cl\u00f4ture de la Foire internationale de l\u2019agriculture et des ressources animales a servi de tribune au Premier ministre Ousmane Sonko pour r\u00e9affirmer le r\u00f4le central de l\u2019agriculture dans la transformation \u00e9conomique du S\u00e9n\u00e9gal. Dans un discours offensif, le chef du gouvernement a dress\u00e9 un diagnostic sans concession des politiques ant\u00e9rieures, \u00e9voquant des \u00ab rat\u00e9s et t\u00e2tonnements \u00bb qui ont frein\u00e9 l\u2019\u00e9mergence d\u2019un mod\u00e8le agricole performant. En r\u00e9ponse, l\u2019ex\u00e9cutif entend d\u00e9ployer une politique agricole globale, int\u00e9grant pleinement l\u2019\u00e9levage et la p\u00eache dans une approche syst\u00e9mique. Cette vision vise \u00e0 b\u00e2tir une \u00e9conomie endog\u00e8ne robuste, capable de r\u00e9duire significativement la d\u00e9pendance du pays aux importations alimentaires et de renforcer sa r\u00e9silience face aux chocs ext\u00e9rieurs.<\/p>\n\n\n\n<p>Mais au-del\u00e0 de la production, le gouvernement mise sur une transformation structurelle des cha\u00eenes de valeur. L\u2019acc\u00e8s au foncier, le financement des exploitations et, surtout, le d\u00e9veloppement d\u2019une industrie de transformation apparaissent comme les leviers cl\u00e9s de cette strat\u00e9gie. \u00c0 cet \u00e9gard, les fili\u00e8res d\u00e9riv\u00e9es \u2013 notamment le textile et le cuir \u2013 sont appel\u00e9es \u00e0 jouer un r\u00f4le moteur dans la redynamisation du secteur secondaire, en captant davantage de valeur ajout\u00e9e localement.<\/p>\n\n\n\n<p>Dans le m\u00eame temps, l\u2019\u00c9tat entend s\u00e9curiser les d\u00e9bouch\u00e9s des producteurs \u00e0 travers un recours accru \u00e0 la commande publique. Le Premier ministre a ainsi annonc\u00e9 l\u2019instauration d\u2019une pr\u00e9f\u00e9rence nationale dans l\u2019approvisionnement des institutions publiques \u2013 casernes, \u00e9coles et universit\u00e9s \u2013 avec une priorit\u00e9 donn\u00e9e au riz local. Cette mesure vise \u00e0 stabiliser les revenus agricoles, structurer les march\u00e9s et encourager la production nationale.<\/p>\n\n\n\n<p>\u00c0 travers ces orientations, le gouvernement s\u00e9n\u00e9galais esquisse une inflexion strat\u00e9gique majeure, pla\u00e7ant la souverainet\u00e9 alimentaire et l\u2019industrialisation au c\u0153ur de son agenda \u00e9conomique. Reste d\u00e9sormais \u00e0 traduire ces ambitions en actions concr\u00e8tes, condition d\u00e9terminante pour transformer durablement le secteur agricole en v\u00e9ritable moteur de croissance et d\u2019emplois.<\/p>\n\n\n\n<p><strong>JEAN PIERRE MALOU<\/strong><\/p>\n","protected":false},"excerpt":{"rendered":"<p>En cl\u00f4turant la Foire internationale de l\u2019agriculture et des ressources animales (FIARA), le Premier ministre Ousmane Sonko a d\u00e9voil\u00e9 les<\/p>\n","protected":false},"author":1,"featured_media":71457,"comment_status":"open","ping_status":"open","sticky":false,"template":"","format":"standard","meta":{"footnotes":""},"categories":[6],"tags":[],"class_list":["post-71456","post","type-post","status-publish","format-standard","has-post-thumbnail","hentry","category-politics"],"_links":{"self":[{"href":"https:\/\/dekkbi.com\/index.php?rest_route=\/wp\/v2\/posts\/71456","targetHints":{"allow":["GET"]}}],"collection":[{"href":"https:\/\/dekkbi.com\/index.php?rest_route=\/wp\/v2\/posts"}],"about":[{"href":"https:\/\/dekkbi.com\/index.php?rest_route=\/wp\/v2\/types\/post"}],"author":[{"embeddable":true,"href":"https:\/\/dekkbi.com\/index.php?rest_route=\/wp\/v2\/users\/1"}],"replies":[{"embeddable":true,"href":"https:\/\/dekkbi.com\/index.php?rest_route=%2Fwp%2Fv2%2Fcomments&post=71456"}],"version-history":[{"count":1,"href":"https:\/\/dekkbi.com\/index.php?rest_route=\/wp\/v2\/posts\/71456\/revisions"}],"predecessor-version":[{"id":71458,"href":"https:\/\/dekkbi.com\/index.php?rest_route=\/wp\/v2\/posts\/71456\/revisions\/71458"}],"wp:featuredmedia":[{"embeddable":true,"href":"https:\/\/dekkbi.com\/index.php?rest_route=\/wp\/v2\/media\/71457"}],"wp:attachment":[{"href":"https:\/\/dekkbi.com\/index.php?rest_route=%2Fwp%2Fv2%2Fmedia&parent=71456"}],"wp:term":[{"taxonomy":"category","embeddable":true,"href":"https:\/\/dekkbi.com\/index.php?rest_route=%2Fwp%2Fv2%2Fcategories&post=71456"},{"taxonomy":"post_tag","embeddable":true,"href":"https:\/\/dekkbi.com\/index.php?rest_route=%2Fwp%2Fv2%2Ftags&post=71456"}],"curies":[{"name":"wp","href":"https:\/\/api.w.org\/{rel}","templated":true}]}}