{"id":71453,"date":"2026-04-27T10:41:42","date_gmt":"2026-04-27T10:41:42","guid":{"rendered":"https:\/\/dekkbi.com\/?p=71453"},"modified":"2026-04-27T10:41:43","modified_gmt":"2026-04-27T10:41:43","slug":"mali-sadio-camara-le-ministre-de-la-defense-tue-dans-les-attaques-de-samedi","status":"publish","type":"post","link":"https:\/\/dekkbi.com\/?p=71453","title":{"rendered":"Mali : Sadio Camara, le ministre de la D\u00e9fense, tu\u00e9 dans les attaques de samedi"},"content":{"rendered":"\n<p>(APS) \u2013 Sadio Camara, le ministre malien de D\u00e9fense, est mort dans l\u2019attaque samedi de sa r\u00e9sidence pr\u00e8s de Bamako, la capitale, a-t-on appris de sources concordantes.<\/p>\n\n\n\n<p>Le d\u00e9c\u00e8s du ministre de la D\u00e9fense de la R\u00e9publique du Mali a \u00e9t\u00e9 confirm\u00e9 \u00e0 l\u2019Agence France Presse par sa famille et une source gouvernementale.<\/p>\n\n\n\n<p>Le domicile du d\u00e9funt fait partie des \u00e9difices vis\u00e9s \u00e0 Kati, pr\u00e8s de Bamako, samedi, t\u00f4t le matin, par les groupes arm\u00e9s dans la s\u00e9rie d\u2019attaques ayant cibl\u00e9 plusieurs localit\u00e9s et garnisons militaires du pays.<\/p>\n\n\n\n<p>Les combats ont repris dimanche \u00e0 Kidal, la grande ville du nord avant de s\u2019\u00e9tendre de nouveau \u00e0 Kati, le c\u0153ur de la junte au pouvoir, au lendemain du lancement de offensive arm\u00e9e vraisemblablement coordonn\u00e9e de diff\u00e9rents groupes arm\u00e9s sur diverses localit\u00e9s du pays et diff\u00e9rentes positions des FAMA, les forces arm\u00e9es maliennes.<\/p>\n\n\n\n<p>\u2018\u2019Les combats ont repris dimanche dans la ville de Kidal, dans le nord du Mali, entre la r\u00e9bellion touareg appuy\u00e9e par les jihadistes du Jnim contre l\u2019arm\u00e9e malienne soutenue par des combattants russes\u2019\u2019, a indiqu\u00e9 l\u2019Agence France Presse.<\/p>\n\n\n\n<p>Les combats restent concentr\u00e9s sur cette partie du pays au lendemain d\u2019attaques coordonn\u00e9es men\u00e9es par les insurg\u00e9s touareg et jihadistes dans plusieurs localit\u00e9s contre des positions de l\u2019arm\u00e9e.<\/p>\n\n\n\n<p>Samedi, dans la soir\u00e9e, le gouvernement de la Transition malienne assurait que la situation \u00e9tait \u2018\u2019totalement sous contr\u00f4le\u2019\u2019 dans l\u2019ensemble des localit\u00e9s du pays cibles, t\u00f4t samedi, d\u2019attaques arm\u00e9es d\u2019ampleur ayant fait 16 bless\u00e9s du c\u00f4t\u00e9 des forces arm\u00e9es maliennes (FAMA) et des civils.<\/p>\n\n\n\n<p>\u2018\u2019A l\u2019heure actuelle, la situation est totalement sous contr\u00f4le dans l\u2019ensemble des localit\u00e9s concern\u00e9es\u2019\u2019, a indiqu\u00e9 le gouvernement malien dans un communiqu\u00e9.<\/p>\n\n\n\n<p>Les autorit\u00e9s maliennes ont ainsi confirm\u00e9 que des groupes arm\u00e9s avaient men\u00e9 le samedi 25 avril 2026, des \u2018\u2019attaques complexes et coordonn\u00e9es\u2019\u2019 visant certaines villes du pays, notamment les villes garnisons de Kati, S\u00e9var\u00e9, Gao, Kidal et Bamako.<\/p>\n\n\n\n<p>\u2018\u2019Ces actes terroristes ont malheureusement fait 16 bless\u00e9s, dont des civils et des militaires pris en charge par les structures m\u00e9dicales, des d\u00e9g\u00e2ts mat\u00e9riels limit\u00e9s\u2019\u2019, fait savoir le gouvernement malien, assurant que \u2018\u2019ces offensives ont \u00e9t\u00e9 ma\u00eetris\u00e9es\u2019\u2019.<\/p>\n\n\n\n<p>La junte au pouvoir a soutenu en m\u00eame temps que \u2018\u2019plusieurs assaillants ont \u00e9t\u00e9 neutralis\u00e9s et le dessein funeste des groupes arm\u00e9s terroristes a \u00e9t\u00e9 mis en \u00e9chec\u2019\u2019.<\/p>\n\n\n\n<p>\u2018\u2019Le Gouvernement r\u00e9affirme sa confiance aux forces arm\u00e9es et de s\u00e9curit\u00e9 malienne, qui demeurent pleinement engag\u00e9es dans leur mission de d\u00e9fense de l\u2019int\u00e9grit\u00e9 territoriale et de restauration de la paix, de la s\u00e9curit\u00e9 et de la qui\u00e9tude sur l\u2019ensemble du territoire national\u2019\u2019, lit-on dans le communiqu\u00e9.<\/p>\n\n\n\n<p>Quelques heures apr\u00e8s le d\u00e9but des attaques, l\u2019arm\u00e9e malienne affirmait d\u00e9j\u00e0 avoir le contr\u00f4le de la situation alors que Bamako, la capitale et d\u2019autres localit\u00e9s faisaient encore l\u2019objet depuis l\u2019aube d\u2019attaques arm\u00e9es d\u2019ampleur vraisemblablement coordonn\u00e9es.<\/p>\n\n\n\n<p>Dans un communiqu\u00e9 rendu public \u00e0 la mi-journ\u00e9e, l\u2019Etat-major g\u00e9n\u00e9ral des arm\u00e9es malienne faisait savoir que les op\u00e9rations de ratissage continuaient, assurant que la situation est sous contr\u00f4le.<\/p>\n\n\n\n<p>Il rapportait que les groupes arm\u00e9s ayant attaqu\u00e9 certaines parties du pays avaient \u2018\u2019imm\u00e9diatement essuy\u00e9 de violents revers gr\u00e2ce au professionnalisme et \u00e0 l\u2019engagement des FAMA (forces arm\u00e9es maliennes)\u2019\u2019.<\/p>\n\n\n\n<p>\u2018\u2019Plusieurs terroristes ont \u00e9t\u00e9 neutralis\u00e9s et des \u00e9quipements (ont \u00e9t\u00e9) d\u00e9truits\u2019\u2019, d\u00e9clare l\u2019\u00e9tat-major de l\u2019arm\u00e9e malienne qui appelle les Maliens \u00e0 garder leur calme, \u00e0 faire preuve de discernement tout en \u00e9vitant de relayer des vid\u00e9os et message visant \u00e0 alimenter l\u2019inqui\u00e9tude g\u00e9n\u00e9rale.<\/p>\n\n\n\n<p>Des combats ont \u00e9clat\u00e9 t\u00f4t le matin \u00e0 la p\u00e9riph\u00e9rie de Bamako et dans d\u2019autres localit\u00e9s du Mali et se poursuivaient encore, l\u2019arm\u00e9e malienne tentant de repousser des attaques coordonn\u00e9es d\u2019ampleur de groupes arm\u00e9es.<\/p>\n\n\n\n<p>\u2018\u2019Des combats sont en cours depuis t\u00f4t samedi \u00e0 la p\u00e9riph\u00e9rie de la capitale malienne Bamako et dans plusieurs localit\u00e9s dans l\u2019int\u00e9rieur du pays entre militaires et groupes arm\u00e9s ayant men\u00e9 plusieurs attaques coordonn\u00e9es notamment des casernes\u201d, avait un peu plus t\u00f4t indiqu\u00e9 l\u2019Agence France Presse, citant un communiqu\u00e9 de l\u2019arm\u00e9e malienne.<\/p>\n\n\n\n<p>Des tirs tr\u00e8s intenses \u00e9taient aussi entendus dans la ville voisine de Bamako, Kati, qui abrite la r\u00e9sidence du chef de la junte, assure l\u2019AFP qui fait \u00e9tat d\u2019une situation incertaine \u00e0 Kidal, la grande ville du nord dont les rebelles touareg maliens du Front de Lib\u00e9ration de l\u2019Azawad (FLA) revendiquent le contr\u00f4le samedi.<\/p>\n","protected":false},"excerpt":{"rendered":"<p>(APS) \u2013 Sadio Camara, le ministre malien de D\u00e9fense, est mort dans l\u2019attaque samedi de sa r\u00e9sidence pr\u00e8s de Bamako,<\/p>\n","protected":false},"author":1,"featured_media":71454,"comment_status":"open","ping_status":"open","sticky":false,"template":"","format":"standard","meta":{"footnotes":""},"categories":[51],"tags":[],"class_list":["post-71453","post","type-post","status-publish","format-standard","has-post-thumbnail","hentry","category-general"],"_links":{"self":[{"href":"https:\/\/dekkbi.com\/index.php?rest_route=\/wp\/v2\/posts\/71453","targetHints":{"allow":["GET"]}}],"collection":[{"href":"https:\/\/dekkbi.com\/index.php?rest_route=\/wp\/v2\/posts"}],"about":[{"href":"https:\/\/dekkbi.com\/index.php?rest_route=\/wp\/v2\/types\/post"}],"author":[{"embeddable":true,"href":"https:\/\/dekkbi.com\/index.php?rest_route=\/wp\/v2\/users\/1"}],"replies":[{"embeddable":true,"href":"https:\/\/dekkbi.com\/index.php?rest_route=%2Fwp%2Fv2%2Fcomments&post=71453"}],"version-history":[{"count":1,"href":"https:\/\/dekkbi.com\/index.php?rest_route=\/wp\/v2\/posts\/71453\/revisions"}],"predecessor-version":[{"id":71455,"href":"https:\/\/dekkbi.com\/index.php?rest_route=\/wp\/v2\/posts\/71453\/revisions\/71455"}],"wp:featuredmedia":[{"embeddable":true,"href":"https:\/\/dekkbi.com\/index.php?rest_route=\/wp\/v2\/media\/71454"}],"wp:attachment":[{"href":"https:\/\/dekkbi.com\/index.php?rest_route=%2Fwp%2Fv2%2Fmedia&parent=71453"}],"wp:term":[{"taxonomy":"category","embeddable":true,"href":"https:\/\/dekkbi.com\/index.php?rest_route=%2Fwp%2Fv2%2Fcategories&post=71453"},{"taxonomy":"post_tag","embeddable":true,"href":"https:\/\/dekkbi.com\/index.php?rest_route=%2Fwp%2Fv2%2Ftags&post=71453"}],"curies":[{"name":"wp","href":"https:\/\/api.w.org\/{rel}","templated":true}]}}